{"id":23573,"date":"2012-09-10T11:09:16","date_gmt":"2012-09-10T14:09:16","guid":{"rendered":"http:\/\/www.eltrabajo.cl\/portal\/?p=23573"},"modified":"2012-09-10T11:09:16","modified_gmt":"2012-09-10T14:09:16","slug":"ministro-de-justicia-informa-sobre-prevencion-de-abuso-sexual-infantil-en-la-john-kennedy","status":"publish","type":"post","link":"https:\/\/eltrabajo.cl\/portal\/ministro-de-justicia-informa-sobre-prevencion-de-abuso-sexual-infantil-en-la-john-kennedy\/","title":{"rendered":"Ministro de Justicia informa sobre prevenci\u00f3n de abuso sexual infantil en la John Kennedy"},"content":{"rendered":"<figure id=\"attachment_23574\" aria-describedby=\"caption-attachment-23574\" style=\"width: 529px\" class=\"wp-caption alignnone\"><a href=\"http:\/\/www.eltrabajo.cl\/portal\/2012\/09\/ministro-de-justicia-informa-sobre-prevencion-de-abuso-sexual-infantil-en-la-john-kennedy\/abusos1\/\" rel=\"attachment wp-att-23574\"><img data-recalc-dims=\"1\" loading=\"lazy\" decoding=\"async\" class=\"size-full wp-image-23574\" title=\"abusos1\" src=\"https:\/\/i0.wp.com\/www.eltrabajo.cl\/portal\/wp-content\/uploads\/2012\/09\/abusos1.jpg?resize=529%2C324\" alt=\"\" width=\"529\" height=\"324\" srcset=\"https:\/\/i0.wp.com\/eltrabajo.cl\/portal\/wp-content\/uploads\/2012\/09\/abusos1.jpg?w=529&amp;ssl=1 529w, https:\/\/i0.wp.com\/eltrabajo.cl\/portal\/wp-content\/uploads\/2012\/09\/abusos1.jpg?resize=200%2C122&amp;ssl=1 200w, https:\/\/i0.wp.com\/eltrabajo.cl\/portal\/wp-content\/uploads\/2012\/09\/abusos1.jpg?resize=300%2C183&amp;ssl=1 300w, https:\/\/i0.wp.com\/eltrabajo.cl\/portal\/wp-content\/uploads\/2012\/09\/abusos1.jpg?resize=150%2C91&amp;ssl=1 150w, https:\/\/i0.wp.com\/eltrabajo.cl\/portal\/wp-content\/uploads\/2012\/09\/abusos1.jpg?resize=400%2C244&amp;ssl=1 400w\" sizes=\"auto, (max-width: 529px) 100vw, 529px\" \/><\/a><figcaption id=\"caption-attachment-23574\" class=\"wp-caption-text\">El Ministro Teodoro Ribera, se reuni\u00f3 con m\u00e1s de 50 padres y apoderados de la Escuela John Kennedy de la provincia, para alertar sobre el abuso sexual infantil.<\/figcaption><\/figure>\n<p>El Ministro de Justicia, Teodoro Ribera, junto a la Seremi de Educaci\u00f3n de la Regi\u00f3n de Valpara\u00edso, Patricia Colarte, se reunieron con m\u00e1s de 50 padres y apoderados de la Escuela John Kennedy de la provincia, para realizar una charla informativa sobre la prevenci\u00f3n del abuso sexual infantil y entregar una gu\u00eda educativa elaborada por el Ministerio de Justicia, que ayuda a identificar con mayor precisi\u00f3n cual es el perfil del abusador.<\/p>\n<p>Las autoridades explicaron que este a\u00f1o a la fecha, han ingresado al Servicio Nacional de Menores 4.147 casos de v\u00edctimas de abuso sexual a nivel nacional y s\u00f3lo en la Regi\u00f3n de Valpara\u00edso a julio de 2012, ya van 532 denuncias.<\/p>\n<p>\u201cPrevenir el abuso sexual contra ni\u00f1os y ni\u00f1as es una tarea de todos. El Gobierno tiene que difundir pol\u00edticas de prevenci\u00f3n pero aqu\u00ed no hay mejor prevenci\u00f3n que cuando los pap\u00e1s y mam\u00e1s tienen los ojos m\u00e1s abiertos lo que efectivamente resguarda a los ni\u00f1os mejor. (&#8230;) Yo les digo, aqu\u00ed no hay mejor prevenci\u00f3n que cuando los padres, los profesores y todos quienes rodeamos a los ni\u00f1os abrimos a los ojos y estamos dispuestos a conversar el tema\u00bb, se\u00f1al\u00f3 Ribera.<\/p>\n<p><strong>\u00a0<\/strong><strong>TRABAJO DE TODOS<\/strong><\/p>\n<p>Respecto a las acciones que el Gobierno est\u00e1 ejecutando para intentar frenar las denuncias por abuso sexual contra menores, el Secretario de Estado recalc\u00f3 que el compromiso debe ser mancomunado entre las fuerzas de la sociedad tanto en el \u00e1mbito de la sociedad como en los diversos Poderes del Estado.<\/p>\n<p>\u201cEl abuso sexual en Chile es un tema que nos conmueve profundamente, que nos causa un gran dolor. Hay m\u00e1s de 5.000 ni\u00f1os que se ven enfrentados a esta situaci\u00f3n y nuestro compromiso es hacer todos los esfuerzos por disminuir la cifra, tener a los culpables y prevenir mejor a la poblaci\u00f3n\u00bb, sostuvo Ribera.<\/p>\n<p>Finalmente, el Ministro llam\u00f3 a los padres a denunciar y creer en el Derecho de los ni\u00f1os para que puedan crecer en un ambiente sano, con el deber de ellos y del Estado de protegerlos cada vez que se sientan vulnerados.<\/p>\n<p>&nbsp;<\/p>\n","protected":false},"excerpt":{"rendered":"<p>El Ministro de Justicia, Teodoro Ribera, junto a la Seremi de Educaci\u00f3n de la Regi\u00f3n de Valpara\u00edso, Patricia Colarte, se reunieron con m\u00e1s de 50 padres y apoderados de la Escuela John&#8230;<\/p>\n","protected":false},"author":482,"featured_media":23574,"comment_status":"open","ping_status":"closed","sticky":false,"template":"","format":"standard","meta":{"advanced_seo_description":"","jetpack_seo_html_title":"","jetpack_seo_noindex":false,"_jetpack_memberships_contains_paid_content":false,"footnotes":""},"categories":[1],"tags":[],"class_list":["post-23573","post","type-post","status-publish","format-standard","has-post-thumbnail","hentry","category-cronica"],"jetpack_featured_media_url":"https:\/\/i0.wp.com\/eltrabajo.cl\/portal\/wp-content\/uploads\/2012\/09\/abusos1.jpg?fit=529%2C324&ssl=1","jetpack_sharing_enabled":true,"jetpack_likes_enabled":true,"jetpack-related-posts":[],"_links":{"self":[{"href":"https:\/\/eltrabajo.cl\/portal\/wp-json\/wp\/v2\/posts\/23573","targetHints":{"allow":["GET"]}}],"collection":[{"href":"https:\/\/eltrabajo.cl\/portal\/wp-json\/wp\/v2\/posts"}],"about":[{"href":"https:\/\/eltrabajo.cl\/portal\/wp-json\/wp\/v2\/types\/post"}],"author":[{"embeddable":true,"href":"https:\/\/eltrabajo.cl\/portal\/wp-json\/wp\/v2\/users\/482"}],"replies":[{"embeddable":true,"href":"https:\/\/eltrabajo.cl\/portal\/wp-json\/wp\/v2\/comments?post=23573"}],"version-history":[{"count":0,"href":"https:\/\/eltrabajo.cl\/portal\/wp-json\/wp\/v2\/posts\/23573\/revisions"}],"wp:featuredmedia":[{"embeddable":true,"href":"https:\/\/eltrabajo.cl\/portal\/wp-json\/wp\/v2\/media\/23574"}],"wp:attachment":[{"href":"https:\/\/eltrabajo.cl\/portal\/wp-json\/wp\/v2\/media?parent=23573"}],"wp:term":[{"taxonomy":"category","embeddable":true,"href":"https:\/\/eltrabajo.cl\/portal\/wp-json\/wp\/v2\/categories?post=23573"},{"taxonomy":"post_tag","embeddable":true,"href":"https:\/\/eltrabajo.cl\/portal\/wp-json\/wp\/v2\/tags?post=23573"}],"curies":[{"name":"wp","href":"https:\/\/api.w.org\/{rel}","templated":true}]}}