{"id":23577,"date":"2012-09-10T11:10:28","date_gmt":"2012-09-10T14:10:28","guid":{"rendered":"http:\/\/www.eltrabajo.cl\/portal\/?p=23577"},"modified":"2012-09-10T11:10:28","modified_gmt":"2012-09-10T14:10:28","slug":"escuela-agricola-ya-tiene-a-sus-parejas-ganadoras-para-el-9o-inter-escolar-2012","status":"publish","type":"post","link":"https:\/\/eltrabajo.cl\/portal\/escuela-agricola-ya-tiene-a-sus-parejas-ganadoras-para-el-9o-inter-escolar-2012\/","title":{"rendered":"Escuela Agr\u00edcola ya tiene a sus parejas ganadoras para el 9\u00ba Inter-escolar 2012"},"content":{"rendered":"<figure id=\"attachment_23578\" aria-describedby=\"caption-attachment-23578\" style=\"width: 529px\" class=\"wp-caption alignnone\"><a href=\"http:\/\/www.eltrabajo.cl\/portal\/2012\/09\/escuela-agricola-ya-tiene-a-sus-parejas-ganadoras-para-el-9o-inter-escolar-2012\/ganadores1-2\/\" rel=\"attachment wp-att-23578\"><img data-recalc-dims=\"1\" loading=\"lazy\" decoding=\"async\" class=\"size-full wp-image-23578\" title=\"Las parejas que ganaron el Interno y participar\u00e1n en el Inter-escolar son: Myrla Casas y Bryan Albornoz que ganaron el 1er Lugar; Thania Saluaga y Ren\u00e9 Collante en 2\u00ba Lugar as\u00ed como Javiera Cataldo y Mart\u00edn Ibacache de terceros. \" src=\"https:\/\/i0.wp.com\/www.eltrabajo.cl\/portal\/wp-content\/uploads\/2012\/09\/ganadores1.jpg?resize=529%2C369\" alt=\"\" width=\"529\" height=\"369\" srcset=\"https:\/\/i0.wp.com\/eltrabajo.cl\/portal\/wp-content\/uploads\/2012\/09\/ganadores1.jpg?w=529&amp;ssl=1 529w, https:\/\/i0.wp.com\/eltrabajo.cl\/portal\/wp-content\/uploads\/2012\/09\/ganadores1.jpg?resize=200%2C139&amp;ssl=1 200w, https:\/\/i0.wp.com\/eltrabajo.cl\/portal\/wp-content\/uploads\/2012\/09\/ganadores1.jpg?resize=300%2C209&amp;ssl=1 300w, https:\/\/i0.wp.com\/eltrabajo.cl\/portal\/wp-content\/uploads\/2012\/09\/ganadores1.jpg?resize=150%2C104&amp;ssl=1 150w, https:\/\/i0.wp.com\/eltrabajo.cl\/portal\/wp-content\/uploads\/2012\/09\/ganadores1.jpg?resize=400%2C279&amp;ssl=1 400w\" sizes=\"auto, (max-width: 529px) 100vw, 529px\" \/><\/a><figcaption id=\"caption-attachment-23578\" class=\"wp-caption-text\">Las parejas que ganaron el Interno y participar\u00e1n en el Inter-escolar son: Myrla Casas y Bryan Albornoz que ganaron el 1er Lugar; Thania Saluaga y Ren\u00e9 Collante en 2\u00ba Lugar as\u00ed como Javiera Cataldo y Mart\u00edn Ibacache de terceros.<\/figcaption><\/figure>\n<p>La 9\u00aa Versi\u00f3n del Campeonato Inter-escolar de Cueca 2012 de San Felipe, ser\u00e1 este mi\u00e9rcoles a las 14:30 horas en la Escuela Agr\u00edcola, misma que el jueves realiz\u00f3 su campeonato interno, a fin de seleccionar a sus mejores tres parejas del folclore nacional.<\/p>\n<p>Son 18 los premios en el Inter-escolar del mi\u00e9rcoles 12 de septiembre, ser\u00e1n tambi\u00e9n tres categor\u00edas las premiadas: Serie A B\u00e1sico; B Media y Experto, ganar\u00e1n 50.000 pesos los primeros lugares; 40.000 pesos los segundos lugares y 30.000 los terceros lugares de cada categor\u00eda, as\u00ed como el respectivo status que con esos lugares pueden ostentar\u201d, agreg\u00f3 R\u00edos. Este jueves habr\u00e1 s\u00f3lo tres Jueces, mientras que para el Inter-escolar, ser\u00e1n cinco los jueces a cargo de la Mesa Calificadora.<\/p>\n<p>&nbsp;<\/p>\n","protected":false},"excerpt":{"rendered":"<p>La 9\u00aa Versi\u00f3n del Campeonato Inter-escolar de Cueca 2012 de San Felipe, ser\u00e1 este mi\u00e9rcoles a las 14:30 horas en la Escuela Agr\u00edcola, misma que el jueves realiz\u00f3 su campeonato interno, a&#8230;<\/p>\n","protected":false},"author":482,"featured_media":23578,"comment_status":"open","ping_status":"closed","sticky":false,"template":"","format":"standard","meta":{"advanced_seo_description":"","jetpack_seo_html_title":"","jetpack_seo_noindex":false,"_jetpack_memberships_contains_paid_content":false,"footnotes":""},"categories":[1],"tags":[],"class_list":["post-23577","post","type-post","status-publish","format-standard","has-post-thumbnail","hentry","category-cronica"],"jetpack_featured_media_url":"https:\/\/i0.wp.com\/eltrabajo.cl\/portal\/wp-content\/uploads\/2012\/09\/ganadores1.jpg?fit=529%2C369&ssl=1","jetpack_sharing_enabled":true,"jetpack_likes_enabled":true,"jetpack-related-posts":[],"_links":{"self":[{"href":"https:\/\/eltrabajo.cl\/portal\/wp-json\/wp\/v2\/posts\/23577","targetHints":{"allow":["GET"]}}],"collection":[{"href":"https:\/\/eltrabajo.cl\/portal\/wp-json\/wp\/v2\/posts"}],"about":[{"href":"https:\/\/eltrabajo.cl\/portal\/wp-json\/wp\/v2\/types\/post"}],"author":[{"embeddable":true,"href":"https:\/\/eltrabajo.cl\/portal\/wp-json\/wp\/v2\/users\/482"}],"replies":[{"embeddable":true,"href":"https:\/\/eltrabajo.cl\/portal\/wp-json\/wp\/v2\/comments?post=23577"}],"version-history":[{"count":0,"href":"https:\/\/eltrabajo.cl\/portal\/wp-json\/wp\/v2\/posts\/23577\/revisions"}],"wp:featuredmedia":[{"embeddable":true,"href":"https:\/\/eltrabajo.cl\/portal\/wp-json\/wp\/v2\/media\/23578"}],"wp:attachment":[{"href":"https:\/\/eltrabajo.cl\/portal\/wp-json\/wp\/v2\/media?parent=23577"}],"wp:term":[{"taxonomy":"category","embeddable":true,"href":"https:\/\/eltrabajo.cl\/portal\/wp-json\/wp\/v2\/categories?post=23577"},{"taxonomy":"post_tag","embeddable":true,"href":"https:\/\/eltrabajo.cl\/portal\/wp-json\/wp\/v2\/tags?post=23577"}],"curies":[{"name":"wp","href":"https:\/\/api.w.org\/{rel}","templated":true}]}}