{"id":23581,"date":"2012-09-10T11:11:59","date_gmt":"2012-09-10T14:11:59","guid":{"rendered":"http:\/\/www.eltrabajo.cl\/portal\/?p=23581"},"modified":"2012-09-10T11:11:59","modified_gmt":"2012-09-10T14:11:59","slug":"gestionan-restitucion-de-bono-de-asignacion-de-riesgo-eliminado-en-1973","status":"publish","type":"post","link":"https:\/\/eltrabajo.cl\/portal\/gestionan-restitucion-de-bono-de-asignacion-de-riesgo-eliminado-en-1973\/","title":{"rendered":"Gestionan restituci\u00f3n de Bono de Asignaci\u00f3n de Riesgo eliminado en 1973"},"content":{"rendered":"<figure id=\"attachment_23582\" aria-describedby=\"caption-attachment-23582\" style=\"width: 300px\" class=\"wp-caption alignleft\"><a href=\"http:\/\/www.eltrabajo.cl\/portal\/2012\/09\/gestionan-restitucion-de-bono-de-asignacion-de-riesgo-eliminado-en-1973\/hospital1-3\/\" rel=\"attachment wp-att-23582\"><img data-recalc-dims=\"1\" loading=\"lazy\" decoding=\"async\" class=\"size-medium wp-image-23582\" title=\"Autoridades buscan restituir el Bono de Asignaci\u00f3n de Riesgo para los funcionarios de la Salud que trabajen en hospitales psiqui\u00e1tricos, el cual fue eliminado el a\u00f1o 1973.\" src=\"https:\/\/i0.wp.com\/www.eltrabajo.cl\/portal\/wp-content\/uploads\/2012\/09\/hospital1-300x168.jpg?resize=300%2C168\" alt=\"\" width=\"300\" height=\"168\" srcset=\"https:\/\/i0.wp.com\/eltrabajo.cl\/portal\/wp-content\/uploads\/2012\/09\/hospital1.jpg?resize=300%2C168&amp;ssl=1 300w, https:\/\/i0.wp.com\/eltrabajo.cl\/portal\/wp-content\/uploads\/2012\/09\/hospital1.jpg?resize=200%2C112&amp;ssl=1 200w, https:\/\/i0.wp.com\/eltrabajo.cl\/portal\/wp-content\/uploads\/2012\/09\/hospital1.jpg?resize=150%2C84&amp;ssl=1 150w, https:\/\/i0.wp.com\/eltrabajo.cl\/portal\/wp-content\/uploads\/2012\/09\/hospital1.jpg?resize=400%2C225&amp;ssl=1 400w, https:\/\/i0.wp.com\/eltrabajo.cl\/portal\/wp-content\/uploads\/2012\/09\/hospital1.jpg?w=529&amp;ssl=1 529w\" sizes=\"auto, (max-width: 300px) 100vw, 300px\" \/><\/a><figcaption id=\"caption-attachment-23582\" class=\"wp-caption-text\">Autoridades buscan restituir el Bono de Asignaci\u00f3n de Riesgo para los funcionarios de la Salud que trabajen en hospitales psiqui\u00e1tricos, el cual fue eliminado el a\u00f1o 1973.<\/figcaption><\/figure>\n<p><strong>PUTAENDO.<\/strong>&#8211; El Diputado Independiente Gaspar Rivas S\u00e1nchez y el Presidente de la Fenats del Hospital Psiqui\u00e1trico y Coordinador Nacional de Hospitales Psiqui\u00e1tricos Humberto Cortez, confirmaron las gestiones para presentar un proyecto de acuerdo, que permita restituir el Bono de Asignaci\u00f3n de Riesgo para los funcionarios de la Salud que trabajen en hospitales psiqui\u00e1tricos, el cual fue eliminado el a\u00f1o 1973 durante la dictadura militar.<\/p>\n<p>Rivas dijo que era muy importante que este Bono, que es una asignaci\u00f3n de riesgo que ten\u00edan los funcionarios que trabajan en hospitales psiqui\u00e1tricos sea restituido, pues la funci\u00f3n que cumplen todos y todas quienes trabajan en el \u00e1rea de la Salud Mental, merecen tener un incentivo econ\u00f3mico, pues en sus funciones siempre se exponen a m\u00e1s riesgos de los que normalmente tiene un trabajador de la Salud, por lo que se mostr\u00f3 esperanzado en que este proyecto de acuerdo pueda ser acogido por el gobierno y estos beneficios sean finalmente restituidos.<\/p>\n<p>En este sentido, el Presidente de la Fenats del Hospital Psiqui\u00e1trico de Putaendo, Humberto Cortez, dijo que el a\u00f1o 2008 en un congreso realizado en el Phillipe Pinel, donde participaron representantes de todas las unidades psiqui\u00e1tricas a nivel nacional, se entreg\u00f3 una tarea a la Coordinadora Nacional de Hospitales Psiqui\u00e1tricos que \u00e9l preside, para ver la posibilidad de volver a tener este Bono que exist\u00eda hasta el a\u00f1o 1973.<\/p>\n<p>El Presidente de la Fenats del Phillipe Pinel indic\u00f3 que \u00abNosotros estamos solicitando que el Bono lo reciban desde el portero hasta el \u00faltimo funcionario que trabaja en el Hospital Psiqui\u00e1trico, producto de que todos quienes aqu\u00ed trabajamos, estamos expuestos constantemente a situaciones de riesgo por el hecho de trabajar con personas que tienen patolog\u00edas mentales, este Bono era un Derecho nuestro y err\u00f3neamente nos quitaron hace tantos a\u00f1os, esperamos que estas gestiones puedan dar resultados\u00bb puntualiz\u00f3 Humberto Cortez.<\/p>\n<p><strong>Patricio Gallardo.<\/strong><\/p>\n<p>&nbsp;<\/p>\n","protected":false},"excerpt":{"rendered":"<p>PUTAENDO.&#8211; El Diputado Independiente Gaspar Rivas S\u00e1nchez y el Presidente de la Fenats del Hospital Psiqui\u00e1trico y Coordinador Nacional de Hospitales Psiqui\u00e1tricos Humberto Cortez, confirmaron las gestiones para presentar un proyecto de&#8230;<\/p>\n","protected":false},"author":482,"featured_media":23582,"comment_status":"open","ping_status":"closed","sticky":false,"template":"","format":"standard","meta":{"advanced_seo_description":"","jetpack_seo_html_title":"","jetpack_seo_noindex":false,"_jetpack_memberships_contains_paid_content":false,"footnotes":""},"categories":[1],"tags":[],"class_list":["post-23581","post","type-post","status-publish","format-standard","has-post-thumbnail","hentry","category-cronica"],"jetpack_featured_media_url":"https:\/\/i0.wp.com\/eltrabajo.cl\/portal\/wp-content\/uploads\/2012\/09\/hospital1.jpg?fit=529%2C298&ssl=1","jetpack_sharing_enabled":true,"jetpack_likes_enabled":true,"jetpack-related-posts":[],"_links":{"self":[{"href":"https:\/\/eltrabajo.cl\/portal\/wp-json\/wp\/v2\/posts\/23581","targetHints":{"allow":["GET"]}}],"collection":[{"href":"https:\/\/eltrabajo.cl\/portal\/wp-json\/wp\/v2\/posts"}],"about":[{"href":"https:\/\/eltrabajo.cl\/portal\/wp-json\/wp\/v2\/types\/post"}],"author":[{"embeddable":true,"href":"https:\/\/eltrabajo.cl\/portal\/wp-json\/wp\/v2\/users\/482"}],"replies":[{"embeddable":true,"href":"https:\/\/eltrabajo.cl\/portal\/wp-json\/wp\/v2\/comments?post=23581"}],"version-history":[{"count":0,"href":"https:\/\/eltrabajo.cl\/portal\/wp-json\/wp\/v2\/posts\/23581\/revisions"}],"wp:featuredmedia":[{"embeddable":true,"href":"https:\/\/eltrabajo.cl\/portal\/wp-json\/wp\/v2\/media\/23582"}],"wp:attachment":[{"href":"https:\/\/eltrabajo.cl\/portal\/wp-json\/wp\/v2\/media?parent=23581"}],"wp:term":[{"taxonomy":"category","embeddable":true,"href":"https:\/\/eltrabajo.cl\/portal\/wp-json\/wp\/v2\/categories?post=23581"},{"taxonomy":"post_tag","embeddable":true,"href":"https:\/\/eltrabajo.cl\/portal\/wp-json\/wp\/v2\/tags?post=23581"}],"curies":[{"name":"wp","href":"https:\/\/api.w.org\/{rel}","templated":true}]}}