{"id":23586,"date":"2012-09-10T11:12:51","date_gmt":"2012-09-10T14:12:51","guid":{"rendered":"http:\/\/www.eltrabajo.cl\/portal\/?p=23586"},"modified":"2012-09-10T11:12:51","modified_gmt":"2012-09-10T14:12:51","slug":"aprueban-inversion-a-nivel-regional-para-tres-importantes-proyectos-en-san-felipe","status":"publish","type":"post","link":"https:\/\/eltrabajo.cl\/portal\/aprueban-inversion-a-nivel-regional-para-tres-importantes-proyectos-en-san-felipe\/","title":{"rendered":"Aprueban inversi\u00f3n a nivel regional para tres importantes proyectos en San Felipe"},"content":{"rendered":"<figure id=\"attachment_23587\" aria-describedby=\"caption-attachment-23587\" style=\"width: 300px\" class=\"wp-caption alignleft\"><a href=\"http:\/\/www.eltrabajo.cl\/portal\/2012\/09\/aprueban-inversion-a-nivel-regional-para-tres-importantes-proyectos-en-san-felipe\/ivan-reyes-4\/\" rel=\"attachment wp-att-23587\"><img data-recalc-dims=\"1\" loading=\"lazy\" decoding=\"async\" class=\"size-medium wp-image-23587\" title=\"El Consejero Iv\u00e1n Reyes destac\u00f3 la aprobaci\u00f3n de estos recursos que permitir\u00e1n concretar importantes proyectos para San Felipe. \" src=\"https:\/\/i0.wp.com\/www.eltrabajo.cl\/portal\/wp-content\/uploads\/2012\/09\/ivan-reyes-300x225.jpg?resize=300%2C225\" alt=\"\" width=\"300\" height=\"225\" srcset=\"https:\/\/i0.wp.com\/eltrabajo.cl\/portal\/wp-content\/uploads\/2012\/09\/ivan-reyes.jpg?resize=300%2C225&amp;ssl=1 300w, https:\/\/i0.wp.com\/eltrabajo.cl\/portal\/wp-content\/uploads\/2012\/09\/ivan-reyes.jpg?resize=200%2C150&amp;ssl=1 200w, https:\/\/i0.wp.com\/eltrabajo.cl\/portal\/wp-content\/uploads\/2012\/09\/ivan-reyes.jpg?resize=150%2C112&amp;ssl=1 150w, https:\/\/i0.wp.com\/eltrabajo.cl\/portal\/wp-content\/uploads\/2012\/09\/ivan-reyes.jpg?resize=400%2C300&amp;ssl=1 400w, https:\/\/i0.wp.com\/eltrabajo.cl\/portal\/wp-content\/uploads\/2012\/09\/ivan-reyes.jpg?w=528&amp;ssl=1 528w\" sizes=\"auto, (max-width: 300px) 100vw, 300px\" \/><\/a><figcaption id=\"caption-attachment-23587\" class=\"wp-caption-text\">El Consejero Iv\u00e1n Reyes destac\u00f3 la aprobaci\u00f3n de estos recursos que permitir\u00e1n concretar importantes proyectos para San Felipe.<\/figcaption><\/figure>\n<p>El jueves reci\u00e9n pasado, el pleno del Gobierno Regional de Valpara\u00edso ratific\u00f3 el acuerdo que se hab\u00eda tomado en la Comisi\u00f3n de Inversiones, respecto de tres proyectos espec\u00edficos que se van a desarrollar en la comuna de San Felipe, lo que ser\u00e1n financiados a trav\u00e9s de la Circular 33.<\/p>\n<p>Los Consejeros Regionales ratificaron la compra de containers que servir\u00e1n para instalar una sede comunitaria en el sector del Rinc\u00f3n de Bucalemu, el equipamiento para crear la primera plaza de juegos infantiles para ni\u00f1os con capacidades distintas y el equipamiento para la plaza destinada al juego del skateboard.<\/p>\n<p>Seg\u00fan explic\u00f3 el Consejero Iv\u00e1n Reyes, los containers permitir\u00e1n dotar al sector del Rinc\u00f3n de Bucalemu de una sede social, de manera mucho m\u00e1s r\u00e1pida, proyecto piloto que se est\u00e1 analizando instalar en otros sectores, debido al alto inter\u00e9s de las juntas de vecinos.<\/p>\n<p>\u201cSon sedes de construcci\u00f3n r\u00e1pida y son containers que vienen equipados completamente, con ba\u00f1o, cocina, forrados completos, con piso e instalaci\u00f3n el\u00e9ctrica, lo que tiene un costo de 15 millones de pesos y son de r\u00e1pida ejecuci\u00f3n\u201d, dijo Reyes.<\/p>\n<p>En relaci\u00f3n a la plaza para ni\u00f1os discapacitados, se trata de un proyecto que el Consejero est\u00e1 trabajando en conjunto con el Alcalde Jaime Amar y que busca poder integrar a los peque\u00f1os con capacidades distintas.<\/p>\n<p>Y en relaci\u00f3n al proyecto de la plaza para el juego del skate, Reyes destac\u00f3 la capacidad que tuvieron los j\u00f3venes para organizarse y plantear su necesidad, \u201cque el Municipio haya escuchado y que a trav\u00e9s del Gobierno Regional la hayamos concretado en forma tan r\u00e1pida. Contento porque son 100 millones m\u00e1s que estamos agregando al total de la inversi\u00f3n que ha logrado el Municipio de San Felipe durante el a\u00f1o 2012, no nos olvidemos que la provincia el a\u00f1o pasado obtuvo 14.000 millones de inversi\u00f3n, cifra record que nunca se hab\u00eda alcanzado en la provincia y hoy d\u00eda vamos a sobrepasar esa inversi\u00f3n de aqu\u00ed a fin de a\u00f1o\u201d, sostuvo Reyes.<\/p>\n<p>Las dos plazas, tanto para ni\u00f1os con capacidades distintas y los skateboards estar\u00e1n ubicadas en los bandejones de la avenida Yungay y son complementarias a los trabajos que se est\u00e1n realizando a desarrollar por estos d\u00edas.<\/p>\n<p>&nbsp;<\/p>\n","protected":false},"excerpt":{"rendered":"<p>El jueves reci\u00e9n pasado, el pleno del Gobierno Regional de Valpara\u00edso ratific\u00f3 el acuerdo que se hab\u00eda tomado en la Comisi\u00f3n de Inversiones, respecto de tres proyectos espec\u00edficos que se van a&#8230;<\/p>\n","protected":false},"author":482,"featured_media":23587,"comment_status":"open","ping_status":"closed","sticky":false,"template":"","format":"standard","meta":{"advanced_seo_description":"","jetpack_seo_html_title":"","jetpack_seo_noindex":false,"_jetpack_memberships_contains_paid_content":false,"footnotes":""},"categories":[1],"tags":[],"class_list":["post-23586","post","type-post","status-publish","format-standard","has-post-thumbnail","hentry","category-cronica"],"jetpack_featured_media_url":"https:\/\/i0.wp.com\/eltrabajo.cl\/portal\/wp-content\/uploads\/2012\/09\/ivan-reyes.jpg?fit=528%2C396&ssl=1","jetpack_sharing_enabled":true,"jetpack_likes_enabled":true,"jetpack-related-posts":[],"_links":{"self":[{"href":"https:\/\/eltrabajo.cl\/portal\/wp-json\/wp\/v2\/posts\/23586","targetHints":{"allow":["GET"]}}],"collection":[{"href":"https:\/\/eltrabajo.cl\/portal\/wp-json\/wp\/v2\/posts"}],"about":[{"href":"https:\/\/eltrabajo.cl\/portal\/wp-json\/wp\/v2\/types\/post"}],"author":[{"embeddable":true,"href":"https:\/\/eltrabajo.cl\/portal\/wp-json\/wp\/v2\/users\/482"}],"replies":[{"embeddable":true,"href":"https:\/\/eltrabajo.cl\/portal\/wp-json\/wp\/v2\/comments?post=23586"}],"version-history":[{"count":0,"href":"https:\/\/eltrabajo.cl\/portal\/wp-json\/wp\/v2\/posts\/23586\/revisions"}],"wp:featuredmedia":[{"embeddable":true,"href":"https:\/\/eltrabajo.cl\/portal\/wp-json\/wp\/v2\/media\/23587"}],"wp:attachment":[{"href":"https:\/\/eltrabajo.cl\/portal\/wp-json\/wp\/v2\/media?parent=23586"}],"wp:term":[{"taxonomy":"category","embeddable":true,"href":"https:\/\/eltrabajo.cl\/portal\/wp-json\/wp\/v2\/categories?post=23586"},{"taxonomy":"post_tag","embeddable":true,"href":"https:\/\/eltrabajo.cl\/portal\/wp-json\/wp\/v2\/tags?post=23586"}],"curies":[{"name":"wp","href":"https:\/\/api.w.org\/{rel}","templated":true}]}}