{"id":23590,"date":"2012-09-10T11:14:25","date_gmt":"2012-09-10T14:14:25","guid":{"rendered":"http:\/\/www.eltrabajo.cl\/portal\/?p=23590"},"modified":"2012-09-10T11:14:25","modified_gmt":"2012-09-10T14:14:25","slug":"autorizan-jugar-partido-del-uni-con-la-serena-para-no-perjudicar-a-la-hinchada-local","status":"publish","type":"post","link":"https:\/\/eltrabajo.cl\/portal\/autorizan-jugar-partido-del-uni-con-la-serena-para-no-perjudicar-a-la-hinchada-local\/","title":{"rendered":"Autorizan jugar partido del Un\u00ed con La Serena para no perjudicar a la hinchada local"},"content":{"rendered":"<figure id=\"attachment_23591\" aria-describedby=\"caption-attachment-23591\" style=\"width: 529px\" class=\"wp-caption alignnone\"><a href=\"http:\/\/www.eltrabajo.cl\/portal\/2012\/09\/autorizan-jugar-partido-del-uni-con-la-serena-para-no-perjudicar-a-la-hinchada-local\/gabinete1\/\" rel=\"attachment wp-att-23591\"><img data-recalc-dims=\"1\" loading=\"lazy\" decoding=\"async\" class=\"size-full wp-image-23591\" title=\"Habr\u00e1 partido de f\u00fatbol nocturno, nueva determinaci\u00f3n que la Gobernadora Patricia Boffa dio a conocer a los medios, tras la solicitud hecha por la Comisi\u00f3n F\u00fatbol de Uni\u00f3n San Felipe.\" src=\"https:\/\/i0.wp.com\/www.eltrabajo.cl\/portal\/wp-content\/uploads\/2012\/09\/gabinete1.jpg?resize=529%2C397\" alt=\"\" width=\"529\" height=\"397\" srcset=\"https:\/\/i0.wp.com\/eltrabajo.cl\/portal\/wp-content\/uploads\/2012\/09\/gabinete1.jpg?w=529&amp;ssl=1 529w, https:\/\/i0.wp.com\/eltrabajo.cl\/portal\/wp-content\/uploads\/2012\/09\/gabinete1.jpg?resize=200%2C150&amp;ssl=1 200w, https:\/\/i0.wp.com\/eltrabajo.cl\/portal\/wp-content\/uploads\/2012\/09\/gabinete1.jpg?resize=300%2C225&amp;ssl=1 300w, https:\/\/i0.wp.com\/eltrabajo.cl\/portal\/wp-content\/uploads\/2012\/09\/gabinete1.jpg?resize=150%2C112&amp;ssl=1 150w, https:\/\/i0.wp.com\/eltrabajo.cl\/portal\/wp-content\/uploads\/2012\/09\/gabinete1.jpg?resize=400%2C300&amp;ssl=1 400w\" sizes=\"auto, (max-width: 529px) 100vw, 529px\" \/><\/a><figcaption id=\"caption-attachment-23591\" class=\"wp-caption-text\">Habr\u00e1 partido de f\u00fatbol nocturno, nueva determinaci\u00f3n que la Gobernadora Patricia Boffa dio a conocer a los medios, tras la solicitud hecha por la Comisi\u00f3n F\u00fatbol de Uni\u00f3n San Felipe.<\/figcaption><\/figure>\n<p>Producto de su condici\u00f3n de colista en la Tabla de Posiciones del F\u00fatbol Profesional, el Canal del F\u00fatbol (CDF), suele programar los partidos de Uni\u00f3n San Felipe en el llamado \u2018horario no prime\u2019, lo que significa que se juegan partidos en condici\u00f3n de Local viernes o s\u00e1bado en su mayor\u00eda en horario nocturno.<\/p>\n<p>Sin embargo, dado el desorden p\u00fablico que gener\u00f3 la visita de Colo Colo por Copa Chile hace una par de semanas, la Gobernaci\u00f3n Provincial determin\u00f3 no autorizar m\u00e1s partidos de noche, con el fin de garantizar la seguridad ciudadana.<\/p>\n<p><strong>\u00a0<\/strong><strong>\u2018HUMO BLANCO\u2019<\/strong><\/p>\n<p>Tras una reuni\u00f3n realizada en el gabinete de la Gobernadora Patricia Boffa, donde particip\u00f3 el Prefecto de Carabineros Coronel Manuel Francisco Letelier; el Comisario de la instituci\u00f3n Marcelo Arancibia; el Presidente de la Comisi\u00f3n F\u00fatbol de Uni\u00f3n San Felipe Eduardo Olivares y el Alcalde Jaime Amar, se acogi\u00f3 la petici\u00f3n formulada por la dirigencia del Uni Uni, de autorizar el partido para el s\u00e1bado 15 de septiembre a las 20:00 horas, por dos motivos muy fundamentados, el primero de ellos que el equipo de La Serena no convoca gran cantidad de p\u00fablico y en segundo lugar, para no perjudicar a la hinchada local, pues de no ser autorizado el uso del Estadio Municipal, el equipo se ver\u00eda obligado jugar en Quillota, lo que obligar\u00eda al traslado de la hinchada local hasta esa comuna.<\/p>\n<p>\u201cHemos solicitado un compromiso a Uni\u00f3n San Felipe y esperamos que ellos respeten dicho acuerdo, hubo una solicitud del club que fue acogida por esta Gobernadora, para no perjudicar a la hinchada local, que no nos da problema alguno, pues son las barras bravas provenientes de otras localidades, sobre todo de equipos grandes, las que provocan los problemas de seguridad. Por lo tanto, se determin\u00f3 un aforo de 3.500 personas, adem\u00e1s del resto de las medidas que contempla el Plan Estadio Seguro\u201d, coment\u00f3 Boffa.<\/p>\n<p>Agreg\u00f3 la Gobernadora Boffa, que en lo que se refiere a los partidos de alta convocatoria, estos no podr\u00e1n jugarse de noche y el encuentro pendiente con Colo Colo, se jugar\u00e1 a las 16:00 horas, con las medidas de seguridad que ser\u00e1n anunciadas en su momento.<\/p>\n<p>&nbsp;<\/p>\n","protected":false},"excerpt":{"rendered":"<p>Producto de su condici\u00f3n de colista en la Tabla de Posiciones del F\u00fatbol Profesional, el Canal del F\u00fatbol (CDF), suele programar los partidos de Uni\u00f3n San Felipe en el llamado \u2018horario no&#8230;<\/p>\n","protected":false},"author":482,"featured_media":23591,"comment_status":"open","ping_status":"closed","sticky":false,"template":"","format":"standard","meta":{"advanced_seo_description":"","jetpack_seo_html_title":"","jetpack_seo_noindex":false,"_jetpack_memberships_contains_paid_content":false,"footnotes":""},"categories":[1],"tags":[],"class_list":["post-23590","post","type-post","status-publish","format-standard","has-post-thumbnail","hentry","category-cronica"],"jetpack_featured_media_url":"https:\/\/i0.wp.com\/eltrabajo.cl\/portal\/wp-content\/uploads\/2012\/09\/gabinete1.jpg?fit=529%2C397&ssl=1","jetpack_sharing_enabled":true,"jetpack_likes_enabled":true,"jetpack-related-posts":[],"_links":{"self":[{"href":"https:\/\/eltrabajo.cl\/portal\/wp-json\/wp\/v2\/posts\/23590","targetHints":{"allow":["GET"]}}],"collection":[{"href":"https:\/\/eltrabajo.cl\/portal\/wp-json\/wp\/v2\/posts"}],"about":[{"href":"https:\/\/eltrabajo.cl\/portal\/wp-json\/wp\/v2\/types\/post"}],"author":[{"embeddable":true,"href":"https:\/\/eltrabajo.cl\/portal\/wp-json\/wp\/v2\/users\/482"}],"replies":[{"embeddable":true,"href":"https:\/\/eltrabajo.cl\/portal\/wp-json\/wp\/v2\/comments?post=23590"}],"version-history":[{"count":0,"href":"https:\/\/eltrabajo.cl\/portal\/wp-json\/wp\/v2\/posts\/23590\/revisions"}],"wp:featuredmedia":[{"embeddable":true,"href":"https:\/\/eltrabajo.cl\/portal\/wp-json\/wp\/v2\/media\/23591"}],"wp:attachment":[{"href":"https:\/\/eltrabajo.cl\/portal\/wp-json\/wp\/v2\/media?parent=23590"}],"wp:term":[{"taxonomy":"category","embeddable":true,"href":"https:\/\/eltrabajo.cl\/portal\/wp-json\/wp\/v2\/categories?post=23590"},{"taxonomy":"post_tag","embeddable":true,"href":"https:\/\/eltrabajo.cl\/portal\/wp-json\/wp\/v2\/tags?post=23590"}],"curies":[{"name":"wp","href":"https:\/\/api.w.org\/{rel}","templated":true}]}}