{"id":23594,"date":"2012-09-10T11:15:46","date_gmt":"2012-09-10T14:15:46","guid":{"rendered":"http:\/\/www.eltrabajo.cl\/portal\/?p=23594"},"modified":"2012-09-10T11:17:57","modified_gmt":"2012-09-10T14:17:57","slug":"23594","status":"publish","type":"post","link":"https:\/\/eltrabajo.cl\/portal\/23594\/","title":{"rendered":"Autoridades inauguran obras de remodelaci\u00f3n del Terminal Rodoviario"},"content":{"rendered":"<figure id=\"attachment_23595\" aria-describedby=\"caption-attachment-23595\" style=\"width: 528px\" class=\"wp-caption alignnone\"><a href=\"http:\/\/www.eltrabajo.cl\/portal\/2012\/09\/23594\/rodoviario1\/\" rel=\"attachment wp-att-23595\"><img data-recalc-dims=\"1\" loading=\"lazy\" decoding=\"async\" class=\"size-full wp-image-23595\" title=\"Con un Terminal Rodoviario de primera calidad, contamos ahora los sanfelipe\u00f1os, una estructura que desde hace a\u00f1os se necesitaba en la provincia.\" src=\"https:\/\/i0.wp.com\/www.eltrabajo.cl\/portal\/wp-content\/uploads\/2012\/09\/rodoviario1.jpg?resize=528%2C360\" alt=\"\" width=\"528\" height=\"360\" srcset=\"https:\/\/i0.wp.com\/eltrabajo.cl\/portal\/wp-content\/uploads\/2012\/09\/rodoviario1.jpg?w=528&amp;ssl=1 528w, https:\/\/i0.wp.com\/eltrabajo.cl\/portal\/wp-content\/uploads\/2012\/09\/rodoviario1.jpg?resize=200%2C136&amp;ssl=1 200w, https:\/\/i0.wp.com\/eltrabajo.cl\/portal\/wp-content\/uploads\/2012\/09\/rodoviario1.jpg?resize=300%2C204&amp;ssl=1 300w, https:\/\/i0.wp.com\/eltrabajo.cl\/portal\/wp-content\/uploads\/2012\/09\/rodoviario1.jpg?resize=150%2C102&amp;ssl=1 150w, https:\/\/i0.wp.com\/eltrabajo.cl\/portal\/wp-content\/uploads\/2012\/09\/rodoviario1.jpg?resize=400%2C272&amp;ssl=1 400w\" sizes=\"auto, (max-width: 528px) 100vw, 528px\" \/><\/a><figcaption id=\"caption-attachment-23595\" class=\"wp-caption-text\">Con un Terminal Rodoviario de primera calidad, contamos ahora los sanfelipe\u00f1os, una estructura que desde hace a\u00f1os se necesitaba en la provincia.<\/figcaption><\/figure>\n<p>Al mediod\u00eda de este viernes y con la presencia de autoridades encabezadas por el Ministro de Justicia Teodoro Rivera; la Gobernadora de San Felipe Patricia Boffa y el Alcalde Jaime Amar, se inauguraron las obras de remodelaci\u00f3n del Terminal Rodoviario, proyecto que representa una inversi\u00f3n superior a los 160 millones de pesos.<\/p>\n<p>En su discurso, el Alcalde Amar hizo un recuento de la historia del Terminal, precisando que cuando \u00e9l asumi\u00f3 la jefatura comunal, este recinto registraba una deuda millonaria que el Municipio debi\u00f3 saldar.<\/p>\n<p>\u201cHab\u00eda una deuda de un mill\u00f3n y medio de d\u00f3lares, en tanto que nada de los loteos interiores estaba hecho, por lo que tuvimos que hacer loteos, reglamentos de copropiedad y tambi\u00e9n pagarle al Banco del Estado. Esta deuda la saldamos hace poco m\u00e1s de tres a\u00f1os, iniciando inmediatamente este proyecto, que es de largo aliento porque tuvimos que desarrollarlo, aprobar su dise\u00f1o, su construcci\u00f3n y no me cabe duda, de que desarrollamos una buena iniciativa\u201d, dijo el edil.<\/p>\n<p>El Alcalde resalt\u00f3 las caracter\u00edsticas del proyecto ejecutado, explicando que \u201ceste recinto no tiene nada que ver con el Terminal que ten\u00edamos antes, de calidad, de servicios, de seguridad. Esto va a tener mantenci\u00f3n de aseo, guardia nocturno, la gente de las empresas ha hecho un gran esfuerzo y vienen nuevas obras, consistentes en la construcci\u00f3n de una nueva losa para el terminal\u201d.<\/p>\n<p>Consultada la autoridad sobre la fecha de ejecuci\u00f3n de esta Segunda Etapa del mejoramiento del recinto terminal, se\u00f1al\u00f3 que \u201ceso va a depender mucho de la Subdere, de los aportes que nos haga\u201d.<\/p>\n<p>Este lunes, a las 00.00 horas, se puso en funcionamiento el Terminal Rodoviario de San Felipe, lo que permitir\u00e1 por ejemplo, que durante la celebraci\u00f3n de Fiestas Patrias, los visitantes y turistas que lleguen a la ciudad, puedan acceder a un espacio confortable, moderno y absolutamente renovado.<\/p>\n<p>&nbsp;<\/p>\n","protected":false},"excerpt":{"rendered":"<p>Al mediod\u00eda de este viernes y con la presencia de autoridades encabezadas por el Ministro de Justicia Teodoro Rivera; la Gobernadora de San Felipe Patricia Boffa y el Alcalde Jaime Amar, se&#8230;<\/p>\n","protected":false},"author":482,"featured_media":23595,"comment_status":"open","ping_status":"closed","sticky":false,"template":"","format":"standard","meta":{"advanced_seo_description":"","jetpack_seo_html_title":"","jetpack_seo_noindex":false,"_jetpack_memberships_contains_paid_content":false,"footnotes":""},"categories":[1],"tags":[],"class_list":["post-23594","post","type-post","status-publish","format-standard","has-post-thumbnail","hentry","category-cronica"],"jetpack_featured_media_url":"https:\/\/i0.wp.com\/eltrabajo.cl\/portal\/wp-content\/uploads\/2012\/09\/rodoviario1.jpg?fit=528%2C360&ssl=1","jetpack_sharing_enabled":true,"jetpack_likes_enabled":true,"jetpack-related-posts":[],"_links":{"self":[{"href":"https:\/\/eltrabajo.cl\/portal\/wp-json\/wp\/v2\/posts\/23594","targetHints":{"allow":["GET"]}}],"collection":[{"href":"https:\/\/eltrabajo.cl\/portal\/wp-json\/wp\/v2\/posts"}],"about":[{"href":"https:\/\/eltrabajo.cl\/portal\/wp-json\/wp\/v2\/types\/post"}],"author":[{"embeddable":true,"href":"https:\/\/eltrabajo.cl\/portal\/wp-json\/wp\/v2\/users\/482"}],"replies":[{"embeddable":true,"href":"https:\/\/eltrabajo.cl\/portal\/wp-json\/wp\/v2\/comments?post=23594"}],"version-history":[{"count":0,"href":"https:\/\/eltrabajo.cl\/portal\/wp-json\/wp\/v2\/posts\/23594\/revisions"}],"wp:featuredmedia":[{"embeddable":true,"href":"https:\/\/eltrabajo.cl\/portal\/wp-json\/wp\/v2\/media\/23595"}],"wp:attachment":[{"href":"https:\/\/eltrabajo.cl\/portal\/wp-json\/wp\/v2\/media?parent=23594"}],"wp:term":[{"taxonomy":"category","embeddable":true,"href":"https:\/\/eltrabajo.cl\/portal\/wp-json\/wp\/v2\/categories?post=23594"},{"taxonomy":"post_tag","embeddable":true,"href":"https:\/\/eltrabajo.cl\/portal\/wp-json\/wp\/v2\/tags?post=23594"}],"curies":[{"name":"wp","href":"https:\/\/api.w.org\/{rel}","templated":true}]}}