{"id":23601,"date":"2012-09-10T11:25:50","date_gmt":"2012-09-10T14:25:50","guid":{"rendered":"http:\/\/www.eltrabajo.cl\/portal\/?p=23601"},"modified":"2012-09-10T11:28:09","modified_gmt":"2012-09-10T14:28:09","slug":"conductora-de-furgon-impacto-a-camioneta-con-cuatro-ninos-en-su-interior","status":"publish","type":"post","link":"https:\/\/eltrabajo.cl\/portal\/conductora-de-furgon-impacto-a-camioneta-con-cuatro-ninos-en-su-interior\/","title":{"rendered":"Conductora de furg\u00f3n impact\u00f3 a camioneta con cuatro ni\u00f1os en su interior"},"content":{"rendered":"<p><a href=\"http:\/\/www.eltrabajo.cl\/portal\/2012\/09\/conductora-de-furgon-impacto-a-camioneta-con-cuatro-ninos-en-su-interior\/conductora-accidente\/\" rel=\"attachment wp-att-23603\"><img data-recalc-dims=\"1\" loading=\"lazy\" decoding=\"async\" class=\"alignleft size-medium wp-image-23603\" title=\"Sin heridos de gravedad result\u00f3 la colisi\u00f3n producida el pasado viernes en la Alameda O\u00b4higgins de San Felipe, donde aparentemente la conductora del furg\u00f3n no respet\u00f3 el disco Pare, ubicado en dicha intersecci\u00f3n e impactando una camioneta.\" src=\"https:\/\/i0.wp.com\/www.eltrabajo.cl\/portal\/wp-content\/uploads\/2012\/09\/conductora-accidente-300x216.jpg?resize=300%2C216\" alt=\"\" width=\"300\" height=\"216\" srcset=\"https:\/\/i0.wp.com\/eltrabajo.cl\/portal\/wp-content\/uploads\/2012\/09\/conductora-accidente.jpg?resize=300%2C216&amp;ssl=1 300w, https:\/\/i0.wp.com\/eltrabajo.cl\/portal\/wp-content\/uploads\/2012\/09\/conductora-accidente.jpg?resize=200%2C144&amp;ssl=1 200w, https:\/\/i0.wp.com\/eltrabajo.cl\/portal\/wp-content\/uploads\/2012\/09\/conductora-accidente.jpg?resize=150%2C108&amp;ssl=1 150w, https:\/\/i0.wp.com\/eltrabajo.cl\/portal\/wp-content\/uploads\/2012\/09\/conductora-accidente.jpg?resize=400%2C288&amp;ssl=1 400w, https:\/\/i0.wp.com\/eltrabajo.cl\/portal\/wp-content\/uploads\/2012\/09\/conductora-accidente.jpg?w=529&amp;ssl=1 529w\" sizes=\"auto, (max-width: 300px) 100vw, 300px\" \/><\/a><\/p>\n<p>Pablo Salinas Sald\u00edas &#8211; psalinas@eltrabajo.cl<\/p>\n<p>Con lesiones leves resultaron los ocupantes de una camioneta y un furg\u00f3n, que protagonizaron una violenta colisi\u00f3n producida a primeras horas de la ma\u00f1ana del pasado viernes en la intersecci\u00f3n de Avenida O\u00b4Higgins esquina Hophenblatt, dejando a uno de los m\u00f3viles volcado dado a que el segundo no habr\u00eda respetado la se\u00f1al de tr\u00e1nsito.<\/p>\n<p>Los antecedentes indican que el conductor de la camioneta Chevrolet se dirig\u00eda de Poniente a Oriente por avenida O\u00b4Higgins junto a cuatro menores de edad, adem\u00e1s del comunicador Marcelo Jara, en direcci\u00f3n a dejar a sus hijos a distintos colegios y al llegar a la intersecci\u00f3n de Calle Hophenblatt, la conductora del furg\u00f3n de transporte de trabajadores de temporada que cruzaba la alameda desde Navarro, no habr\u00eda respetado la se\u00f1al Pare, produci\u00e9ndose la colisi\u00f3n.<\/p>\n<p>Producto del impacto que sufri\u00f3 la camioneta, su conductor perdi\u00f3 el control, volcando a unos metros del lugar de la colisi\u00f3n, mientras que el furg\u00f3n se sali\u00f3 de la calzada subi\u00e9ndose a la vereda sur de Avenida O\u2019Higgins, quedando incrustada en una reja met\u00e1lica de un local comercial ubicado en la esquina de Hophenblatt.<\/p>\n<p>No obstante, los cuatro menores de edad y los dos adultos que viajaban en la camioneta, quedaron atrapados en la cabina, siendo auxiliados por transe\u00fantes y requiriendo la presencia del personal del Samu para ser derivados hasta el Servicio de Urgencia del Hospital San Camilo, resultando con contusiones menores. Asimismo sin lesiones mayores fue dada de alta la conductora del furg\u00f3n, desconoci\u00e9ndose el estado de los trabajadores agr\u00edcolas.<\/p>\n<div class=\"tiled-gallery type-rectangular tiled-gallery-unresized\" data-original-width=\"640\" data-carousel-extra='null' itemscope itemtype=\"http:\/\/schema.org\/ImageGallery\" > <div class=\"gallery-row\" style=\"width: 640px; height: 223px;\" data-original-width=\"640\" data-original-height=\"223\" > <div class=\"gallery-group images-1\" style=\"width: 307px; height: 223px;\" data-original-width=\"307\" data-original-height=\"223\" > <div class=\"tiled-gallery-item tiled-gallery-item-large\" itemprop=\"associatedMedia\" itemscope itemtype=\"http:\/\/schema.org\/ImageObject\"> <a href=\"https:\/\/i0.wp.com\/eltrabajo.cl\/portal\/wp-content\/uploads\/2012\/09\/conductora-accidente.jpg?ssl=1\" border=\"0\" itemprop=\"url\"> <meta itemprop=\"width\" content=\"303\"> <meta itemprop=\"height\" content=\"219\"> <img decoding=\"async\" class=\"\" data-attachment-id=\"23603\" data-orig-file=\"https:\/\/eltrabajo.cl\/portal\/wp-content\/uploads\/2012\/09\/conductora-accidente.jpg\" data-orig-size=\"529,381\" data-comments-opened=\"1\" data-image-meta=\"{&quot;aperture&quot;:&quot;0&quot;,&quot;credit&quot;:&quot;&quot;,&quot;camera&quot;:&quot;&quot;,&quot;caption&quot;:&quot;&quot;,&quot;created_timestamp&quot;:&quot;0&quot;,&quot;copyright&quot;:&quot;&quot;,&quot;focal_length&quot;:&quot;0&quot;,&quot;iso&quot;:&quot;0&quot;,&quot;shutter_speed&quot;:&quot;0&quot;,&quot;title&quot;:&quot;&quot;}\" data-image-title=\"Sin heridos de gravedad result\u00f3 la colisi\u00f3n producida el pasado viernes en la Alameda O\u00b4higgins de San Felipe, donde aparentemente la conductora del furg\u00f3n no respet\u00f3 el disco Pare, ubicado en dicha intersecci\u00f3n e impactando una camioneta.\" data-image-description=\"\" data-medium-file=\"https:\/\/i0.wp.com\/eltrabajo.cl\/portal\/wp-content\/uploads\/2012\/09\/conductora-accidente.jpg?fit=300%2C216&#038;ssl=1\" data-large-file=\"https:\/\/i0.wp.com\/eltrabajo.cl\/portal\/wp-content\/uploads\/2012\/09\/conductora-accidente.jpg?fit=529%2C381&#038;ssl=1\" src=\"https:\/\/i0.wp.com\/eltrabajo.cl\/portal\/wp-content\/uploads\/2012\/09\/conductora-accidente.jpg?w=303&#038;h=219&#038;ssl=1\" srcset=\"https:\/\/i0.wp.com\/eltrabajo.cl\/portal\/wp-content\/uploads\/2012\/09\/conductora-accidente.jpg?w=529&amp;ssl=1 529w, https:\/\/i0.wp.com\/eltrabajo.cl\/portal\/wp-content\/uploads\/2012\/09\/conductora-accidente.jpg?resize=200%2C144&amp;ssl=1 200w, https:\/\/i0.wp.com\/eltrabajo.cl\/portal\/wp-content\/uploads\/2012\/09\/conductora-accidente.jpg?resize=300%2C216&amp;ssl=1 300w, https:\/\/i0.wp.com\/eltrabajo.cl\/portal\/wp-content\/uploads\/2012\/09\/conductora-accidente.jpg?resize=150%2C108&amp;ssl=1 150w, https:\/\/i0.wp.com\/eltrabajo.cl\/portal\/wp-content\/uploads\/2012\/09\/conductora-accidente.jpg?resize=400%2C288&amp;ssl=1 400w\" width=\"303\" height=\"219\" loading=\"lazy\" data-original-width=\"303\" data-original-height=\"219\" itemprop=\"http:\/\/schema.org\/image\" title=\"Sin heridos de gravedad result\u00f3 la colisi\u00f3n producida el pasado viernes en la Alameda O\u00b4higgins de San Felipe, donde aparentemente la conductora del furg\u00f3n no respet\u00f3 el disco Pare, ubicado en dicha intersecci\u00f3n e impactando una camioneta.\" alt=\"Sin heridos de gravedad result\u00f3 la colisi\u00f3n producida el pasado viernes en la Alameda O\u00b4higgins de San Felipe, donde aparentemente la conductora del furg\u00f3n no respet\u00f3 el disco Pare, ubicado en dicha intersecci\u00f3n e impactando una camioneta.\" style=\"width: 303px; height: 219px;\" \/> <\/a> <\/div> <\/div> <!-- close group --> <div class=\"gallery-group images-1\" style=\"width: 333px; height: 223px;\" data-original-width=\"333\" data-original-height=\"223\" > <div class=\"tiled-gallery-item tiled-gallery-item-large\" itemprop=\"associatedMedia\" itemscope itemtype=\"http:\/\/schema.org\/ImageObject\"> <a href=\"https:\/\/i0.wp.com\/eltrabajo.cl\/portal\/wp-content\/uploads\/2012\/09\/conductora-accidente-1.jpg?ssl=1\" border=\"0\" itemprop=\"url\"> <meta itemprop=\"width\" content=\"329\"> <meta itemprop=\"height\" content=\"219\"> <img decoding=\"async\" class=\"\" data-attachment-id=\"23604\" data-orig-file=\"https:\/\/eltrabajo.cl\/portal\/wp-content\/uploads\/2012\/09\/conductora-accidente-1.jpg\" data-orig-size=\"529,352\" data-comments-opened=\"1\" data-image-meta=\"{&quot;aperture&quot;:&quot;0&quot;,&quot;credit&quot;:&quot;&quot;,&quot;camera&quot;:&quot;&quot;,&quot;caption&quot;:&quot;&quot;,&quot;created_timestamp&quot;:&quot;0&quot;,&quot;copyright&quot;:&quot;&quot;,&quot;focal_length&quot;:&quot;0&quot;,&quot;iso&quot;:&quot;0&quot;,&quot;shutter_speed&quot;:&quot;0&quot;,&quot;title&quot;:&quot;&quot;}\" data-image-title=\"Hasta el lugar concurri\u00f3 Carabineros para adoptar el procedimiento de rigor frente a este tipo de accidentes, adem\u00e1s de Bomberos que procedi\u00f3 a lavar la calle dado al derrame de combustible y aceite producto del accidente.\" data-image-description=\"\" data-medium-file=\"https:\/\/i0.wp.com\/eltrabajo.cl\/portal\/wp-content\/uploads\/2012\/09\/conductora-accidente-1.jpg?fit=300%2C199&#038;ssl=1\" data-large-file=\"https:\/\/i0.wp.com\/eltrabajo.cl\/portal\/wp-content\/uploads\/2012\/09\/conductora-accidente-1.jpg?fit=529%2C352&#038;ssl=1\" src=\"https:\/\/i0.wp.com\/eltrabajo.cl\/portal\/wp-content\/uploads\/2012\/09\/conductora-accidente-1.jpg?w=329&#038;h=219&#038;ssl=1\" srcset=\"https:\/\/i0.wp.com\/eltrabajo.cl\/portal\/wp-content\/uploads\/2012\/09\/conductora-accidente-1.jpg?w=529&amp;ssl=1 529w, https:\/\/i0.wp.com\/eltrabajo.cl\/portal\/wp-content\/uploads\/2012\/09\/conductora-accidente-1.jpg?resize=200%2C133&amp;ssl=1 200w, https:\/\/i0.wp.com\/eltrabajo.cl\/portal\/wp-content\/uploads\/2012\/09\/conductora-accidente-1.jpg?resize=300%2C199&amp;ssl=1 300w, https:\/\/i0.wp.com\/eltrabajo.cl\/portal\/wp-content\/uploads\/2012\/09\/conductora-accidente-1.jpg?resize=150%2C99&amp;ssl=1 150w, https:\/\/i0.wp.com\/eltrabajo.cl\/portal\/wp-content\/uploads\/2012\/09\/conductora-accidente-1.jpg?resize=400%2C266&amp;ssl=1 400w\" width=\"329\" height=\"219\" loading=\"lazy\" data-original-width=\"329\" data-original-height=\"219\" itemprop=\"http:\/\/schema.org\/image\" title=\"Hasta el lugar concurri\u00f3 Carabineros para adoptar el procedimiento de rigor frente a este tipo de accidentes, adem\u00e1s de Bomberos que procedi\u00f3 a lavar la calle dado al derrame de combustible y aceite producto del accidente.\" alt=\"Hasta el lugar concurri\u00f3 Carabineros para adoptar el procedimiento de rigor frente a este tipo de accidentes, adem\u00e1s de Bomberos que procedi\u00f3 a lavar la calle dado al derrame de combustible y aceite producto del accidente.\" style=\"width: 329px; height: 219px;\" \/> <\/a> <\/div> <\/div> <!-- close group --> <\/div> <!-- close row --> <\/div>\n<p>&nbsp;<\/p>\n","protected":false},"excerpt":{"rendered":"<p>Pablo Salinas Sald\u00edas &#8211; psalinas@eltrabajo.cl Con lesiones leves resultaron los ocupantes de una camioneta y un furg\u00f3n, que protagonizaron una violenta colisi\u00f3n producida a primeras horas de la ma\u00f1ana del pasado viernes&#8230;<\/p>\n","protected":false},"author":482,"featured_media":23603,"comment_status":"open","ping_status":"closed","sticky":false,"template":"","format":"standard","meta":{"advanced_seo_description":"","jetpack_seo_html_title":"","jetpack_seo_noindex":false,"_jetpack_memberships_contains_paid_content":false,"footnotes":""},"categories":[21],"tags":[],"class_list":["post-23601","post","type-post","status-publish","format-standard","has-post-thumbnail","hentry","category-policial"],"jetpack_featured_media_url":"https:\/\/i0.wp.com\/eltrabajo.cl\/portal\/wp-content\/uploads\/2012\/09\/conductora-accidente.jpg?fit=529%2C381&ssl=1","jetpack_sharing_enabled":true,"jetpack_likes_enabled":true,"jetpack-related-posts":[],"_links":{"self":[{"href":"https:\/\/eltrabajo.cl\/portal\/wp-json\/wp\/v2\/posts\/23601","targetHints":{"allow":["GET"]}}],"collection":[{"href":"https:\/\/eltrabajo.cl\/portal\/wp-json\/wp\/v2\/posts"}],"about":[{"href":"https:\/\/eltrabajo.cl\/portal\/wp-json\/wp\/v2\/types\/post"}],"author":[{"embeddable":true,"href":"https:\/\/eltrabajo.cl\/portal\/wp-json\/wp\/v2\/users\/482"}],"replies":[{"embeddable":true,"href":"https:\/\/eltrabajo.cl\/portal\/wp-json\/wp\/v2\/comments?post=23601"}],"version-history":[{"count":0,"href":"https:\/\/eltrabajo.cl\/portal\/wp-json\/wp\/v2\/posts\/23601\/revisions"}],"wp:featuredmedia":[{"embeddable":true,"href":"https:\/\/eltrabajo.cl\/portal\/wp-json\/wp\/v2\/media\/23603"}],"wp:attachment":[{"href":"https:\/\/eltrabajo.cl\/portal\/wp-json\/wp\/v2\/media?parent=23601"}],"wp:term":[{"taxonomy":"category","embeddable":true,"href":"https:\/\/eltrabajo.cl\/portal\/wp-json\/wp\/v2\/categories?post=23601"},{"taxonomy":"post_tag","embeddable":true,"href":"https:\/\/eltrabajo.cl\/portal\/wp-json\/wp\/v2\/tags?post=23601"}],"curies":[{"name":"wp","href":"https:\/\/api.w.org\/{rel}","templated":true}]}}