{"id":23611,"date":"2012-09-10T11:37:55","date_gmt":"2012-09-10T14:37:55","guid":{"rendered":"http:\/\/www.eltrabajo.cl\/portal\/?p=23611"},"modified":"2012-09-10T11:37:55","modified_gmt":"2012-09-10T14:37:55","slug":"el-galgo-rojas-es-presentado-como-el-nuevo-crack-del-atletismo-aconcaguino","status":"publish","type":"post","link":"https:\/\/eltrabajo.cl\/portal\/el-galgo-rojas-es-presentado-como-el-nuevo-crack-del-atletismo-aconcaguino\/","title":{"rendered":"\u2018El Galgo\u2019 Rojas es presentado como el nuevo crack del atletismo aconcag\u00fcino"},"content":{"rendered":"<p><a href=\"http:\/\/www.eltrabajo.cl\/portal\/2012\/09\/el-galgo-rojas-es-presentado-como-el-nuevo-crack-del-atletismo-aconcaguino\/galgo2\/\" rel=\"attachment wp-att-23612\"><img data-recalc-dims=\"1\" loading=\"lazy\" decoding=\"async\" class=\"alignleft size-medium wp-image-23612\" title=\"Precocidad, talento y madurez es lo que tiene en abundancia este joven de apenas catorce a\u00f1os, una promesa deportiva que promete llevar muy lejos el nombre de Santa Mar\u00eda de Aconcagua.\" src=\"https:\/\/i0.wp.com\/www.eltrabajo.cl\/portal\/wp-content\/uploads\/2012\/09\/galgo2-300x213.jpg?resize=300%2C213\" alt=\"\" width=\"300\" height=\"213\" srcset=\"https:\/\/i0.wp.com\/eltrabajo.cl\/portal\/wp-content\/uploads\/2012\/09\/galgo2.jpg?resize=300%2C213&amp;ssl=1 300w, https:\/\/i0.wp.com\/eltrabajo.cl\/portal\/wp-content\/uploads\/2012\/09\/galgo2.jpg?resize=200%2C142&amp;ssl=1 200w, https:\/\/i0.wp.com\/eltrabajo.cl\/portal\/wp-content\/uploads\/2012\/09\/galgo2.jpg?resize=150%2C106&amp;ssl=1 150w, https:\/\/i0.wp.com\/eltrabajo.cl\/portal\/wp-content\/uploads\/2012\/09\/galgo2.jpg?resize=400%2C284&amp;ssl=1 400w, https:\/\/i0.wp.com\/eltrabajo.cl\/portal\/wp-content\/uploads\/2012\/09\/galgo2.jpg?w=529&amp;ssl=1 529w\" sizes=\"auto, (max-width: 300px) 100vw, 300px\" \/><\/a><\/p>\n<ul>\n<li><strong>Tres ingredientes para ser un Crack deportivo: Precocidad, talento y madurez, con esos elementos a favor y jug\u00e1ndonos el Nombre, Diario El Trabajo te presenta a la \u2018Promesa\u2019 deportiva con mayor proyecci\u00f3n como velocista de nuestra regi\u00f3n.<\/strong><\/li>\n<\/ul>\n<p>Roberto Gonz\u00e1lez Short &#8211;\u00a0rgonzalez@eltrabajo.cl<\/p>\n<p><strong>\u00a0SANTA MAR\u00cdA<\/strong>.- Pocas son las veces en que la Prensa se juega el Nombre para presentar a un crack del deporte y sin arriesgar un poco, sin embargo, a sabiendas de que todo es relativo en la vida, Diario El Trabajo presenta hoy a Mat\u00edas \u2018El Galgo\u2019 Rojas, un joven de apenas catorce a\u00f1os, que ya viene sorprendiendo a conocedores y expertos del atletismo regional.<\/p>\n<p>Con este gigante en potencia, nuestro medio es remitido a la Profesora de Educaci\u00f3n F\u00edsica, que \u2018descubri\u00f3 a este joven velocista, para conocer sobre c\u00f3mo ocurri\u00f3 este descubrimiento deportivo y qui\u00e9nes est\u00e1n \u2018puliendo\u2019 este diamante en bruto, Diario El Trabajo habl\u00f3 con Solange Rodr\u00edguez, conocida figura del deporte que imparte clases de Educaci\u00f3n F\u00edsica en varios establecimientos de Santa Mar\u00eda.<\/p>\n<p>\u201cYo \u2018descubr\u00ed\u2019 el potencial deportivo de Mat\u00edas, luego de que lo vi participando en un campeonato comunal de F\u00fatbol hace pocos meses, su velocidad; capacidad aerodin\u00e1mica y habilidad t\u00e9cnica, me vi tentada a invitarlo a realizar unas pruebas con colegas, que lo valoramos en una cancha en Valpara\u00edso, \u00e9l tiene la precocidad, el talento y la madurez necesaria para llegar a ser uno de los grandes\u201d, detall\u00f3 Rodr\u00edguez, madre de cuatro hijos.<\/p>\n<p>En Santa Mar\u00eda, la Profesora Solange imparte clases de Danza, Gimnasia R\u00edtmica, Cheerleaders, Atletismo, Nataci\u00f3n, F\u00fatbol y es una de las privilegiadas articulistas de \u2018Profesores Innovadores\u2019.<\/p>\n<p>\u201cLos profesores y entrenadores que realizamos esas pruebas a Mat\u00edas, definitivamente estamos seguros de que tenemos a un velocista de Primer Nivel en gestaci\u00f3n, \u00e9l naci\u00f3 velocista, ya ha ganado sus primeras medallas y el chico est\u00e1 siendo \u2018pulido\u2019 por mi colega el Profesor Carlos Rubio, quien lo entrena en Llay Llay\u201d, explica la mujer a quien su oficio de Entrenadora y Preparadora F\u00edsica le ha llevado a pa\u00edses como Estados Unidos de Norteam\u00e9rica, Espa\u00f1a, Italia y toda Suram\u00e9rica.<\/p>\n<p>\u201cMis sue\u00f1os son varios, el primero es el poder estar m\u00e1s tiempo con mis cuatro adorados hijos, quienes han pagado un alto precio debido a que mi trabajo me absorbi\u00f3 casi todo el tiempo durante muchos a\u00f1os y otro sue\u00f1o, el poder contar con m\u00e1s \u2018Mat\u00edas\u2019, atletas de este nivel pocas veces hay en el pa\u00eds, tambi\u00e9n anhelo poder tener un d\u00eda mi propia academia deportiva\u201d, dice Rodr\u00edguez.<\/p>\n<p><strong>QUE SE CUIDE BOLT<\/strong><\/p>\n<p>Diario El Trabajo habl\u00f3 con Mat\u00edas \u2018El Galgo\u2019 Rojas, a fin de conocer c\u00f3mo \u00e9l est\u00e1 manejando su formaci\u00f3n y competencias como crack velocista.<\/p>\n<p><strong>\u00bfPor qu\u00e9 te dicen \u2018Galgo\u2019 y c\u00f3mo est\u00e1s evolucionando?<\/strong><\/p>\n<p>\u201cMe dicen \u2018El Galgo\u2019 por lo r\u00e1pido que soy, en cuanto a la T\u00e9cnica, la estoy ganando con mucho entrenamiento, porque ahora s\u00ed que me est\u00e1n entrenando con inteligencia, de m\u00e1s chico, yo s\u00f3lo corr\u00eda y corr\u00eda sin saber bien c\u00f3mo manejar mi cuerpo\u201d.<\/p>\n<p><strong>\u00bfCu\u00e1les son tus metas a corto y mediano plazo?<\/strong><\/p>\n<p>\u201cMi meta inmediata es ganar el Nacional de Atletismo, as\u00ed como tambi\u00e9n entrar al Suramericano de Brasil, siento que puedo dar a\u00fan m\u00e1s, pues cada d\u00eda los profesores Carlos y Solange me ayudan a desarrollar m\u00e1s velocidad\u201d.<\/p>\n<p><strong>\u00bfQui\u00e9nes te ayudan o patrocinan?<\/strong><\/p>\n<p>\u201cAunque no tengo a\u00fan un Patrocinador oficial, debo agradecer a muchas personas, en especial a la se\u00f1ora Ver\u00f3nica del Supermercado Flores, ella siempre me est\u00e1 apoyando con bebidas hidratantes, tambi\u00e9n doy las agracias a la Municipalidad de Santa Mar\u00eda, porque esa instituci\u00f3n me sigue apoyando con implementos deportivos como zapatos, uniformes y pasajes para mis entrenamientos, me gustar\u00eda que Buses Puma u otra empresa me patrocinara, pues siempre ellos lo hacen con otros atletas\u201d.<\/p>\n<p><strong>\u00bfTu mayor sue\u00f1o deportivo y acad\u00e9mico?<\/strong><\/p>\n<p>\u201cMi sue\u00f1o m\u00e1s grande, dentro de lo que es Atletismo, es el de batir el Record del jamaiquino Usain Bolt de 9.63 en los 100 metros Planos, ese es mi sue\u00f1o deportivo, acad\u00e9micamente yo seguir\u00e9 estudiando para ser Ingeniero\u201d.<\/p>\n<p><strong>\u201cDESDE CHICO SE ARRANCABA\u201d<\/strong><\/p>\n<p>Diario El Trabajo tambi\u00e9n habl\u00f3 con la madre del \u2018Galgo\u2019 Rojas, para conocer su opini\u00f3n sobre su hijo C\u00e9sar Mat\u00edas.<\/p>\n<p>\u201cMat\u00edas desde chico se arrancaba cuando yo pretend\u00eda castigarlo, siempre fue muy r\u00e1pido para correr y para subir a los \u00e1rboles, parec\u00eda un monito, hoy \u00e9l es nuestro orgullo, est\u00e1 haciendo sus cosas bien y sabemos que \u00e9l no est\u00e1 desperdiciando su juventud en malos pasos\u201d, coment\u00f3 la orgullosa madre.<\/p>\n<p>\u201cSus calificaciones de 6.8 y 6.9 son muy buenas, \u00e9l es un ejemplo para todos sus compa\u00f1eritos de escuela, cada uno de ellos quieren ganarle en velocidad y en notas, \u00e9l es la sensaci\u00f3n en nuestra comuna y sabemos que apenas est\u00e1 form\u00e1ndose como deportista\u201d, coment\u00f3 a nuestro medio la Directora de la Escuela Mar\u00eda Esp\u00ednola Espinoza de San Fernando en Santa Mar\u00eda.<\/p>\n<p>C\u00e9sar Mat\u00edas \u2018El Galgo\u2019 Rojas, pesa 60 kilos, mide 1,65 mts. y su Registro en los 80 mts Planos es de 10.02, sus tutores aseguran que en pocos meses esa cifra ser\u00e1 historia. Nuestro medio felicita p\u00fablicamente al joven atleta que hoy inicia su etapa como \u2018Figura p\u00fablica\u2019 del Deporte, tambi\u00e9n a sus entrenadores, formadores locales y regionales. Si en unos meses o a\u00f1os, este velocista llega a subir al podium del \u00e9xito dentro y fuera del pa\u00eds, recuerde que en Diario El Trabajo te lo presentamos, como el crak deportivo de quien estamos seguros, no nos decepcionar\u00e1.<\/p>\n<div class=\"tiled-gallery type-rectangular tiled-gallery-unresized\" data-original-width=\"640\" data-carousel-extra='null' itemscope itemtype=\"http:\/\/schema.org\/ImageGallery\" > <div class=\"gallery-row\" style=\"width: 640px; height: 313px;\" data-original-width=\"640\" data-original-height=\"313\" > <div class=\"gallery-group images-1\" style=\"width: 438px; height: 313px;\" data-original-width=\"438\" data-original-height=\"313\" > <div class=\"tiled-gallery-item tiled-gallery-item-large\" itemprop=\"associatedMedia\" itemscope itemtype=\"http:\/\/schema.org\/ImageObject\"> <a href=\"https:\/\/i0.wp.com\/eltrabajo.cl\/portal\/wp-content\/uploads\/2012\/09\/galgo2.jpg?ssl=1\" border=\"0\" itemprop=\"url\"> <meta itemprop=\"width\" content=\"434\"> <meta itemprop=\"height\" content=\"309\"> <img decoding=\"async\" class=\"\" data-attachment-id=\"23612\" data-orig-file=\"https:\/\/eltrabajo.cl\/portal\/wp-content\/uploads\/2012\/09\/galgo2.jpg\" data-orig-size=\"529,376\" data-comments-opened=\"1\" data-image-meta=\"{&quot;aperture&quot;:&quot;0&quot;,&quot;credit&quot;:&quot;&quot;,&quot;camera&quot;:&quot;&quot;,&quot;caption&quot;:&quot;&quot;,&quot;created_timestamp&quot;:&quot;0&quot;,&quot;copyright&quot;:&quot;&quot;,&quot;focal_length&quot;:&quot;0&quot;,&quot;iso&quot;:&quot;0&quot;,&quot;shutter_speed&quot;:&quot;0&quot;,&quot;title&quot;:&quot;&quot;}\" data-image-title=\"Precocidad, talento y madurez es lo que tiene en abundancia este joven de apenas catorce a\u00f1os, una promesa deportiva que promete llevar muy lejos el nombre de Santa Mar\u00eda de Aconcagua.\" data-image-description=\"\" data-medium-file=\"https:\/\/i0.wp.com\/eltrabajo.cl\/portal\/wp-content\/uploads\/2012\/09\/galgo2.jpg?fit=300%2C213&#038;ssl=1\" data-large-file=\"https:\/\/i0.wp.com\/eltrabajo.cl\/portal\/wp-content\/uploads\/2012\/09\/galgo2.jpg?fit=529%2C376&#038;ssl=1\" src=\"https:\/\/i0.wp.com\/eltrabajo.cl\/portal\/wp-content\/uploads\/2012\/09\/galgo2.jpg?w=434&#038;h=309&#038;ssl=1\" srcset=\"https:\/\/i0.wp.com\/eltrabajo.cl\/portal\/wp-content\/uploads\/2012\/09\/galgo2.jpg?w=529&amp;ssl=1 529w, https:\/\/i0.wp.com\/eltrabajo.cl\/portal\/wp-content\/uploads\/2012\/09\/galgo2.jpg?resize=200%2C142&amp;ssl=1 200w, https:\/\/i0.wp.com\/eltrabajo.cl\/portal\/wp-content\/uploads\/2012\/09\/galgo2.jpg?resize=300%2C213&amp;ssl=1 300w, https:\/\/i0.wp.com\/eltrabajo.cl\/portal\/wp-content\/uploads\/2012\/09\/galgo2.jpg?resize=150%2C106&amp;ssl=1 150w, https:\/\/i0.wp.com\/eltrabajo.cl\/portal\/wp-content\/uploads\/2012\/09\/galgo2.jpg?resize=400%2C284&amp;ssl=1 400w\" width=\"434\" height=\"309\" loading=\"lazy\" data-original-width=\"434\" data-original-height=\"309\" itemprop=\"http:\/\/schema.org\/image\" title=\"Precocidad, talento y madurez es lo que tiene en abundancia este joven de apenas catorce a\u00f1os, una promesa deportiva que promete llevar muy lejos el nombre de Santa Mar\u00eda de Aconcagua.\" alt=\"Precocidad, talento y madurez es lo que tiene en abundancia este joven de apenas catorce a\u00f1os, una promesa deportiva que promete llevar muy lejos el nombre de Santa Mar\u00eda de Aconcagua.\" style=\"width: 434px; height: 309px;\" \/> <\/a> <\/div> <\/div> <!-- close group --> <div class=\"gallery-group images-2\" style=\"width: 202px; height: 313px;\" data-original-width=\"202\" data-original-height=\"313\" > <div class=\"tiled-gallery-item tiled-gallery-item-small\" itemprop=\"associatedMedia\" itemscope itemtype=\"http:\/\/schema.org\/ImageObject\"> <a href=\"https:\/\/i0.wp.com\/eltrabajo.cl\/portal\/wp-content\/uploads\/2012\/09\/coreanos1.jpg?ssl=1\" border=\"0\" itemprop=\"url\"> <meta itemprop=\"width\" content=\"198\"> <meta itemprop=\"height\" content=\"129\"> <img decoding=\"async\" class=\"\" data-attachment-id=\"23613\" data-orig-file=\"https:\/\/eltrabajo.cl\/portal\/wp-content\/uploads\/2012\/09\/coreanos1.jpg\" data-orig-size=\"529,344\" data-comments-opened=\"1\" data-image-meta=\"{&quot;aperture&quot;:&quot;0&quot;,&quot;credit&quot;:&quot;&quot;,&quot;camera&quot;:&quot;&quot;,&quot;caption&quot;:&quot;&quot;,&quot;created_timestamp&quot;:&quot;0&quot;,&quot;copyright&quot;:&quot;&quot;,&quot;focal_length&quot;:&quot;0&quot;,&quot;iso&quot;:&quot;0&quot;,&quot;shutter_speed&quot;:&quot;0&quot;,&quot;title&quot;:&quot;&quot;}\" data-image-title=\"Muchos son los pa\u00edses que Solange Rodr\u00edguez ha visitado como formadora de atletas, aqu\u00ed la vemos primera Izq.en los Juegos de Invierno en Utah, EEUU 2002. \" data-image-description=\"\" data-medium-file=\"https:\/\/i0.wp.com\/eltrabajo.cl\/portal\/wp-content\/uploads\/2012\/09\/coreanos1.jpg?fit=300%2C195&#038;ssl=1\" data-large-file=\"https:\/\/i0.wp.com\/eltrabajo.cl\/portal\/wp-content\/uploads\/2012\/09\/coreanos1.jpg?fit=529%2C344&#038;ssl=1\" src=\"https:\/\/i0.wp.com\/eltrabajo.cl\/portal\/wp-content\/uploads\/2012\/09\/coreanos1.jpg?w=198&#038;h=129&#038;ssl=1\" srcset=\"https:\/\/i0.wp.com\/eltrabajo.cl\/portal\/wp-content\/uploads\/2012\/09\/coreanos1.jpg?w=529&amp;ssl=1 529w, https:\/\/i0.wp.com\/eltrabajo.cl\/portal\/wp-content\/uploads\/2012\/09\/coreanos1.jpg?resize=200%2C130&amp;ssl=1 200w, https:\/\/i0.wp.com\/eltrabajo.cl\/portal\/wp-content\/uploads\/2012\/09\/coreanos1.jpg?resize=300%2C195&amp;ssl=1 300w, https:\/\/i0.wp.com\/eltrabajo.cl\/portal\/wp-content\/uploads\/2012\/09\/coreanos1.jpg?resize=150%2C97&amp;ssl=1 150w, https:\/\/i0.wp.com\/eltrabajo.cl\/portal\/wp-content\/uploads\/2012\/09\/coreanos1.jpg?resize=400%2C260&amp;ssl=1 400w\" width=\"198\" height=\"129\" loading=\"lazy\" data-original-width=\"198\" data-original-height=\"129\" itemprop=\"http:\/\/schema.org\/image\" title=\"Muchos son los pa\u00edses que Solange Rodr\u00edguez ha visitado como formadora de atletas, aqu\u00ed la vemos primera Izq.en los Juegos de Invierno en Utah, EEUU 2002. \" alt=\"Muchos son los pa\u00edses que Solange Rodr\u00edguez ha visitado como formadora de atletas, aqu\u00ed la vemos primera Izq.en los Juegos de Invierno en Utah, EEUU 2002.\" style=\"width: 198px; height: 129px;\" \/> <\/a> <\/div> <div class=\"tiled-gallery-item tiled-gallery-item-small\" itemprop=\"associatedMedia\" itemscope itemtype=\"http:\/\/schema.org\/ImageObject\"> <a href=\"https:\/\/i0.wp.com\/eltrabajo.cl\/portal\/wp-content\/uploads\/2012\/09\/medallas1.jpg?ssl=1\" border=\"0\" itemprop=\"url\"> <meta itemprop=\"width\" content=\"198\"> <meta itemprop=\"height\" content=\"176\"> <img decoding=\"async\" class=\"\" data-attachment-id=\"23614\" data-orig-file=\"https:\/\/eltrabajo.cl\/portal\/wp-content\/uploads\/2012\/09\/medallas1.jpg\" data-orig-size=\"529,472\" data-comments-opened=\"1\" data-image-meta=\"{&quot;aperture&quot;:&quot;0&quot;,&quot;credit&quot;:&quot;&quot;,&quot;camera&quot;:&quot;&quot;,&quot;caption&quot;:&quot;&quot;,&quot;created_timestamp&quot;:&quot;0&quot;,&quot;copyright&quot;:&quot;&quot;,&quot;focal_length&quot;:&quot;0&quot;,&quot;iso&quot;:&quot;0&quot;,&quot;shutter_speed&quot;:&quot;0&quot;,&quot;title&quot;:&quot;&quot;}\" data-image-title=\"Mat\u00edas \u2018El Galgo\u2019 Rojas, muestra orgulloso algunas de sus medallas y asegura que ya se prepara para el Nacional de Atletismo. \" data-image-description=\"\" data-medium-file=\"https:\/\/i0.wp.com\/eltrabajo.cl\/portal\/wp-content\/uploads\/2012\/09\/medallas1.jpg?fit=300%2C267&#038;ssl=1\" data-large-file=\"https:\/\/i0.wp.com\/eltrabajo.cl\/portal\/wp-content\/uploads\/2012\/09\/medallas1.jpg?fit=529%2C472&#038;ssl=1\" src=\"https:\/\/i0.wp.com\/eltrabajo.cl\/portal\/wp-content\/uploads\/2012\/09\/medallas1.jpg?w=198&#038;h=176&#038;ssl=1\" srcset=\"https:\/\/i0.wp.com\/eltrabajo.cl\/portal\/wp-content\/uploads\/2012\/09\/medallas1.jpg?w=529&amp;ssl=1 529w, https:\/\/i0.wp.com\/eltrabajo.cl\/portal\/wp-content\/uploads\/2012\/09\/medallas1.jpg?resize=168%2C150&amp;ssl=1 168w, https:\/\/i0.wp.com\/eltrabajo.cl\/portal\/wp-content\/uploads\/2012\/09\/medallas1.jpg?resize=300%2C267&amp;ssl=1 300w, https:\/\/i0.wp.com\/eltrabajo.cl\/portal\/wp-content\/uploads\/2012\/09\/medallas1.jpg?resize=150%2C133&amp;ssl=1 150w, https:\/\/i0.wp.com\/eltrabajo.cl\/portal\/wp-content\/uploads\/2012\/09\/medallas1.jpg?resize=400%2C356&amp;ssl=1 400w\" width=\"198\" height=\"176\" loading=\"lazy\" data-original-width=\"198\" data-original-height=\"176\" itemprop=\"http:\/\/schema.org\/image\" title=\"Mat\u00edas \u2018El Galgo\u2019 Rojas, muestra orgulloso algunas de sus medallas y asegura que ya se prepara para el Nacional de Atletismo. \" alt=\"Mat\u00edas \u2018El Galgo\u2019 Rojas, muestra orgulloso algunas de sus medallas y asegura que ya se prepara para el Nacional de Atletismo.\" style=\"width: 198px; height: 176px;\" \/> <\/a> <\/div> <\/div> <!-- close group --> <\/div> <!-- close row --> <div class=\"gallery-row\" style=\"width: 640px; height: 329px;\" data-original-width=\"640\" data-original-height=\"329\" > <div class=\"gallery-group images-2\" style=\"width: 173px; height: 329px;\" data-original-width=\"173\" data-original-height=\"329\" > <div class=\"tiled-gallery-item tiled-gallery-item-small\" itemprop=\"associatedMedia\" itemscope itemtype=\"http:\/\/schema.org\/ImageObject\"> <a href=\"https:\/\/i0.wp.com\/eltrabajo.cl\/portal\/wp-content\/uploads\/2012\/09\/marcia1.jpg?ssl=1\" border=\"0\" itemprop=\"url\"> <meta itemprop=\"width\" content=\"169\"> <meta itemprop=\"height\" content=\"159\"> <img decoding=\"async\" class=\"\" data-attachment-id=\"23615\" data-orig-file=\"https:\/\/eltrabajo.cl\/portal\/wp-content\/uploads\/2012\/09\/marcia1.jpg\" data-orig-size=\"529,496\" data-comments-opened=\"1\" data-image-meta=\"{&quot;aperture&quot;:&quot;0&quot;,&quot;credit&quot;:&quot;&quot;,&quot;camera&quot;:&quot;&quot;,&quot;caption&quot;:&quot;&quot;,&quot;created_timestamp&quot;:&quot;0&quot;,&quot;copyright&quot;:&quot;&quot;,&quot;focal_length&quot;:&quot;0&quot;,&quot;iso&quot;:&quot;0&quot;,&quot;shutter_speed&quot;:&quot;0&quot;,&quot;title&quot;:&quot;&quot;}\" data-image-title=\"Marcia Cofr\u00e9, madre de \u2018El Galgo\u2019 Rojas.\" data-image-description=\"\" data-medium-file=\"https:\/\/i0.wp.com\/eltrabajo.cl\/portal\/wp-content\/uploads\/2012\/09\/marcia1.jpg?fit=300%2C281&#038;ssl=1\" data-large-file=\"https:\/\/i0.wp.com\/eltrabajo.cl\/portal\/wp-content\/uploads\/2012\/09\/marcia1.jpg?fit=529%2C496&#038;ssl=1\" src=\"https:\/\/i0.wp.com\/eltrabajo.cl\/portal\/wp-content\/uploads\/2012\/09\/marcia1.jpg?w=169&#038;h=159&#038;ssl=1\" srcset=\"https:\/\/i0.wp.com\/eltrabajo.cl\/portal\/wp-content\/uploads\/2012\/09\/marcia1.jpg?w=529&amp;ssl=1 529w, https:\/\/i0.wp.com\/eltrabajo.cl\/portal\/wp-content\/uploads\/2012\/09\/marcia1.jpg?resize=159%2C150&amp;ssl=1 159w, https:\/\/i0.wp.com\/eltrabajo.cl\/portal\/wp-content\/uploads\/2012\/09\/marcia1.jpg?resize=300%2C281&amp;ssl=1 300w, https:\/\/i0.wp.com\/eltrabajo.cl\/portal\/wp-content\/uploads\/2012\/09\/marcia1.jpg?resize=150%2C140&amp;ssl=1 150w, https:\/\/i0.wp.com\/eltrabajo.cl\/portal\/wp-content\/uploads\/2012\/09\/marcia1.jpg?resize=400%2C375&amp;ssl=1 400w\" width=\"169\" height=\"159\" loading=\"lazy\" data-original-width=\"169\" data-original-height=\"159\" itemprop=\"http:\/\/schema.org\/image\" title=\"Marcia Cofr\u00e9, madre de \u2018El Galgo\u2019 Rojas.\" alt=\"Marcia Cofr\u00e9, madre de \u2018El Galgo\u2019 Rojas.\" style=\"width: 169px; height: 159px;\" \/> <\/a> <\/div> <div class=\"tiled-gallery-item tiled-gallery-item-small\" itemprop=\"associatedMedia\" itemscope itemtype=\"http:\/\/schema.org\/ImageObject\"> <a href=\"https:\/\/i0.wp.com\/eltrabajo.cl\/portal\/wp-content\/uploads\/2012\/09\/monica1.jpg?ssl=1\" border=\"0\" itemprop=\"url\"> <meta itemprop=\"width\" content=\"169\"> <meta itemprop=\"height\" content=\"162\"> <img decoding=\"async\" class=\"\" data-attachment-id=\"23616\" data-orig-file=\"https:\/\/eltrabajo.cl\/portal\/wp-content\/uploads\/2012\/09\/monica1.jpg\" data-orig-size=\"529,506\" data-comments-opened=\"1\" data-image-meta=\"{&quot;aperture&quot;:&quot;0&quot;,&quot;credit&quot;:&quot;&quot;,&quot;camera&quot;:&quot;&quot;,&quot;caption&quot;:&quot;&quot;,&quot;created_timestamp&quot;:&quot;0&quot;,&quot;copyright&quot;:&quot;&quot;,&quot;focal_length&quot;:&quot;0&quot;,&quot;iso&quot;:&quot;0&quot;,&quot;shutter_speed&quot;:&quot;0&quot;,&quot;title&quot;:&quot;&quot;}\" data-image-title=\"M\u00f3nica Moyano, Directora de la Escuela Mar\u00eda Esp\u00ednola Espinoza de San Fernando en Santa Mar\u00eda, en donde Mat\u00edas cursa el 7\u00ba B\u00e1sico. \" data-image-description=\"\" data-medium-file=\"https:\/\/i0.wp.com\/eltrabajo.cl\/portal\/wp-content\/uploads\/2012\/09\/monica1.jpg?fit=300%2C286&#038;ssl=1\" data-large-file=\"https:\/\/i0.wp.com\/eltrabajo.cl\/portal\/wp-content\/uploads\/2012\/09\/monica1.jpg?fit=529%2C506&#038;ssl=1\" src=\"https:\/\/i0.wp.com\/eltrabajo.cl\/portal\/wp-content\/uploads\/2012\/09\/monica1.jpg?w=169&#038;h=162&#038;ssl=1\" srcset=\"https:\/\/i0.wp.com\/eltrabajo.cl\/portal\/wp-content\/uploads\/2012\/09\/monica1.jpg?w=529&amp;ssl=1 529w, https:\/\/i0.wp.com\/eltrabajo.cl\/portal\/wp-content\/uploads\/2012\/09\/monica1.jpg?resize=156%2C150&amp;ssl=1 156w, https:\/\/i0.wp.com\/eltrabajo.cl\/portal\/wp-content\/uploads\/2012\/09\/monica1.jpg?resize=300%2C286&amp;ssl=1 300w, https:\/\/i0.wp.com\/eltrabajo.cl\/portal\/wp-content\/uploads\/2012\/09\/monica1.jpg?resize=150%2C143&amp;ssl=1 150w, https:\/\/i0.wp.com\/eltrabajo.cl\/portal\/wp-content\/uploads\/2012\/09\/monica1.jpg?resize=400%2C382&amp;ssl=1 400w\" width=\"169\" height=\"162\" loading=\"lazy\" data-original-width=\"169\" data-original-height=\"162\" itemprop=\"http:\/\/schema.org\/image\" title=\"M\u00f3nica Moyano, Directora de la Escuela Mar\u00eda Esp\u00ednola Espinoza de San Fernando en Santa Mar\u00eda, en donde Mat\u00edas cursa el 7\u00ba B\u00e1sico. \" alt=\"M\u00f3nica Moyano, Directora de la Escuela Mar\u00eda Esp\u00ednola Espinoza de San Fernando en Santa Mar\u00eda, en donde Mat\u00edas cursa el 7\u00ba B\u00e1sico.\" style=\"width: 169px; height: 162px;\" \/> <\/a> <\/div> <\/div> <!-- close group --> <div class=\"gallery-group images-1\" style=\"width: 467px; height: 329px;\" data-original-width=\"467\" data-original-height=\"329\" > <div class=\"tiled-gallery-item tiled-gallery-item-large\" itemprop=\"associatedMedia\" itemscope itemtype=\"http:\/\/schema.org\/ImageObject\"> <a href=\"https:\/\/i0.wp.com\/eltrabajo.cl\/portal\/wp-content\/uploads\/2012\/09\/solange1.jpg?ssl=1\" border=\"0\" itemprop=\"url\"> <meta itemprop=\"width\" content=\"463\"> <meta itemprop=\"height\" content=\"325\"> <img decoding=\"async\" class=\"\" data-attachment-id=\"23617\" data-orig-file=\"https:\/\/eltrabajo.cl\/portal\/wp-content\/uploads\/2012\/09\/solange1.jpg\" data-orig-size=\"529,371\" data-comments-opened=\"1\" data-image-meta=\"{&quot;aperture&quot;:&quot;0&quot;,&quot;credit&quot;:&quot;&quot;,&quot;camera&quot;:&quot;&quot;,&quot;caption&quot;:&quot;&quot;,&quot;created_timestamp&quot;:&quot;0&quot;,&quot;copyright&quot;:&quot;&quot;,&quot;focal_length&quot;:&quot;0&quot;,&quot;iso&quot;:&quot;0&quot;,&quot;shutter_speed&quot;:&quot;0&quot;,&quot;title&quot;:&quot;&quot;}\" data-image-title=\"Solange Rodr\u00edguez, Profesora de Educaci\u00f3n F\u00edsica en Santa Mar\u00eda. \" data-image-description=\"\" data-medium-file=\"https:\/\/i0.wp.com\/eltrabajo.cl\/portal\/wp-content\/uploads\/2012\/09\/solange1.jpg?fit=300%2C210&#038;ssl=1\" data-large-file=\"https:\/\/i0.wp.com\/eltrabajo.cl\/portal\/wp-content\/uploads\/2012\/09\/solange1.jpg?fit=529%2C371&#038;ssl=1\" src=\"https:\/\/i0.wp.com\/eltrabajo.cl\/portal\/wp-content\/uploads\/2012\/09\/solange1.jpg?w=463&#038;h=325&#038;ssl=1\" srcset=\"https:\/\/i0.wp.com\/eltrabajo.cl\/portal\/wp-content\/uploads\/2012\/09\/solange1.jpg?w=529&amp;ssl=1 529w, https:\/\/i0.wp.com\/eltrabajo.cl\/portal\/wp-content\/uploads\/2012\/09\/solange1.jpg?resize=200%2C140&amp;ssl=1 200w, https:\/\/i0.wp.com\/eltrabajo.cl\/portal\/wp-content\/uploads\/2012\/09\/solange1.jpg?resize=300%2C210&amp;ssl=1 300w, https:\/\/i0.wp.com\/eltrabajo.cl\/portal\/wp-content\/uploads\/2012\/09\/solange1.jpg?resize=150%2C105&amp;ssl=1 150w, https:\/\/i0.wp.com\/eltrabajo.cl\/portal\/wp-content\/uploads\/2012\/09\/solange1.jpg?resize=400%2C280&amp;ssl=1 400w\" width=\"463\" height=\"325\" loading=\"lazy\" data-original-width=\"463\" data-original-height=\"325\" itemprop=\"http:\/\/schema.org\/image\" title=\"Solange Rodr\u00edguez, Profesora de Educaci\u00f3n F\u00edsica en Santa Mar\u00eda. \" alt=\"Solange Rodr\u00edguez, Profesora de Educaci\u00f3n F\u00edsica en Santa Mar\u00eda.\" style=\"width: 463px; height: 325px;\" \/> <\/a> <\/div> <\/div> <!-- close group --> <\/div> <!-- close row --> <\/div>\n","protected":false},"excerpt":{"rendered":"<p>Tres ingredientes para ser un Crack deportivo: Precocidad, talento y madurez, con esos elementos a favor y jug\u00e1ndonos el Nombre, Diario El Trabajo te presenta a la \u2018Promesa\u2019 deportiva con mayor proyecci\u00f3n&#8230;<\/p>\n","protected":false},"author":482,"featured_media":23612,"comment_status":"open","ping_status":"closed","sticky":false,"template":"","format":"standard","meta":{"advanced_seo_description":"","jetpack_seo_html_title":"","jetpack_seo_noindex":false,"_jetpack_memberships_contains_paid_content":false,"footnotes":""},"categories":[15],"tags":[],"class_list":["post-23611","post","type-post","status-publish","format-standard","has-post-thumbnail","hentry","category-comunidad"],"jetpack_featured_media_url":"https:\/\/i0.wp.com\/eltrabajo.cl\/portal\/wp-content\/uploads\/2012\/09\/galgo2.jpg?fit=529%2C376&ssl=1","jetpack_sharing_enabled":true,"jetpack_likes_enabled":true,"jetpack-related-posts":[],"_links":{"self":[{"href":"https:\/\/eltrabajo.cl\/portal\/wp-json\/wp\/v2\/posts\/23611","targetHints":{"allow":["GET"]}}],"collection":[{"href":"https:\/\/eltrabajo.cl\/portal\/wp-json\/wp\/v2\/posts"}],"about":[{"href":"https:\/\/eltrabajo.cl\/portal\/wp-json\/wp\/v2\/types\/post"}],"author":[{"embeddable":true,"href":"https:\/\/eltrabajo.cl\/portal\/wp-json\/wp\/v2\/users\/482"}],"replies":[{"embeddable":true,"href":"https:\/\/eltrabajo.cl\/portal\/wp-json\/wp\/v2\/comments?post=23611"}],"version-history":[{"count":0,"href":"https:\/\/eltrabajo.cl\/portal\/wp-json\/wp\/v2\/posts\/23611\/revisions"}],"wp:featuredmedia":[{"embeddable":true,"href":"https:\/\/eltrabajo.cl\/portal\/wp-json\/wp\/v2\/media\/23612"}],"wp:attachment":[{"href":"https:\/\/eltrabajo.cl\/portal\/wp-json\/wp\/v2\/media?parent=23611"}],"wp:term":[{"taxonomy":"category","embeddable":true,"href":"https:\/\/eltrabajo.cl\/portal\/wp-json\/wp\/v2\/categories?post=23611"},{"taxonomy":"post_tag","embeddable":true,"href":"https:\/\/eltrabajo.cl\/portal\/wp-json\/wp\/v2\/tags?post=23611"}],"curies":[{"name":"wp","href":"https:\/\/api.w.org\/{rel}","templated":true}]}}