{"id":23626,"date":"2012-09-11T09:44:24","date_gmt":"2012-09-11T12:44:24","guid":{"rendered":"http:\/\/www.eltrabajo.cl\/portal\/?p=23626"},"modified":"2012-09-11T09:44:24","modified_gmt":"2012-09-11T12:44:24","slug":"donan-tomador-de-presion-para-adultos-mayores","status":"publish","type":"post","link":"https:\/\/eltrabajo.cl\/portal\/donan-tomador-de-presion-para-adultos-mayores\/","title":{"rendered":"Donan tomador de presi\u00f3n para adultos mayores"},"content":{"rendered":"<figure id=\"attachment_23627\" aria-describedby=\"caption-attachment-23627\" style=\"width: 529px\" class=\"wp-caption alignnone\"><a href=\"http:\/\/www.eltrabajo.cl\/portal\/2012\/09\/donan-tomador-de-presion-para-adultos-mayores\/adultos-mayores\/\" rel=\"attachment wp-att-23627\"><img data-recalc-dims=\"1\" loading=\"lazy\" decoding=\"async\" class=\"size-full wp-image-23627\" title=\"La Directiva del Club \u2018Los Recuerdos de la Bella Edad\u2019, Sergio Silva, Rosario Hern\u00e1ndez y Virginia Lazo, agradecen el tomador de presi\u00f3n donado por la Gobernadora Patricia Boffa. \" src=\"https:\/\/i0.wp.com\/www.eltrabajo.cl\/portal\/wp-content\/uploads\/2012\/09\/adultos-mayores.jpg?resize=529%2C397\" alt=\"\" width=\"529\" height=\"397\" srcset=\"https:\/\/i0.wp.com\/eltrabajo.cl\/portal\/wp-content\/uploads\/2012\/09\/adultos-mayores.jpg?w=529&amp;ssl=1 529w, https:\/\/i0.wp.com\/eltrabajo.cl\/portal\/wp-content\/uploads\/2012\/09\/adultos-mayores.jpg?resize=200%2C150&amp;ssl=1 200w, https:\/\/i0.wp.com\/eltrabajo.cl\/portal\/wp-content\/uploads\/2012\/09\/adultos-mayores.jpg?resize=300%2C225&amp;ssl=1 300w, https:\/\/i0.wp.com\/eltrabajo.cl\/portal\/wp-content\/uploads\/2012\/09\/adultos-mayores.jpg?resize=150%2C112&amp;ssl=1 150w, https:\/\/i0.wp.com\/eltrabajo.cl\/portal\/wp-content\/uploads\/2012\/09\/adultos-mayores.jpg?resize=400%2C300&amp;ssl=1 400w\" sizes=\"auto, (max-width: 529px) 100vw, 529px\" \/><\/a><figcaption id=\"caption-attachment-23627\" class=\"wp-caption-text\">La Directiva del Club \u2018Los Recuerdos de la Bella Edad\u2019, Sergio Silva, Rosario Hern\u00e1ndez y Virginia Lazo, agradecen el tomador de presi\u00f3n donado por la Gobernadora Patricia Boffa.<\/figcaption><\/figure>\n<p>Pablo Salinas Sald\u00edas &#8211; psalinas@eltrabajo.cl<\/p>\n<p>La Directiva del Club Adulto Mayor \u2018Los Recuerdos de La Bella Edad\u2019, agradece p\u00fablicamente la entrega de un tomador de presi\u00f3n gentileza de la Gobernadora Provincial Patricia Boffa, para el uso de los 40 socios que participan de diversas actividades de esparcimiento y deportivas en su sede ubicada en calle Freire de San Felipe.<\/p>\n<p>Rosario Hern\u00e1ndez, presidenta de dicha agrupaci\u00f3n, se\u00f1al\u00f3 la importancia de este instrumento esencial para el control de la salud de los socios inscritos, agradeciendo adem\u00e1s la entrega de una estufa a una socia que se encuentra en estado de vulnerabilidad econ\u00f3mica, la que fue donada tambi\u00e9n por la Gobernadora \u2018que una vez m\u00e1s ha demostrado su compromiso en ayudar a los adultos mayores\u2019, sostuvo la representante del Club.<\/p>\n","protected":false},"excerpt":{"rendered":"<p>Pablo Salinas Sald\u00edas &#8211; psalinas@eltrabajo.cl La Directiva del Club Adulto Mayor \u2018Los Recuerdos de La Bella Edad\u2019, agradece p\u00fablicamente la entrega de un tomador de presi\u00f3n gentileza de la Gobernadora Provincial Patricia&#8230;<\/p>\n","protected":false},"author":482,"featured_media":23627,"comment_status":"open","ping_status":"closed","sticky":false,"template":"","format":"standard","meta":{"advanced_seo_description":"","jetpack_seo_html_title":"","jetpack_seo_noindex":false,"_jetpack_memberships_contains_paid_content":false,"footnotes":""},"categories":[15],"tags":[],"class_list":["post-23626","post","type-post","status-publish","format-standard","has-post-thumbnail","hentry","category-comunidad"],"jetpack_featured_media_url":"https:\/\/i0.wp.com\/eltrabajo.cl\/portal\/wp-content\/uploads\/2012\/09\/adultos-mayores.jpg?fit=529%2C397&ssl=1","jetpack_sharing_enabled":true,"jetpack_likes_enabled":true,"jetpack-related-posts":[],"_links":{"self":[{"href":"https:\/\/eltrabajo.cl\/portal\/wp-json\/wp\/v2\/posts\/23626","targetHints":{"allow":["GET"]}}],"collection":[{"href":"https:\/\/eltrabajo.cl\/portal\/wp-json\/wp\/v2\/posts"}],"about":[{"href":"https:\/\/eltrabajo.cl\/portal\/wp-json\/wp\/v2\/types\/post"}],"author":[{"embeddable":true,"href":"https:\/\/eltrabajo.cl\/portal\/wp-json\/wp\/v2\/users\/482"}],"replies":[{"embeddable":true,"href":"https:\/\/eltrabajo.cl\/portal\/wp-json\/wp\/v2\/comments?post=23626"}],"version-history":[{"count":0,"href":"https:\/\/eltrabajo.cl\/portal\/wp-json\/wp\/v2\/posts\/23626\/revisions"}],"wp:featuredmedia":[{"embeddable":true,"href":"https:\/\/eltrabajo.cl\/portal\/wp-json\/wp\/v2\/media\/23627"}],"wp:attachment":[{"href":"https:\/\/eltrabajo.cl\/portal\/wp-json\/wp\/v2\/media?parent=23626"}],"wp:term":[{"taxonomy":"category","embeddable":true,"href":"https:\/\/eltrabajo.cl\/portal\/wp-json\/wp\/v2\/categories?post=23626"},{"taxonomy":"post_tag","embeddable":true,"href":"https:\/\/eltrabajo.cl\/portal\/wp-json\/wp\/v2\/tags?post=23626"}],"curies":[{"name":"wp","href":"https:\/\/api.w.org\/{rel}","templated":true}]}}