{"id":23631,"date":"2012-09-11T09:45:16","date_gmt":"2012-09-11T12:45:16","guid":{"rendered":"http:\/\/www.eltrabajo.cl\/portal\/?p=23631"},"modified":"2012-09-11T09:45:16","modified_gmt":"2012-09-11T12:45:16","slug":"candidato-a-alcalde-del-partido-comunista-por-catemu-lanza-oficialmente-su-campana","status":"publish","type":"post","link":"https:\/\/eltrabajo.cl\/portal\/candidato-a-alcalde-del-partido-comunista-por-catemu-lanza-oficialmente-su-campana\/","title":{"rendered":"Candidato a Alcalde del Partido Comunista por Catemu lanza oficialmente su campa\u00f1a"},"content":{"rendered":"<figure id=\"attachment_23632\" aria-describedby=\"caption-attachment-23632\" style=\"width: 527px\" class=\"wp-caption alignnone\"><a href=\"http:\/\/www.eltrabajo.cl\/portal\/2012\/09\/candidato-a-alcalde-del-partido-comunista-por-catemu-lanza-oficialmente-su-campana\/candidatos-catemu\/\" rel=\"attachment wp-att-23632\"><img data-recalc-dims=\"1\" loading=\"lazy\" decoding=\"async\" class=\"size-full wp-image-23632\" title=\"Los candidatos a concejales junto al Comunista Carlos Vald\u00e9s, quien postula a la alcald\u00eda de Catemu. \" src=\"https:\/\/i0.wp.com\/www.eltrabajo.cl\/portal\/wp-content\/uploads\/2012\/09\/candidatos-catemu.jpg?resize=527%2C222\" alt=\"\" width=\"527\" height=\"222\" srcset=\"https:\/\/i0.wp.com\/eltrabajo.cl\/portal\/wp-content\/uploads\/2012\/09\/candidatos-catemu.jpg?w=527&amp;ssl=1 527w, https:\/\/i0.wp.com\/eltrabajo.cl\/portal\/wp-content\/uploads\/2012\/09\/candidatos-catemu.jpg?resize=200%2C84&amp;ssl=1 200w, https:\/\/i0.wp.com\/eltrabajo.cl\/portal\/wp-content\/uploads\/2012\/09\/candidatos-catemu.jpg?resize=300%2C126&amp;ssl=1 300w, https:\/\/i0.wp.com\/eltrabajo.cl\/portal\/wp-content\/uploads\/2012\/09\/candidatos-catemu.jpg?resize=150%2C63&amp;ssl=1 150w, https:\/\/i0.wp.com\/eltrabajo.cl\/portal\/wp-content\/uploads\/2012\/09\/candidatos-catemu.jpg?resize=400%2C168&amp;ssl=1 400w\" sizes=\"auto, (max-width: 527px) 100vw, 527px\" \/><\/a><figcaption id=\"caption-attachment-23632\" class=\"wp-caption-text\">Los candidatos a concejales junto al Comunista Carlos Vald\u00e9s, quien postula a la alcald\u00eda de Catemu.<\/figcaption><\/figure>\n<p>El s\u00e1bado reci\u00e9n pasado, el candidato a Alcalde del Partido Comunista en Catemu, Carlos Vald\u00e9s, dio el puntapi\u00e9 inicial a su campa\u00f1a con un acto p\u00fablico acompa\u00f1ado de los candidatos a concejales de Oposici\u00f3n y destacadas autoridades pol\u00edticas a nivel nacional.<\/p>\n<p>El evento que se desarroll\u00f3 en la multicancha de la Parroquia de Catemu cont\u00f3 con la presencia del Senador Ignacio Walker, los diputados Marco Antonio Nu\u00f1ez y Guillermo Tellier, quienes en sus intervenciones hicieron un ferviente llamado a votar por Vald\u00e9s y comprometieron todo su apoyo al candidato.<\/p>\n<p>En la ocasi\u00f3n Vald\u00e9s fue acompa\u00f1ado de los siguientes candidatos a concejales: Eugenia Albornoz y Carlos Meneses (del PC); Marcela L\u00f3pez y Roberto Rojas (DC); Claudio N\u00fa\u00f1ez y Jorge Desidel (PPD); Juan Ram\u00edrez (PR); y Rosa Araya, Cecilia Tapia y Jos\u00e9 Vergara (PS). A la actividad tambi\u00e9n asisti\u00f3 el candidato a concejal del PRI, Israel Vera.<\/p>\n<p>En la oportunidad Carlos Vald\u00e9s agradeci\u00f3 la presencia a sus adherentes y destac\u00f3 el clima de unidad con que se desarroll\u00f3 la actividad e hizo \u00e9nfasis en la importancia que tiene su candidatura como opci\u00f3n de cambio y que es absolutamente necesario cambiar la administraci\u00f3n municipal, en donde los \u00faltimos 23 a\u00f1os ha tenido solamente dos alcaldes, sus actuales contendores.<\/p>\n<p>En lo art\u00edstico la actividad fue abierta por el destacado grupo local de m\u00fasica latinoamericana Tumbao y culmin\u00f3 con el hist\u00f3rico concierto del grupo nacional Sol y Lluvia, quienes tambi\u00e9n expresaron su apoyo a Vald\u00e9s.<\/p>\n<p>&nbsp;<\/p>\n","protected":false},"excerpt":{"rendered":"<p>El s\u00e1bado reci\u00e9n pasado, el candidato a Alcalde del Partido Comunista en Catemu, Carlos Vald\u00e9s, dio el puntapi\u00e9 inicial a su campa\u00f1a con un acto p\u00fablico acompa\u00f1ado de los candidatos a concejales&#8230;<\/p>\n","protected":false},"author":482,"featured_media":23632,"comment_status":"open","ping_status":"closed","sticky":false,"template":"","format":"standard","meta":{"advanced_seo_description":"","jetpack_seo_html_title":"","jetpack_seo_noindex":false,"_jetpack_memberships_contains_paid_content":false,"footnotes":""},"categories":[15],"tags":[],"class_list":["post-23631","post","type-post","status-publish","format-standard","has-post-thumbnail","hentry","category-comunidad"],"jetpack_featured_media_url":"https:\/\/i0.wp.com\/eltrabajo.cl\/portal\/wp-content\/uploads\/2012\/09\/candidatos-catemu.jpg?fit=527%2C222&ssl=1","jetpack_sharing_enabled":true,"jetpack_likes_enabled":true,"jetpack-related-posts":[],"_links":{"self":[{"href":"https:\/\/eltrabajo.cl\/portal\/wp-json\/wp\/v2\/posts\/23631","targetHints":{"allow":["GET"]}}],"collection":[{"href":"https:\/\/eltrabajo.cl\/portal\/wp-json\/wp\/v2\/posts"}],"about":[{"href":"https:\/\/eltrabajo.cl\/portal\/wp-json\/wp\/v2\/types\/post"}],"author":[{"embeddable":true,"href":"https:\/\/eltrabajo.cl\/portal\/wp-json\/wp\/v2\/users\/482"}],"replies":[{"embeddable":true,"href":"https:\/\/eltrabajo.cl\/portal\/wp-json\/wp\/v2\/comments?post=23631"}],"version-history":[{"count":0,"href":"https:\/\/eltrabajo.cl\/portal\/wp-json\/wp\/v2\/posts\/23631\/revisions"}],"wp:featuredmedia":[{"embeddable":true,"href":"https:\/\/eltrabajo.cl\/portal\/wp-json\/wp\/v2\/media\/23632"}],"wp:attachment":[{"href":"https:\/\/eltrabajo.cl\/portal\/wp-json\/wp\/v2\/media?parent=23631"}],"wp:term":[{"taxonomy":"category","embeddable":true,"href":"https:\/\/eltrabajo.cl\/portal\/wp-json\/wp\/v2\/categories?post=23631"},{"taxonomy":"post_tag","embeddable":true,"href":"https:\/\/eltrabajo.cl\/portal\/wp-json\/wp\/v2\/tags?post=23631"}],"curies":[{"name":"wp","href":"https:\/\/api.w.org\/{rel}","templated":true}]}}