{"id":23635,"date":"2012-09-11T09:54:33","date_gmt":"2012-09-11T12:54:33","guid":{"rendered":"http:\/\/www.eltrabajo.cl\/portal\/?p=23635"},"modified":"2012-09-11T09:54:33","modified_gmt":"2012-09-11T12:54:33","slug":"poblacion-el-asiento-celebro-a-lo-grande-su-248o-aniversario","status":"publish","type":"post","link":"https:\/\/eltrabajo.cl\/portal\/poblacion-el-asiento-celebro-a-lo-grande-su-248o-aniversario\/","title":{"rendered":"Poblaci\u00f3n El Asiento celebr\u00f3 a lo grande su 248\u00ba Aniversario"},"content":{"rendered":"<p><a href=\"http:\/\/www.eltrabajo.cl\/portal\/2012\/09\/poblacion-el-asiento-celebro-a-lo-grande-su-248o-aniversario\/cueca1-3\/\" rel=\"attachment wp-att-23641\"><img data-recalc-dims=\"1\" loading=\"lazy\" decoding=\"async\" class=\"alignnone size-full wp-image-23641\" title=\"Los peque\u00f1itos dieron rienda suelta a todo su entusiasmo y deleitaron a los presentes con esta colorida cueca.\" src=\"https:\/\/i0.wp.com\/www.eltrabajo.cl\/portal\/wp-content\/uploads\/2012\/09\/cueca11.jpg?resize=528%2C389\" alt=\"\" width=\"528\" height=\"389\" srcset=\"https:\/\/i0.wp.com\/eltrabajo.cl\/portal\/wp-content\/uploads\/2012\/09\/cueca11.jpg?w=528&amp;ssl=1 528w, https:\/\/i0.wp.com\/eltrabajo.cl\/portal\/wp-content\/uploads\/2012\/09\/cueca11.jpg?resize=200%2C147&amp;ssl=1 200w, https:\/\/i0.wp.com\/eltrabajo.cl\/portal\/wp-content\/uploads\/2012\/09\/cueca11.jpg?resize=300%2C221&amp;ssl=1 300w, https:\/\/i0.wp.com\/eltrabajo.cl\/portal\/wp-content\/uploads\/2012\/09\/cueca11.jpg?resize=150%2C110&amp;ssl=1 150w, https:\/\/i0.wp.com\/eltrabajo.cl\/portal\/wp-content\/uploads\/2012\/09\/cueca11.jpg?resize=400%2C294&amp;ssl=1 400w\" sizes=\"auto, (max-width: 528px) 100vw, 528px\" \/><\/a><\/p>\n<p>Roberto Gonz\u00e1lez Short &#8211; rgonzalez@eltrabajo.cl<\/p>\n<p>\u00bfQu\u00e9 prefiere, leer el cuento o disfrutar de las fotograf\u00edas? Le sugerimos ambas cosas, porque lo vivido en la comunidad de El Asiento de San Felipe, literalmente fue una celebraci\u00f3n \u2018con bombos y platillos\u2019 para recordar sus 248 a\u00f1os de existencia como poblaci\u00f3n, pues la Memoria de sus antepasados fue honrada con un colorido desfile c\u00edvico-militar, baile de cueca, polic\u00eda montada, entrega de reconocimientos comunales y hasta la tradicional chica en cacho.<\/p>\n<p>Diario El Trabajo public\u00f3 recientemente la Historia de El Asiento, ahora te presentamos el registro gr\u00e1fico de nuestras c\u00e1maras en la actividad que convoc\u00f3 a cientos de personas que desde las diez de la ma\u00f1ana celebraron el aniversario de su poblaci\u00f3n hasta las doce y media de la noche.<\/p>\n<p><strong>LOS PROTAGONISTAS<\/strong><\/p>\n<p>En primer plano, los protagonistas estelares de este \u2018Esquinazo\u2019, fueron los propios habitantes del pueblito fundado el martes 18 de septiembre de 1764. Tambi\u00e9n dieron vida a este pomposo evento, la 7\u00aa Compa\u00f1\u00eda de Bomberos de San Felipe; Carabineros de Fronteras; Regimiento Yungay; Orfe\u00f3n Municipal; el Alcalde Jaime Amar; la Gobernadora Patricia Boffa; el Prefecto de Carabineros Manuel Letelier; Iv\u00e1n Reyes, Consejero Regional y varios concejales.<\/p>\n<p>En horas de la tarde y noche, hubo m\u00fasica bailable con Lucero Fern\u00e1ndez, Charros del Valle y El Real, Lauri-Lauri, Vladimir Henr\u00edquez y otras luminarias de la far\u00e1ndula aconcag\u00fcina. Nuevamente Diario El Trabajo felicita p\u00fablicamente a los 800 habitantes de la poblaci\u00f3n El Asiento en su 248\u00ba Aniversario.<\/p>\n<div class=\"tiled-gallery type-rectangular tiled-gallery-unresized\" data-original-width=\"640\" data-carousel-extra='null' itemscope itemtype=\"http:\/\/schema.org\/ImageGallery\" > <div class=\"gallery-row\" style=\"width: 640px; height: 422px;\" data-original-width=\"640\" data-original-height=\"422\" > <div class=\"gallery-group images-2\" style=\"width: 287px; height: 422px;\" data-original-width=\"287\" data-original-height=\"422\" > <div class=\"tiled-gallery-item tiled-gallery-item-large\" itemprop=\"associatedMedia\" itemscope itemtype=\"http:\/\/schema.org\/ImageObject\"> <a href=\"https:\/\/i0.wp.com\/eltrabajo.cl\/portal\/wp-content\/uploads\/2012\/09\/abuelos1.jpg?ssl=1\" border=\"0\" itemprop=\"url\"> <meta itemprop=\"width\" content=\"283\"> <meta itemprop=\"height\" content=\"202\"> <img decoding=\"async\" class=\"\" data-attachment-id=\"23636\" data-orig-file=\"https:\/\/eltrabajo.cl\/portal\/wp-content\/uploads\/2012\/09\/abuelos1.jpg\" data-orig-size=\"528,377\" data-comments-opened=\"1\" data-image-meta=\"{&quot;aperture&quot;:&quot;0&quot;,&quot;credit&quot;:&quot;&quot;,&quot;camera&quot;:&quot;&quot;,&quot;caption&quot;:&quot;&quot;,&quot;created_timestamp&quot;:&quot;0&quot;,&quot;copyright&quot;:&quot;&quot;,&quot;focal_length&quot;:&quot;0&quot;,&quot;iso&quot;:&quot;0&quot;,&quot;shutter_speed&quot;:&quot;0&quot;,&quot;title&quot;:&quot;&quot;}\" data-image-title=\"El Club del Adulto Mayor San Isidro, de El Asiento, tambi\u00e9n estuvo presente en esta actividad.\" data-image-description=\"\" data-medium-file=\"https:\/\/i0.wp.com\/eltrabajo.cl\/portal\/wp-content\/uploads\/2012\/09\/abuelos1.jpg?fit=300%2C214&#038;ssl=1\" data-large-file=\"https:\/\/i0.wp.com\/eltrabajo.cl\/portal\/wp-content\/uploads\/2012\/09\/abuelos1.jpg?fit=528%2C377&#038;ssl=1\" src=\"https:\/\/i0.wp.com\/eltrabajo.cl\/portal\/wp-content\/uploads\/2012\/09\/abuelos1.jpg?w=283&#038;h=202&#038;ssl=1\" srcset=\"https:\/\/i0.wp.com\/eltrabajo.cl\/portal\/wp-content\/uploads\/2012\/09\/abuelos1.jpg?w=528&amp;ssl=1 528w, https:\/\/i0.wp.com\/eltrabajo.cl\/portal\/wp-content\/uploads\/2012\/09\/abuelos1.jpg?resize=200%2C142&amp;ssl=1 200w, https:\/\/i0.wp.com\/eltrabajo.cl\/portal\/wp-content\/uploads\/2012\/09\/abuelos1.jpg?resize=300%2C214&amp;ssl=1 300w, https:\/\/i0.wp.com\/eltrabajo.cl\/portal\/wp-content\/uploads\/2012\/09\/abuelos1.jpg?resize=150%2C107&amp;ssl=1 150w, https:\/\/i0.wp.com\/eltrabajo.cl\/portal\/wp-content\/uploads\/2012\/09\/abuelos1.jpg?resize=400%2C285&amp;ssl=1 400w\" width=\"283\" height=\"202\" loading=\"lazy\" data-original-width=\"283\" data-original-height=\"202\" itemprop=\"http:\/\/schema.org\/image\" title=\"El Club del Adulto Mayor San Isidro, de El Asiento, tambi\u00e9n estuvo presente en esta actividad.\" alt=\"El Club del Adulto Mayor San Isidro, de El Asiento, tambi\u00e9n estuvo presente en esta actividad.\" style=\"width: 283px; height: 202px;\" \/> <\/a> <\/div> <div class=\"tiled-gallery-item tiled-gallery-item-large\" itemprop=\"associatedMedia\" itemscope itemtype=\"http:\/\/schema.org\/ImageObject\"> <a href=\"https:\/\/i0.wp.com\/eltrabajo.cl\/portal\/wp-content\/uploads\/2012\/09\/orfeon1.jpg?ssl=1\" border=\"0\" itemprop=\"url\"> <meta itemprop=\"width\" content=\"283\"> <meta itemprop=\"height\" content=\"212\"> <img decoding=\"async\" class=\"\" data-attachment-id=\"23637\" data-orig-file=\"https:\/\/eltrabajo.cl\/portal\/wp-content\/uploads\/2012\/09\/orfeon1.jpg\" data-orig-size=\"529,397\" data-comments-opened=\"1\" data-image-meta=\"{&quot;aperture&quot;:&quot;0&quot;,&quot;credit&quot;:&quot;&quot;,&quot;camera&quot;:&quot;&quot;,&quot;caption&quot;:&quot;&quot;,&quot;created_timestamp&quot;:&quot;0&quot;,&quot;copyright&quot;:&quot;&quot;,&quot;focal_length&quot;:&quot;0&quot;,&quot;iso&quot;:&quot;0&quot;,&quot;shutter_speed&quot;:&quot;0&quot;,&quot;title&quot;:&quot;&quot;}\" data-image-title=\"El Orfe\u00f3n Municipal se encarg\u00f3 de la parte principal del desfile, la m\u00fasica y el ritmo exacto para que todo saliera bien.\" data-image-description=\"\" data-medium-file=\"https:\/\/i0.wp.com\/eltrabajo.cl\/portal\/wp-content\/uploads\/2012\/09\/orfeon1.jpg?fit=300%2C225&#038;ssl=1\" data-large-file=\"https:\/\/i0.wp.com\/eltrabajo.cl\/portal\/wp-content\/uploads\/2012\/09\/orfeon1.jpg?fit=529%2C397&#038;ssl=1\" src=\"https:\/\/i0.wp.com\/eltrabajo.cl\/portal\/wp-content\/uploads\/2012\/09\/orfeon1.jpg?w=283&#038;h=212&#038;ssl=1\" srcset=\"https:\/\/i0.wp.com\/eltrabajo.cl\/portal\/wp-content\/uploads\/2012\/09\/orfeon1.jpg?w=529&amp;ssl=1 529w, https:\/\/i0.wp.com\/eltrabajo.cl\/portal\/wp-content\/uploads\/2012\/09\/orfeon1.jpg?resize=200%2C150&amp;ssl=1 200w, https:\/\/i0.wp.com\/eltrabajo.cl\/portal\/wp-content\/uploads\/2012\/09\/orfeon1.jpg?resize=300%2C225&amp;ssl=1 300w, https:\/\/i0.wp.com\/eltrabajo.cl\/portal\/wp-content\/uploads\/2012\/09\/orfeon1.jpg?resize=150%2C112&amp;ssl=1 150w, https:\/\/i0.wp.com\/eltrabajo.cl\/portal\/wp-content\/uploads\/2012\/09\/orfeon1.jpg?resize=400%2C300&amp;ssl=1 400w\" width=\"283\" height=\"212\" loading=\"lazy\" data-original-width=\"283\" data-original-height=\"212\" itemprop=\"http:\/\/schema.org\/image\" title=\"El Orfe\u00f3n Municipal se encarg\u00f3 de la parte principal del desfile, la m\u00fasica y el ritmo exacto para que todo saliera bien.\" alt=\"El Orfe\u00f3n Municipal se encarg\u00f3 de la parte principal del desfile, la m\u00fasica y el ritmo exacto para que todo saliera bien.\" style=\"width: 283px; height: 212px;\" \/> <\/a> <\/div> <\/div> <!-- close group --> <div class=\"gallery-group images-1\" style=\"width: 353px; height: 422px;\" data-original-width=\"353\" data-original-height=\"422\" > <div class=\"tiled-gallery-item tiled-gallery-item-large\" itemprop=\"associatedMedia\" itemscope itemtype=\"http:\/\/schema.org\/ImageObject\"> <a href=\"https:\/\/i0.wp.com\/eltrabajo.cl\/portal\/wp-content\/uploads\/2012\/09\/chicha.jpg?ssl=1\" border=\"0\" itemprop=\"url\"> <meta itemprop=\"width\" content=\"349\"> <meta itemprop=\"height\" content=\"418\"> <img decoding=\"async\" class=\"\" data-attachment-id=\"23638\" data-orig-file=\"https:\/\/eltrabajo.cl\/portal\/wp-content\/uploads\/2012\/09\/chicha.jpg\" data-orig-size=\"529,633\" data-comments-opened=\"1\" data-image-meta=\"{&quot;aperture&quot;:&quot;0&quot;,&quot;credit&quot;:&quot;&quot;,&quot;camera&quot;:&quot;&quot;,&quot;caption&quot;:&quot;&quot;,&quot;created_timestamp&quot;:&quot;0&quot;,&quot;copyright&quot;:&quot;&quot;,&quot;focal_length&quot;:&quot;0&quot;,&quot;iso&quot;:&quot;0&quot;,&quot;shutter_speed&quot;:&quot;0&quot;,&quot;title&quot;:&quot;&quot;}\" data-image-title=\"La tradicional \u2018chicha en cacho\u2019 fue ofrecida a las autoridades, de la que bebieron ceremonialmente.\" data-image-description=\"\" data-medium-file=\"https:\/\/i0.wp.com\/eltrabajo.cl\/portal\/wp-content\/uploads\/2012\/09\/chicha.jpg?fit=250%2C300&#038;ssl=1\" data-large-file=\"https:\/\/i0.wp.com\/eltrabajo.cl\/portal\/wp-content\/uploads\/2012\/09\/chicha.jpg?fit=529%2C633&#038;ssl=1\" src=\"https:\/\/i0.wp.com\/eltrabajo.cl\/portal\/wp-content\/uploads\/2012\/09\/chicha.jpg?w=349&#038;h=418&#038;ssl=1\" srcset=\"https:\/\/i0.wp.com\/eltrabajo.cl\/portal\/wp-content\/uploads\/2012\/09\/chicha.jpg?w=529&amp;ssl=1 529w, https:\/\/i0.wp.com\/eltrabajo.cl\/portal\/wp-content\/uploads\/2012\/09\/chicha.jpg?resize=125%2C150&amp;ssl=1 125w, https:\/\/i0.wp.com\/eltrabajo.cl\/portal\/wp-content\/uploads\/2012\/09\/chicha.jpg?resize=250%2C300&amp;ssl=1 250w, https:\/\/i0.wp.com\/eltrabajo.cl\/portal\/wp-content\/uploads\/2012\/09\/chicha.jpg?resize=400%2C478&amp;ssl=1 400w\" width=\"349\" height=\"418\" loading=\"lazy\" data-original-width=\"349\" data-original-height=\"418\" itemprop=\"http:\/\/schema.org\/image\" title=\"La tradicional \u2018chicha en cacho\u2019 fue ofrecida a las autoridades, de la que bebieron ceremonialmente.\" alt=\"La tradicional \u2018chicha en cacho\u2019 fue ofrecida a las autoridades, de la que bebieron ceremonialmente.\" style=\"width: 349px; height: 418px;\" \/> <\/a> <\/div> <\/div> <!-- close group --> <\/div> <!-- close row --> <div class=\"gallery-row\" style=\"width: 640px; height: 204px;\" data-original-width=\"640\" data-original-height=\"204\" > <div class=\"gallery-group images-1\" style=\"width: 640px; height: 204px;\" data-original-width=\"640\" data-original-height=\"204\" > <div class=\"tiled-gallery-item tiled-gallery-item-large\" itemprop=\"associatedMedia\" itemscope itemtype=\"http:\/\/schema.org\/ImageObject\"> <a href=\"https:\/\/i0.wp.com\/eltrabajo.cl\/portal\/wp-content\/uploads\/2012\/09\/master1.jpg?ssl=1\" border=\"0\" itemprop=\"url\"> <meta itemprop=\"width\" content=\"636\"> <meta itemprop=\"height\" content=\"200\"> <img decoding=\"async\" class=\"\" data-attachment-id=\"23639\" data-orig-file=\"https:\/\/eltrabajo.cl\/portal\/wp-content\/uploads\/2012\/09\/master1.jpg\" data-orig-size=\"529,166\" data-comments-opened=\"1\" data-image-meta=\"{&quot;aperture&quot;:&quot;0&quot;,&quot;credit&quot;:&quot;&quot;,&quot;camera&quot;:&quot;&quot;,&quot;caption&quot;:&quot;&quot;,&quot;created_timestamp&quot;:&quot;0&quot;,&quot;copyright&quot;:&quot;&quot;,&quot;focal_length&quot;:&quot;0&quot;,&quot;iso&quot;:&quot;0&quot;,&quot;shutter_speed&quot;:&quot;0&quot;,&quot;title&quot;:&quot;&quot;}\" data-image-title=\"Las celebraciones patrias se confunden con estas celebraciones comunales de gran colorido, as\u00ed fueron celebrados los 248 a\u00f1os de la poblaci\u00f3n El Asiento de San Felipe este s\u00e1bado.\" data-image-description=\"\" data-medium-file=\"https:\/\/i0.wp.com\/eltrabajo.cl\/portal\/wp-content\/uploads\/2012\/09\/master1.jpg?fit=300%2C94&#038;ssl=1\" data-large-file=\"https:\/\/i0.wp.com\/eltrabajo.cl\/portal\/wp-content\/uploads\/2012\/09\/master1.jpg?fit=529%2C166&#038;ssl=1\" src=\"https:\/\/i0.wp.com\/eltrabajo.cl\/portal\/wp-content\/uploads\/2012\/09\/master1.jpg?w=636&#038;h=200&#038;ssl=1\" srcset=\"https:\/\/i0.wp.com\/eltrabajo.cl\/portal\/wp-content\/uploads\/2012\/09\/master1.jpg?w=529&amp;ssl=1 529w, https:\/\/i0.wp.com\/eltrabajo.cl\/portal\/wp-content\/uploads\/2012\/09\/master1.jpg?resize=200%2C62&amp;ssl=1 200w, https:\/\/i0.wp.com\/eltrabajo.cl\/portal\/wp-content\/uploads\/2012\/09\/master1.jpg?resize=300%2C94&amp;ssl=1 300w, https:\/\/i0.wp.com\/eltrabajo.cl\/portal\/wp-content\/uploads\/2012\/09\/master1.jpg?resize=150%2C47&amp;ssl=1 150w, https:\/\/i0.wp.com\/eltrabajo.cl\/portal\/wp-content\/uploads\/2012\/09\/master1.jpg?resize=400%2C125&amp;ssl=1 400w\" width=\"636\" height=\"200\" loading=\"lazy\" data-original-width=\"636\" data-original-height=\"200\" itemprop=\"http:\/\/schema.org\/image\" title=\"Las celebraciones patrias se confunden con estas celebraciones comunales de gran colorido, as\u00ed fueron celebrados los 248 a\u00f1os de la poblaci\u00f3n El Asiento de San Felipe este s\u00e1bado.\" alt=\"Las celebraciones patrias se confunden con estas celebraciones comunales de gran colorido, as\u00ed fueron celebrados los 248 a\u00f1os de la poblaci\u00f3n El Asiento de San Felipe este s\u00e1bado.\" style=\"width: 636px; height: 200px;\" \/> <\/a> <\/div> <\/div> <!-- close group --> <\/div> <!-- close row --> <div class=\"gallery-row\" style=\"width: 640px; height: 300px;\" data-original-width=\"640\" data-original-height=\"300\" > <div class=\"gallery-group images-1\" style=\"width: 440px; height: 300px;\" data-original-width=\"440\" data-original-height=\"300\" > <div class=\"tiled-gallery-item tiled-gallery-item-large\" itemprop=\"associatedMedia\" itemscope itemtype=\"http:\/\/schema.org\/ImageObject\"> <a href=\"https:\/\/i0.wp.com\/eltrabajo.cl\/portal\/wp-content\/uploads\/2012\/09\/montada1.jpg?ssl=1\" border=\"0\" itemprop=\"url\"> <meta itemprop=\"width\" content=\"436\"> <meta itemprop=\"height\" content=\"296\"> <img decoding=\"async\" class=\"\" data-attachment-id=\"23640\" data-orig-file=\"https:\/\/eltrabajo.cl\/portal\/wp-content\/uploads\/2012\/09\/montada1.jpg\" data-orig-size=\"529,359\" data-comments-opened=\"1\" data-image-meta=\"{&quot;aperture&quot;:&quot;0&quot;,&quot;credit&quot;:&quot;&quot;,&quot;camera&quot;:&quot;&quot;,&quot;caption&quot;:&quot;&quot;,&quot;created_timestamp&quot;:&quot;0&quot;,&quot;copyright&quot;:&quot;&quot;,&quot;focal_length&quot;:&quot;0&quot;,&quot;iso&quot;:&quot;0&quot;,&quot;shutter_speed&quot;:&quot;0&quot;,&quot;title&quot;:&quot;&quot;}\" data-image-title=\"Ellos son la raz\u00f3n del por qu\u00e9 se llama \u2018C\u00edvico-Militares\u2019, los desfiles en los que participa el Regimiento Yungay. Dominio esc\u00e9nico s\u00f3lo logrado con disciplina y entrenamiento.\" data-image-description=\"\" data-medium-file=\"https:\/\/i0.wp.com\/eltrabajo.cl\/portal\/wp-content\/uploads\/2012\/09\/montada1.jpg?fit=300%2C203&#038;ssl=1\" data-large-file=\"https:\/\/i0.wp.com\/eltrabajo.cl\/portal\/wp-content\/uploads\/2012\/09\/montada1.jpg?fit=529%2C359&#038;ssl=1\" src=\"https:\/\/i0.wp.com\/eltrabajo.cl\/portal\/wp-content\/uploads\/2012\/09\/montada1.jpg?w=436&#038;h=296&#038;ssl=1\" srcset=\"https:\/\/i0.wp.com\/eltrabajo.cl\/portal\/wp-content\/uploads\/2012\/09\/montada1.jpg?w=529&amp;ssl=1 529w, https:\/\/i0.wp.com\/eltrabajo.cl\/portal\/wp-content\/uploads\/2012\/09\/montada1.jpg?resize=200%2C135&amp;ssl=1 200w, https:\/\/i0.wp.com\/eltrabajo.cl\/portal\/wp-content\/uploads\/2012\/09\/montada1.jpg?resize=300%2C203&amp;ssl=1 300w, https:\/\/i0.wp.com\/eltrabajo.cl\/portal\/wp-content\/uploads\/2012\/09\/montada1.jpg?resize=150%2C101&amp;ssl=1 150w, https:\/\/i0.wp.com\/eltrabajo.cl\/portal\/wp-content\/uploads\/2012\/09\/montada1.jpg?resize=400%2C271&amp;ssl=1 400w\" width=\"436\" height=\"296\" loading=\"lazy\" data-original-width=\"436\" data-original-height=\"296\" itemprop=\"http:\/\/schema.org\/image\" title=\"Ellos son la raz\u00f3n del por qu\u00e9 se llama \u2018C\u00edvico-Militares\u2019, los desfiles en los que participa el Regimiento Yungay. Dominio esc\u00e9nico s\u00f3lo logrado con disciplina y entrenamiento.\" alt=\"Ellos son la raz\u00f3n del por qu\u00e9 se llama \u2018C\u00edvico-Militares\u2019, los desfiles en los que participa el Regimiento Yungay. Dominio esc\u00e9nico s\u00f3lo logrado con disciplina y entrenamiento.\" style=\"width: 436px; height: 296px;\" \/> <\/a> <\/div> <\/div> <!-- close group --> <div class=\"gallery-group images-2\" style=\"width: 200px; height: 300px;\" data-original-width=\"200\" data-original-height=\"300\" > <div class=\"tiled-gallery-item tiled-gallery-item-small\" itemprop=\"associatedMedia\" itemscope itemtype=\"http:\/\/schema.org\/ImageObject\"> <a href=\"https:\/\/i0.wp.com\/eltrabajo.cl\/portal\/wp-content\/uploads\/2012\/09\/cueca11.jpg?ssl=1\" border=\"0\" itemprop=\"url\"> <meta itemprop=\"width\" content=\"196\"> <meta itemprop=\"height\" content=\"145\"> <img decoding=\"async\" class=\"\" data-attachment-id=\"23641\" data-orig-file=\"https:\/\/eltrabajo.cl\/portal\/wp-content\/uploads\/2012\/09\/cueca11.jpg\" data-orig-size=\"528,389\" data-comments-opened=\"1\" data-image-meta=\"{&quot;aperture&quot;:&quot;0&quot;,&quot;credit&quot;:&quot;&quot;,&quot;camera&quot;:&quot;&quot;,&quot;caption&quot;:&quot;&quot;,&quot;created_timestamp&quot;:&quot;0&quot;,&quot;copyright&quot;:&quot;&quot;,&quot;focal_length&quot;:&quot;0&quot;,&quot;iso&quot;:&quot;0&quot;,&quot;shutter_speed&quot;:&quot;0&quot;,&quot;title&quot;:&quot;&quot;}\" data-image-title=\"Los peque\u00f1itos dieron rienda suelta a todo su entusiasmo y deleitaron a los presentes con esta colorida cueca.\" data-image-description=\"\" data-medium-file=\"https:\/\/i0.wp.com\/eltrabajo.cl\/portal\/wp-content\/uploads\/2012\/09\/cueca11.jpg?fit=300%2C221&#038;ssl=1\" data-large-file=\"https:\/\/i0.wp.com\/eltrabajo.cl\/portal\/wp-content\/uploads\/2012\/09\/cueca11.jpg?fit=528%2C389&#038;ssl=1\" src=\"https:\/\/i0.wp.com\/eltrabajo.cl\/portal\/wp-content\/uploads\/2012\/09\/cueca11.jpg?w=196&#038;h=145&#038;ssl=1\" srcset=\"https:\/\/i0.wp.com\/eltrabajo.cl\/portal\/wp-content\/uploads\/2012\/09\/cueca11.jpg?w=528&amp;ssl=1 528w, https:\/\/i0.wp.com\/eltrabajo.cl\/portal\/wp-content\/uploads\/2012\/09\/cueca11.jpg?resize=200%2C147&amp;ssl=1 200w, https:\/\/i0.wp.com\/eltrabajo.cl\/portal\/wp-content\/uploads\/2012\/09\/cueca11.jpg?resize=300%2C221&amp;ssl=1 300w, https:\/\/i0.wp.com\/eltrabajo.cl\/portal\/wp-content\/uploads\/2012\/09\/cueca11.jpg?resize=150%2C110&amp;ssl=1 150w, https:\/\/i0.wp.com\/eltrabajo.cl\/portal\/wp-content\/uploads\/2012\/09\/cueca11.jpg?resize=400%2C294&amp;ssl=1 400w\" width=\"196\" height=\"145\" loading=\"lazy\" data-original-width=\"196\" data-original-height=\"145\" itemprop=\"http:\/\/schema.org\/image\" title=\"Los peque\u00f1itos dieron rienda suelta a todo su entusiasmo y deleitaron a los presentes con esta colorida cueca.\" alt=\"Los peque\u00f1itos dieron rienda suelta a todo su entusiasmo y deleitaron a los presentes con esta colorida cueca.\" style=\"width: 196px; height: 145px;\" \/> <\/a> <\/div> <div class=\"tiled-gallery-item tiled-gallery-item-small\" itemprop=\"associatedMedia\" itemscope itemtype=\"http:\/\/schema.org\/ImageObject\"> <a href=\"https:\/\/i0.wp.com\/eltrabajo.cl\/portal\/wp-content\/uploads\/2012\/09\/jaime1.jpg?ssl=1\" border=\"0\" itemprop=\"url\"> <meta itemprop=\"width\" content=\"196\"> <meta itemprop=\"height\" content=\"147\"> <img decoding=\"async\" class=\"\" data-attachment-id=\"23642\" data-orig-file=\"https:\/\/eltrabajo.cl\/portal\/wp-content\/uploads\/2012\/09\/jaime1.jpg\" data-orig-size=\"529,397\" data-comments-opened=\"1\" data-image-meta=\"{&quot;aperture&quot;:&quot;0&quot;,&quot;credit&quot;:&quot;&quot;,&quot;camera&quot;:&quot;&quot;,&quot;caption&quot;:&quot;&quot;,&quot;created_timestamp&quot;:&quot;0&quot;,&quot;copyright&quot;:&quot;&quot;,&quot;focal_length&quot;:&quot;0&quot;,&quot;iso&quot;:&quot;0&quot;,&quot;shutter_speed&quot;:&quot;0&quot;,&quot;title&quot;:&quot;&quot;}\" data-image-title=\"El Alcalde Jaime Amar tambi\u00e9n se dispuso a disfrutar del ambiente patrio con nuestro Baile Nacional.\" data-image-description=\"\" data-medium-file=\"https:\/\/i0.wp.com\/eltrabajo.cl\/portal\/wp-content\/uploads\/2012\/09\/jaime1.jpg?fit=300%2C225&#038;ssl=1\" data-large-file=\"https:\/\/i0.wp.com\/eltrabajo.cl\/portal\/wp-content\/uploads\/2012\/09\/jaime1.jpg?fit=529%2C397&#038;ssl=1\" src=\"https:\/\/i0.wp.com\/eltrabajo.cl\/portal\/wp-content\/uploads\/2012\/09\/jaime1.jpg?w=196&#038;h=147&#038;ssl=1\" srcset=\"https:\/\/i0.wp.com\/eltrabajo.cl\/portal\/wp-content\/uploads\/2012\/09\/jaime1.jpg?w=529&amp;ssl=1 529w, https:\/\/i0.wp.com\/eltrabajo.cl\/portal\/wp-content\/uploads\/2012\/09\/jaime1.jpg?resize=200%2C150&amp;ssl=1 200w, https:\/\/i0.wp.com\/eltrabajo.cl\/portal\/wp-content\/uploads\/2012\/09\/jaime1.jpg?resize=300%2C225&amp;ssl=1 300w, https:\/\/i0.wp.com\/eltrabajo.cl\/portal\/wp-content\/uploads\/2012\/09\/jaime1.jpg?resize=150%2C112&amp;ssl=1 150w, https:\/\/i0.wp.com\/eltrabajo.cl\/portal\/wp-content\/uploads\/2012\/09\/jaime1.jpg?resize=400%2C300&amp;ssl=1 400w\" width=\"196\" height=\"147\" loading=\"lazy\" data-original-width=\"196\" data-original-height=\"147\" itemprop=\"http:\/\/schema.org\/image\" title=\"El Alcalde Jaime Amar tambi\u00e9n se dispuso a disfrutar del ambiente patrio con nuestro Baile Nacional.\" alt=\"El Alcalde Jaime Amar tambi\u00e9n se dispuso a disfrutar del ambiente patrio con nuestro Baile Nacional.\" style=\"width: 196px; height: 147px;\" \/> <\/a> <\/div> <\/div> <!-- close group --> <\/div> <!-- close row --> <\/div>\n<p>&nbsp;<\/p>\n","protected":false},"excerpt":{"rendered":"<p>Roberto Gonz\u00e1lez Short &#8211; rgonzalez@eltrabajo.cl \u00bfQu\u00e9 prefiere, leer el cuento o disfrutar de las fotograf\u00edas? Le sugerimos ambas cosas, porque lo vivido en la comunidad de El Asiento de San Felipe, literalmente&#8230;<\/p>\n","protected":false},"author":482,"featured_media":23641,"comment_status":"open","ping_status":"closed","sticky":false,"template":"","format":"standard","meta":{"advanced_seo_description":"","jetpack_seo_html_title":"","jetpack_seo_noindex":false,"_jetpack_memberships_contains_paid_content":false,"footnotes":""},"categories":[15],"tags":[],"class_list":["post-23635","post","type-post","status-publish","format-standard","has-post-thumbnail","hentry","category-comunidad"],"jetpack_featured_media_url":"https:\/\/i0.wp.com\/eltrabajo.cl\/portal\/wp-content\/uploads\/2012\/09\/cueca11.jpg?fit=528%2C389&ssl=1","jetpack_sharing_enabled":true,"jetpack_likes_enabled":true,"jetpack-related-posts":[],"_links":{"self":[{"href":"https:\/\/eltrabajo.cl\/portal\/wp-json\/wp\/v2\/posts\/23635","targetHints":{"allow":["GET"]}}],"collection":[{"href":"https:\/\/eltrabajo.cl\/portal\/wp-json\/wp\/v2\/posts"}],"about":[{"href":"https:\/\/eltrabajo.cl\/portal\/wp-json\/wp\/v2\/types\/post"}],"author":[{"embeddable":true,"href":"https:\/\/eltrabajo.cl\/portal\/wp-json\/wp\/v2\/users\/482"}],"replies":[{"embeddable":true,"href":"https:\/\/eltrabajo.cl\/portal\/wp-json\/wp\/v2\/comments?post=23635"}],"version-history":[{"count":0,"href":"https:\/\/eltrabajo.cl\/portal\/wp-json\/wp\/v2\/posts\/23635\/revisions"}],"wp:featuredmedia":[{"embeddable":true,"href":"https:\/\/eltrabajo.cl\/portal\/wp-json\/wp\/v2\/media\/23641"}],"wp:attachment":[{"href":"https:\/\/eltrabajo.cl\/portal\/wp-json\/wp\/v2\/media?parent=23635"}],"wp:term":[{"taxonomy":"category","embeddable":true,"href":"https:\/\/eltrabajo.cl\/portal\/wp-json\/wp\/v2\/categories?post=23635"},{"taxonomy":"post_tag","embeddable":true,"href":"https:\/\/eltrabajo.cl\/portal\/wp-json\/wp\/v2\/tags?post=23635"}],"curies":[{"name":"wp","href":"https:\/\/api.w.org\/{rel}","templated":true}]}}