{"id":23646,"date":"2012-09-11T09:57:44","date_gmt":"2012-09-11T12:57:44","guid":{"rendered":"http:\/\/www.eltrabajo.cl\/portal\/?p=23646"},"modified":"2012-09-11T09:57:44","modified_gmt":"2012-09-11T12:57:44","slug":"todo-un-exito-resulto-tercer-encuentro-folklorico-en-escuela-el-escorial","status":"publish","type":"post","link":"https:\/\/eltrabajo.cl\/portal\/todo-un-exito-resulto-tercer-encuentro-folklorico-en-escuela-el-escorial\/","title":{"rendered":"Todo un \u00e9xito result\u00f3 tercer Encuentro Folkl\u00f3rico en Escuela El Escorial"},"content":{"rendered":"<p><a href=\"http:\/\/www.eltrabajo.cl\/portal\/2012\/09\/todo-un-exito-resulto-tercer-encuentro-folklorico-en-escuela-el-escorial\/bafopan1\/\" rel=\"attachment wp-att-23647\"><img data-recalc-dims=\"1\" loading=\"lazy\" decoding=\"async\" class=\"alignnone size-full wp-image-23647\" title=\"Este gal\u00e1n del Ballet Folkl\u00f3rico de Panquehue, hizo de las suyas en el tercer encuentro del folclore que organiza la escuelita de El Escorial. \" src=\"https:\/\/i0.wp.com\/www.eltrabajo.cl\/portal\/wp-content\/uploads\/2012\/09\/bafopan1.jpg?resize=529%2C397\" alt=\"\" width=\"529\" height=\"397\" srcset=\"https:\/\/i0.wp.com\/eltrabajo.cl\/portal\/wp-content\/uploads\/2012\/09\/bafopan1.jpg?w=529&amp;ssl=1 529w, https:\/\/i0.wp.com\/eltrabajo.cl\/portal\/wp-content\/uploads\/2012\/09\/bafopan1.jpg?resize=200%2C150&amp;ssl=1 200w, https:\/\/i0.wp.com\/eltrabajo.cl\/portal\/wp-content\/uploads\/2012\/09\/bafopan1.jpg?resize=300%2C225&amp;ssl=1 300w, https:\/\/i0.wp.com\/eltrabajo.cl\/portal\/wp-content\/uploads\/2012\/09\/bafopan1.jpg?resize=150%2C112&amp;ssl=1 150w, https:\/\/i0.wp.com\/eltrabajo.cl\/portal\/wp-content\/uploads\/2012\/09\/bafopan1.jpg?resize=400%2C300&amp;ssl=1 400w\" sizes=\"auto, (max-width: 529px) 100vw, 529px\" \/><\/a><\/p>\n<p>Roberto Gonz\u00e1lez Short &#8211; rgonzalez@eltrabajo.cl<\/p>\n<p>Como una forma patri\u00f3tica de dar bienvenida al mes de septiembre y enmarcada dentro de las acciones SEP, la Escuela El Escorial celebr\u00f3 este viernes el Tercer Encuentro Folkl\u00f3rico 2012, dando \u00e9nfasis en revivir nuestras ra\u00edces y mostrar lo mejor de nuestras danzas t\u00edpicas, creando un espacio para los ni\u00f1os y adultos que aman lo m\u00e1s valioso de nuestra idiosincrasia.<\/p>\n<p>Los grupos participantes deleitaron a los presentes con una amplia gama de bailes que llevaron al p\u00fablico a recorrer cada una de las accidentadas zonas de nuestra franja cultural.<\/p>\n<p>Para este encuentro se presentaron grupos de distintas comunas como: Ballet Folkl\u00f3rico de Panquehue, Bafopan; Taller de Danza de la Escuela B\u00e1sica El Escorial; Taller de Danza Municipal de San Felipe; Grupo Folkl\u00f3rico Renacer de Panquehue; Taller Folkl\u00f3rico Liceo Menesiano de Lay Llay, as\u00ed como el Taller Folkl\u00f3rico Colegio Religiosas Filipenses de Llay Llay.<\/p>\n<p>La Directora de la Escuela El Escorial, Fabiola Castillo Mu\u00f1oz, se mostr\u00f3 muy satisfecha con la gran asistencia de las familias que acompa\u00f1aron a los grupos y la participaci\u00f3n que convoc\u00f3 este encuentro, mientras que agradeci\u00f3 p\u00fablicamente a todos los estudiantes que se presentaron.<\/p>\n<p>Este martes 11 de septiembre se realizar\u00e1 tambi\u00e9n el D\u00eda de la Chilenidad, donde habr\u00e1 bailes pascuenses, de la Zona Sur del pa\u00eds as\u00ed como la interpretaci\u00f3n de la obra teatral La P\u00e9rgola de las flores.<\/p>\n<div class=\"tiled-gallery type-rectangular tiled-gallery-unresized\" data-original-width=\"640\" data-carousel-extra='null' itemscope itemtype=\"http:\/\/schema.org\/ImageGallery\" > <div class=\"gallery-row\" style=\"width: 640px; height: 184px;\" data-original-width=\"640\" data-original-height=\"184\" > <div class=\"gallery-group images-1\" style=\"width: 244px; height: 184px;\" data-original-width=\"244\" data-original-height=\"184\" > <div class=\"tiled-gallery-item tiled-gallery-item-small\" itemprop=\"associatedMedia\" itemscope itemtype=\"http:\/\/schema.org\/ImageObject\"> <a href=\"https:\/\/i0.wp.com\/eltrabajo.cl\/portal\/wp-content\/uploads\/2012\/09\/bafopan1.jpg?ssl=1\" border=\"0\" itemprop=\"url\"> <meta itemprop=\"width\" content=\"240\"> <meta itemprop=\"height\" content=\"180\"> <img decoding=\"async\" class=\"\" data-attachment-id=\"23647\" data-orig-file=\"https:\/\/eltrabajo.cl\/portal\/wp-content\/uploads\/2012\/09\/bafopan1.jpg\" data-orig-size=\"529,397\" data-comments-opened=\"1\" data-image-meta=\"{&quot;aperture&quot;:&quot;0&quot;,&quot;credit&quot;:&quot;&quot;,&quot;camera&quot;:&quot;&quot;,&quot;caption&quot;:&quot;&quot;,&quot;created_timestamp&quot;:&quot;0&quot;,&quot;copyright&quot;:&quot;&quot;,&quot;focal_length&quot;:&quot;0&quot;,&quot;iso&quot;:&quot;0&quot;,&quot;shutter_speed&quot;:&quot;0&quot;,&quot;title&quot;:&quot;&quot;}\" data-image-title=\"Este gal\u00e1n del Ballet Folkl\u00f3rico de Panquehue, hizo de las suyas en el tercer encuentro del folclore que organiza la escuelita de El Escorial. \" data-image-description=\"\" data-medium-file=\"https:\/\/i0.wp.com\/eltrabajo.cl\/portal\/wp-content\/uploads\/2012\/09\/bafopan1.jpg?fit=300%2C225&#038;ssl=1\" data-large-file=\"https:\/\/i0.wp.com\/eltrabajo.cl\/portal\/wp-content\/uploads\/2012\/09\/bafopan1.jpg?fit=529%2C397&#038;ssl=1\" src=\"https:\/\/i0.wp.com\/eltrabajo.cl\/portal\/wp-content\/uploads\/2012\/09\/bafopan1.jpg?w=240&#038;h=180&#038;ssl=1\" srcset=\"https:\/\/i0.wp.com\/eltrabajo.cl\/portal\/wp-content\/uploads\/2012\/09\/bafopan1.jpg?w=529&amp;ssl=1 529w, https:\/\/i0.wp.com\/eltrabajo.cl\/portal\/wp-content\/uploads\/2012\/09\/bafopan1.jpg?resize=200%2C150&amp;ssl=1 200w, https:\/\/i0.wp.com\/eltrabajo.cl\/portal\/wp-content\/uploads\/2012\/09\/bafopan1.jpg?resize=300%2C225&amp;ssl=1 300w, https:\/\/i0.wp.com\/eltrabajo.cl\/portal\/wp-content\/uploads\/2012\/09\/bafopan1.jpg?resize=150%2C112&amp;ssl=1 150w, https:\/\/i0.wp.com\/eltrabajo.cl\/portal\/wp-content\/uploads\/2012\/09\/bafopan1.jpg?resize=400%2C300&amp;ssl=1 400w\" width=\"240\" height=\"180\" loading=\"lazy\" data-original-width=\"240\" data-original-height=\"180\" itemprop=\"http:\/\/schema.org\/image\" title=\"Este gal\u00e1n del Ballet Folkl\u00f3rico de Panquehue, hizo de las suyas en el tercer encuentro del folclore que organiza la escuelita de El Escorial. \" alt=\"Este gal\u00e1n del Ballet Folkl\u00f3rico de Panquehue, hizo de las suyas en el tercer encuentro del folclore que organiza la escuelita de El Escorial.\" style=\"width: 240px; height: 180px;\" \/> <\/a> <\/div> <\/div> <!-- close group --> <div class=\"gallery-group images-1\" style=\"width: 153px; height: 184px;\" data-original-width=\"153\" data-original-height=\"184\" > <div class=\"tiled-gallery-item tiled-gallery-item-small\" itemprop=\"associatedMedia\" itemscope itemtype=\"http:\/\/schema.org\/ImageObject\"> <a href=\"https:\/\/i0.wp.com\/eltrabajo.cl\/portal\/wp-content\/uploads\/2012\/09\/escorial1.jpg?ssl=1\" border=\"0\" itemprop=\"url\"> <meta itemprop=\"width\" content=\"149\"> <meta itemprop=\"height\" content=\"180\"> <img decoding=\"async\" class=\"\" data-attachment-id=\"23648\" data-orig-file=\"https:\/\/eltrabajo.cl\/portal\/wp-content\/uploads\/2012\/09\/escorial1.jpg\" data-orig-size=\"529,637\" data-comments-opened=\"1\" data-image-meta=\"{&quot;aperture&quot;:&quot;0&quot;,&quot;credit&quot;:&quot;&quot;,&quot;camera&quot;:&quot;&quot;,&quot;caption&quot;:&quot;&quot;,&quot;created_timestamp&quot;:&quot;0&quot;,&quot;copyright&quot;:&quot;&quot;,&quot;focal_length&quot;:&quot;0&quot;,&quot;iso&quot;:&quot;0&quot;,&quot;shutter_speed&quot;:&quot;0&quot;,&quot;title&quot;:&quot;&quot;}\" data-image-title=\"Andrea Gonz\u00e1lez y su hijo C\u00e9sar R\u00edos, deleitaron a todos los presentes en el gimnasio de la peque\u00f1a escuelita panquehuina. \" data-image-description=\"\" data-medium-file=\"https:\/\/i0.wp.com\/eltrabajo.cl\/portal\/wp-content\/uploads\/2012\/09\/escorial1.jpg?fit=249%2C300&#038;ssl=1\" data-large-file=\"https:\/\/i0.wp.com\/eltrabajo.cl\/portal\/wp-content\/uploads\/2012\/09\/escorial1.jpg?fit=529%2C637&#038;ssl=1\" src=\"https:\/\/i0.wp.com\/eltrabajo.cl\/portal\/wp-content\/uploads\/2012\/09\/escorial1.jpg?w=149&#038;h=180&#038;ssl=1\" srcset=\"https:\/\/i0.wp.com\/eltrabajo.cl\/portal\/wp-content\/uploads\/2012\/09\/escorial1.jpg?w=529&amp;ssl=1 529w, https:\/\/i0.wp.com\/eltrabajo.cl\/portal\/wp-content\/uploads\/2012\/09\/escorial1.jpg?resize=124%2C150&amp;ssl=1 124w, https:\/\/i0.wp.com\/eltrabajo.cl\/portal\/wp-content\/uploads\/2012\/09\/escorial1.jpg?resize=249%2C300&amp;ssl=1 249w, https:\/\/i0.wp.com\/eltrabajo.cl\/portal\/wp-content\/uploads\/2012\/09\/escorial1.jpg?resize=400%2C481&amp;ssl=1 400w\" width=\"149\" height=\"180\" loading=\"lazy\" data-original-width=\"149\" data-original-height=\"180\" itemprop=\"http:\/\/schema.org\/image\" title=\"Andrea Gonz\u00e1lez y su hijo C\u00e9sar R\u00edos, deleitaron a todos los presentes en el gimnasio de la peque\u00f1a escuelita panquehuina. \" alt=\"Andrea Gonz\u00e1lez y su hijo C\u00e9sar R\u00edos, deleitaron a todos los presentes en el gimnasio de la peque\u00f1a escuelita panquehuina.\" style=\"width: 149px; height: 180px;\" \/> <\/a> <\/div> <\/div> <!-- close group --> <div class=\"gallery-group images-1\" style=\"width: 243px; height: 184px;\" data-original-width=\"243\" data-original-height=\"184\" > <div class=\"tiled-gallery-item tiled-gallery-item-small\" itemprop=\"associatedMedia\" itemscope itemtype=\"http:\/\/schema.org\/ImageObject\"> <a href=\"https:\/\/i0.wp.com\/eltrabajo.cl\/portal\/wp-content\/uploads\/2012\/09\/escorial2.jpg?ssl=1\" border=\"0\" itemprop=\"url\"> <meta itemprop=\"width\" content=\"239\"> <meta itemprop=\"height\" content=\"180\"> <img decoding=\"async\" class=\"\" data-attachment-id=\"23649\" data-orig-file=\"https:\/\/eltrabajo.cl\/portal\/wp-content\/uploads\/2012\/09\/escorial2.jpg\" data-orig-size=\"529,397\" data-comments-opened=\"1\" data-image-meta=\"{&quot;aperture&quot;:&quot;0&quot;,&quot;credit&quot;:&quot;&quot;,&quot;camera&quot;:&quot;&quot;,&quot;caption&quot;:&quot;&quot;,&quot;created_timestamp&quot;:&quot;0&quot;,&quot;copyright&quot;:&quot;&quot;,&quot;focal_length&quot;:&quot;0&quot;,&quot;iso&quot;:&quot;0&quot;,&quot;shutter_speed&quot;:&quot;0&quot;,&quot;title&quot;:&quot;&quot;}\" data-image-title=\"Peques y grandes aplaudieron cada una de las cuecas ofrecidas en el gimnasio. \" data-image-description=\"\" data-medium-file=\"https:\/\/i0.wp.com\/eltrabajo.cl\/portal\/wp-content\/uploads\/2012\/09\/escorial2.jpg?fit=300%2C225&#038;ssl=1\" data-large-file=\"https:\/\/i0.wp.com\/eltrabajo.cl\/portal\/wp-content\/uploads\/2012\/09\/escorial2.jpg?fit=529%2C397&#038;ssl=1\" src=\"https:\/\/i0.wp.com\/eltrabajo.cl\/portal\/wp-content\/uploads\/2012\/09\/escorial2.jpg?w=239&#038;h=180&#038;ssl=1\" srcset=\"https:\/\/i0.wp.com\/eltrabajo.cl\/portal\/wp-content\/uploads\/2012\/09\/escorial2.jpg?w=529&amp;ssl=1 529w, https:\/\/i0.wp.com\/eltrabajo.cl\/portal\/wp-content\/uploads\/2012\/09\/escorial2.jpg?resize=200%2C150&amp;ssl=1 200w, https:\/\/i0.wp.com\/eltrabajo.cl\/portal\/wp-content\/uploads\/2012\/09\/escorial2.jpg?resize=300%2C225&amp;ssl=1 300w, https:\/\/i0.wp.com\/eltrabajo.cl\/portal\/wp-content\/uploads\/2012\/09\/escorial2.jpg?resize=150%2C112&amp;ssl=1 150w, https:\/\/i0.wp.com\/eltrabajo.cl\/portal\/wp-content\/uploads\/2012\/09\/escorial2.jpg?resize=400%2C300&amp;ssl=1 400w\" width=\"239\" height=\"180\" loading=\"lazy\" data-original-width=\"239\" data-original-height=\"180\" itemprop=\"http:\/\/schema.org\/image\" title=\"Peques y grandes aplaudieron cada una de las cuecas ofrecidas en el gimnasio. \" alt=\"Peques y grandes aplaudieron cada una de las cuecas ofrecidas en el gimnasio.\" style=\"width: 239px; height: 180px;\" \/> <\/a> <\/div> <\/div> <!-- close group --> <\/div> <!-- close row --> <\/div>\n<p>&nbsp;<\/p>\n","protected":false},"excerpt":{"rendered":"<p>Roberto Gonz\u00e1lez Short &#8211; rgonzalez@eltrabajo.cl Como una forma patri\u00f3tica de dar bienvenida al mes de septiembre y enmarcada dentro de las acciones SEP, la Escuela El Escorial celebr\u00f3 este viernes el Tercer&#8230;<\/p>\n","protected":false},"author":482,"featured_media":23647,"comment_status":"open","ping_status":"closed","sticky":false,"template":"","format":"standard","meta":{"advanced_seo_description":"","jetpack_seo_html_title":"","jetpack_seo_noindex":false,"_jetpack_memberships_contains_paid_content":false,"footnotes":""},"categories":[15],"tags":[],"class_list":["post-23646","post","type-post","status-publish","format-standard","has-post-thumbnail","hentry","category-comunidad"],"jetpack_featured_media_url":"https:\/\/i0.wp.com\/eltrabajo.cl\/portal\/wp-content\/uploads\/2012\/09\/bafopan1.jpg?fit=529%2C397&ssl=1","jetpack_sharing_enabled":true,"jetpack_likes_enabled":true,"jetpack-related-posts":[],"_links":{"self":[{"href":"https:\/\/eltrabajo.cl\/portal\/wp-json\/wp\/v2\/posts\/23646","targetHints":{"allow":["GET"]}}],"collection":[{"href":"https:\/\/eltrabajo.cl\/portal\/wp-json\/wp\/v2\/posts"}],"about":[{"href":"https:\/\/eltrabajo.cl\/portal\/wp-json\/wp\/v2\/types\/post"}],"author":[{"embeddable":true,"href":"https:\/\/eltrabajo.cl\/portal\/wp-json\/wp\/v2\/users\/482"}],"replies":[{"embeddable":true,"href":"https:\/\/eltrabajo.cl\/portal\/wp-json\/wp\/v2\/comments?post=23646"}],"version-history":[{"count":0,"href":"https:\/\/eltrabajo.cl\/portal\/wp-json\/wp\/v2\/posts\/23646\/revisions"}],"wp:featuredmedia":[{"embeddable":true,"href":"https:\/\/eltrabajo.cl\/portal\/wp-json\/wp\/v2\/media\/23647"}],"wp:attachment":[{"href":"https:\/\/eltrabajo.cl\/portal\/wp-json\/wp\/v2\/media?parent=23646"}],"wp:term":[{"taxonomy":"category","embeddable":true,"href":"https:\/\/eltrabajo.cl\/portal\/wp-json\/wp\/v2\/categories?post=23646"},{"taxonomy":"post_tag","embeddable":true,"href":"https:\/\/eltrabajo.cl\/portal\/wp-json\/wp\/v2\/tags?post=23646"}],"curies":[{"name":"wp","href":"https:\/\/api.w.org\/{rel}","templated":true}]}}