{"id":23653,"date":"2012-09-11T09:58:45","date_gmt":"2012-09-11T12:58:45","guid":{"rendered":"http:\/\/www.eltrabajo.cl\/portal\/?p=23653"},"modified":"2012-09-11T09:58:45","modified_gmt":"2012-09-11T12:58:45","slug":"realizaran-nueva-feria-laboral-para-que-interesados-postulen-a-un-empleo","status":"publish","type":"post","link":"https:\/\/eltrabajo.cl\/portal\/realizaran-nueva-feria-laboral-para-que-interesados-postulen-a-un-empleo\/","title":{"rendered":"Realizar\u00e1n nueva feria laboral para que interesados postulen a un empleo"},"content":{"rendered":"<figure id=\"attachment_23654\" aria-describedby=\"caption-attachment-23654\" style=\"width: 529px\" class=\"wp-caption alignnone\"><a href=\"http:\/\/www.eltrabajo.cl\/portal\/2012\/09\/realizaran-nueva-feria-laboral-para-que-interesados-postulen-a-un-empleo\/organizadores-3\/\" rel=\"attachment wp-att-23654\"><img data-recalc-dims=\"1\" loading=\"lazy\" decoding=\"async\" class=\"size-full wp-image-23654\" title=\"Los organizadores de la feria y autoridades de la provincia esperan que los vecinos se acerquen a postular y consigan un puesto de trabajo. \" src=\"https:\/\/i0.wp.com\/www.eltrabajo.cl\/portal\/wp-content\/uploads\/2012\/09\/organizadores1.jpg?resize=529%2C397\" alt=\"\" width=\"529\" height=\"397\" srcset=\"https:\/\/i0.wp.com\/eltrabajo.cl\/portal\/wp-content\/uploads\/2012\/09\/organizadores1.jpg?w=529&amp;ssl=1 529w, https:\/\/i0.wp.com\/eltrabajo.cl\/portal\/wp-content\/uploads\/2012\/09\/organizadores1.jpg?resize=200%2C150&amp;ssl=1 200w, https:\/\/i0.wp.com\/eltrabajo.cl\/portal\/wp-content\/uploads\/2012\/09\/organizadores1.jpg?resize=300%2C225&amp;ssl=1 300w, https:\/\/i0.wp.com\/eltrabajo.cl\/portal\/wp-content\/uploads\/2012\/09\/organizadores1.jpg?resize=150%2C112&amp;ssl=1 150w, https:\/\/i0.wp.com\/eltrabajo.cl\/portal\/wp-content\/uploads\/2012\/09\/organizadores1.jpg?resize=400%2C300&amp;ssl=1 400w\" sizes=\"auto, (max-width: 529px) 100vw, 529px\" \/><\/a><figcaption id=\"caption-attachment-23654\" class=\"wp-caption-text\">Los organizadores de la feria y autoridades de la provincia esperan que los vecinos se acerquen a postular y consigan un puesto de trabajo.<\/figcaption><\/figure>\n<p>Con el objetivo de ofrecer a la comunidad de la provincia de San Felipe, especialmente a las personas que est\u00e1n buscando trabajo, este mi\u00e9rcoles 12 de septiembre, entre las 10 de la ma\u00f1ana y las 18 horas, la Gobernaci\u00f3n, en conjunto con el municipio y el instituto AIEP, realizar\u00e1n una nueva feria laboral.<\/p>\n<p>La actividad se realizar\u00e1 en la Plaza C\u00edvica y contar\u00e1 con alrededor de 34 empresas de la zona que est\u00e1n ofreciendo puestos de trabajo para los vecinos de la provincia.<\/p>\n<p>El instituto realiza este tipo de feria a nivel nacional en cada una de las ciudades donde cuentan con una sede.<\/p>\n<p>Esta ser\u00e1 la segunda feria que realiza el instituto y tiene como objetivo que los vecinos lleguen con el inter\u00e9s de conseguir un trabajo y tambi\u00e9n de emprender.<\/p>\n<p>\u201cTenemos una cantidad tremenda de rubros, est\u00e1 el retail y las empresas m\u00e1s importantes de la zona\u201d, dijo Rodrigo Valderrama, Director Ejecutivo del instituto.<\/p>\n<p>Luego de realizada esta feria, el instituto realizar\u00e1 un seguimiento de las postulaciones y cuantas personas quedaron efectivamente trabajando, informaci\u00f3n que ser\u00e1 entregada tanto a la Gobernaci\u00f3n como al municipio.<\/p>\n<p><strong>\u00a0<\/strong><strong>NUEVA FERIA<\/strong><\/p>\n<p>Esta ser\u00e1 una feria similar a la que desarroll\u00f3 en junio la Gobernaci\u00f3n, que tambi\u00e9n ten\u00eda como objetivo insertar en puestos laborales a quienes estaban buscando trabajo. En esa oportunidad se ofrecieron m\u00e1s de tres mil puestos de trabajo, sin embargo el Sence todav\u00eda no entrega una informaci\u00f3n concreta respecto de la cantidad de personas que efectivamente qued\u00f3 trabajando.<\/p>\n<p>\u201cTengo entendido que gran parte de la gente que se present\u00f3, qued\u00f3 trabajando, as\u00ed es que tenemos mucha esperanza que estas feria laboral venga a cubrir un campo de gente que no encuentra trabajo\u201d, dijo la Gobernadora Patricia Boffa.<\/p>\n<p>Por su parte el Alcalde Jaime Amar se\u00f1al\u00f3 que a pesar de los puestos de trabajo que se ponen a disposici\u00f3n de los vecinos de esta zona, actualmente existe una mayor exigencia de la comunidad, especialmente en t\u00e9rminos de sueldos, lo que produce que no se llenen muchos puestos de trabajo.<\/p>\n<p>\u201cHoy d\u00eda hay m\u00e1s de 300 cupos en la OMIL que no han podido ser llenados y producto de una situaci\u00f3n que es natural, que es una demanda que es m\u00e1s exigente en cuanto a sus remuneraciones y a visualizar el tema laboral\u201d.<\/p>\n<p>&nbsp;<\/p>\n","protected":false},"excerpt":{"rendered":"<p>Con el objetivo de ofrecer a la comunidad de la provincia de San Felipe, especialmente a las personas que est\u00e1n buscando trabajo, este mi\u00e9rcoles 12 de septiembre, entre las 10 de la&#8230;<\/p>\n","protected":false},"author":482,"featured_media":23654,"comment_status":"open","ping_status":"closed","sticky":false,"template":"","format":"standard","meta":{"advanced_seo_description":"","jetpack_seo_html_title":"","jetpack_seo_noindex":false,"_jetpack_memberships_contains_paid_content":false,"footnotes":""},"categories":[1],"tags":[],"class_list":["post-23653","post","type-post","status-publish","format-standard","has-post-thumbnail","hentry","category-cronica"],"jetpack_featured_media_url":"https:\/\/i0.wp.com\/eltrabajo.cl\/portal\/wp-content\/uploads\/2012\/09\/organizadores1.jpg?fit=529%2C397&ssl=1","jetpack_sharing_enabled":true,"jetpack_likes_enabled":true,"jetpack-related-posts":[],"_links":{"self":[{"href":"https:\/\/eltrabajo.cl\/portal\/wp-json\/wp\/v2\/posts\/23653","targetHints":{"allow":["GET"]}}],"collection":[{"href":"https:\/\/eltrabajo.cl\/portal\/wp-json\/wp\/v2\/posts"}],"about":[{"href":"https:\/\/eltrabajo.cl\/portal\/wp-json\/wp\/v2\/types\/post"}],"author":[{"embeddable":true,"href":"https:\/\/eltrabajo.cl\/portal\/wp-json\/wp\/v2\/users\/482"}],"replies":[{"embeddable":true,"href":"https:\/\/eltrabajo.cl\/portal\/wp-json\/wp\/v2\/comments?post=23653"}],"version-history":[{"count":0,"href":"https:\/\/eltrabajo.cl\/portal\/wp-json\/wp\/v2\/posts\/23653\/revisions"}],"wp:featuredmedia":[{"embeddable":true,"href":"https:\/\/eltrabajo.cl\/portal\/wp-json\/wp\/v2\/media\/23654"}],"wp:attachment":[{"href":"https:\/\/eltrabajo.cl\/portal\/wp-json\/wp\/v2\/media?parent=23653"}],"wp:term":[{"taxonomy":"category","embeddable":true,"href":"https:\/\/eltrabajo.cl\/portal\/wp-json\/wp\/v2\/categories?post=23653"},{"taxonomy":"post_tag","embeddable":true,"href":"https:\/\/eltrabajo.cl\/portal\/wp-json\/wp\/v2\/tags?post=23653"}],"curies":[{"name":"wp","href":"https:\/\/api.w.org\/{rel}","templated":true}]}}