{"id":23657,"date":"2012-09-11T10:01:24","date_gmt":"2012-09-11T13:01:24","guid":{"rendered":"http:\/\/www.eltrabajo.cl\/portal\/?p=23657"},"modified":"2012-09-11T10:01:24","modified_gmt":"2012-09-11T13:01:24","slug":"corrales-no-seran-tocados-senalo-nuevo-inspector-fiscal-de-chacrillas","status":"publish","type":"post","link":"https:\/\/eltrabajo.cl\/portal\/corrales-no-seran-tocados-senalo-nuevo-inspector-fiscal-de-chacrillas\/","title":{"rendered":"\u00abCorrales no ser\u00e1n tocados\u00bb se\u00f1al\u00f3 nuevo Inspector Fiscal de Chacrillas"},"content":{"rendered":"<p><a href=\"http:\/\/www.eltrabajo.cl\/portal\/2012\/09\/corrales-no-seran-tocados-senalo-nuevo-inspector-fiscal-de-chacrillas\/reunion-inspector-firscal\/\" rel=\"attachment wp-att-23658\"><img data-recalc-dims=\"1\" loading=\"lazy\" decoding=\"async\" class=\"alignnone size-full wp-image-23658\" title=\"El Inspector Fiscal Mario Rosales Montenegro, acompa\u00f1ado del director regional de la DOH, Cristian V\u00e9liz, y el ingeniero de la asesor\u00eda fiscal Pablo Vilches, se reunieron con el Concejo Municipal. \" src=\"https:\/\/i0.wp.com\/www.eltrabajo.cl\/portal\/wp-content\/uploads\/2012\/09\/reunion-inspector-firscal.jpg?resize=529%2C397\" alt=\"\" width=\"529\" height=\"397\" srcset=\"https:\/\/i0.wp.com\/eltrabajo.cl\/portal\/wp-content\/uploads\/2012\/09\/reunion-inspector-firscal.jpg?w=529&amp;ssl=1 529w, https:\/\/i0.wp.com\/eltrabajo.cl\/portal\/wp-content\/uploads\/2012\/09\/reunion-inspector-firscal.jpg?resize=200%2C150&amp;ssl=1 200w, https:\/\/i0.wp.com\/eltrabajo.cl\/portal\/wp-content\/uploads\/2012\/09\/reunion-inspector-firscal.jpg?resize=300%2C225&amp;ssl=1 300w, https:\/\/i0.wp.com\/eltrabajo.cl\/portal\/wp-content\/uploads\/2012\/09\/reunion-inspector-firscal.jpg?resize=150%2C112&amp;ssl=1 150w, https:\/\/i0.wp.com\/eltrabajo.cl\/portal\/wp-content\/uploads\/2012\/09\/reunion-inspector-firscal.jpg?resize=400%2C300&amp;ssl=1 400w\" sizes=\"auto, (max-width: 529px) 100vw, 529px\" \/><\/a><\/p>\n<p><strong>PUTAENDO.<\/strong>&#8211; El nuevo Inspector Fiscal asignado por el Estado para las obras de construcci\u00f3n del embalse Chacrillas, se\u00f1al\u00f3 en forma categ\u00f3rica que los corrales no ser\u00e1n tocados ni alterados, en respuesta a la preocupaci\u00f3n del Concejo Municipal por la eventualidad que dichos corrales quedaran en una verdadera isla.<\/p>\n<p>El Inspector Fiscal Mario Rosales Montenegro, acompa\u00f1ado del director regional de la DOH, Cristian V\u00e9liz, y el ingeniero de la asesor\u00eda fiscal Pablo Vilches, concurrieron al Concejo Municipal invitados por el Alcalde Reyes para exponer la situaci\u00f3n de los trabajos que se est\u00e1n desarrollando en el entorno de los corrales del Chalaco, donde hoy se est\u00e1 removiendo gran cantidad de material para la cortina del embalse.<\/p>\n<p>Mario Rosales dijo que efectivamente se est\u00e1 trabajando cerca del entorno de los corrales, lo que est\u00e1 contemplado en el proyecto, agregando que los corrales no ser\u00e1n tocados ni alterados, y todo lo que se extraiga en el entorno de los corrales ser\u00e1 rellenado con material que se sacar\u00e1 del camino que se construir\u00e1 a la cortina del embalse, entorno que tambi\u00e9n ser\u00e1 reforestado, agregando que durante los pr\u00f3ximos meses efectivamente se ver\u00e1n excavaciones profundas en el per\u00edmetro cercano a los corrales, pero que dichas excavaciones ser\u00e1n rellenadas en los primeros meses del pr\u00f3ximo a\u00f1o con el material que se saque del futuro camino que se construir\u00e1, por lo que en el fondo los corrales no quedar\u00e1n como una isla sino que podr\u00e1n tener un relieve de no m\u00e1s de 2 metros, donde quedar\u00e1n totalmente accesibles y donde incluso los sitios arqueol\u00f3gicos cercanos a los corrales tampoco ser\u00e1n tocados, agregando que entend\u00eda la preocupaci\u00f3n de la comunidad y de las autoridades pero que como inspector fiscal daba garant\u00edas absolutas que tanto los corrales como su entorno no ser\u00e1n alterados, adelantando que dicho lugar quedar\u00e1 muy hermoso entendiendo que hay un proyecto futurista de crear un monumento y un parque en dicho sector.<\/p>\n<p>Por su parte Cristian V\u00e9liz, director regional de la DOH, dijo que hab\u00edan asistido a la reuni\u00f3n por especial encargo de la directora nacional de dicha cartera, Mariana Concha, quien le hab\u00eda solicitado explicar detenidamente a las autoridades locales los trabajos que ah\u00ed se est\u00e1n desarrollando, por lo que era muy saludable conversar cara a cara con las autoridades a las que invit\u00f3 formalmente para visitar las obras en el Chalaco y en la construcci\u00f3n del embalse cada 15 d\u00edas, \u00a0como una manera de transparentar los trabajos que ah\u00ed se est\u00e1n desarrollando y que a la vez permita que las autoridades puedan informar a la comunidad con antecedentes fidedignos, lo que fue muy bien acogido por el Concejo Municipal.<\/p>\n<p>El Alcalde Guillermo Reyes valor\u00f3 la reuni\u00f3n agregando que todo lo expresado por ambas autoridades se ratificar\u00e1 en un documento que deber\u00e1 ser firmado durante los pr\u00f3ximos d\u00edas, destacando la preocupaci\u00f3n de la directora nacional de la DOH en enviar al Director Regional a dicha reuni\u00f3n, se\u00f1alando que quedaba mucho m\u00e1s tranquilo despu\u00e9s de la explicaci\u00f3n, donde tambi\u00e9n se mostr\u00f3 un plano que ratificaba lo expuesto en la reuni\u00f3n de este d\u00eda lunes, mostrando su satisfacci\u00f3n porque los sitios arqueol\u00f3gicos no sean tocados, agregando que despu\u00e9s de dicha informaci\u00f3n cobra m\u00e1s fuerza el proyecto de crear un futuro museo y monumento al cruce de Los Andes en el sector cercano a los corrales del Chalaco.<\/p>\n<p><strong>Patricio Gallardo M.<\/strong><\/p>\n<div class=\"tiled-gallery type-rectangular tiled-gallery-unresized\" data-original-width=\"640\" data-carousel-extra='null' itemscope itemtype=\"http:\/\/schema.org\/ImageGallery\" > <div class=\"gallery-row\" style=\"width: 640px; height: 241px;\" data-original-width=\"640\" data-original-height=\"241\" > <div class=\"gallery-group images-1\" style=\"width: 320px; height: 241px;\" data-original-width=\"320\" data-original-height=\"241\" > <div class=\"tiled-gallery-item tiled-gallery-item-large\" itemprop=\"associatedMedia\" itemscope itemtype=\"http:\/\/schema.org\/ImageObject\"> <a href=\"https:\/\/i0.wp.com\/eltrabajo.cl\/portal\/wp-content\/uploads\/2012\/09\/reunion-inspector-firscal.jpg?ssl=1\" border=\"0\" itemprop=\"url\"> <meta itemprop=\"width\" content=\"316\"> <meta itemprop=\"height\" content=\"237\"> <img decoding=\"async\" class=\"\" data-attachment-id=\"23658\" data-orig-file=\"https:\/\/eltrabajo.cl\/portal\/wp-content\/uploads\/2012\/09\/reunion-inspector-firscal.jpg\" data-orig-size=\"529,397\" data-comments-opened=\"1\" data-image-meta=\"{&quot;aperture&quot;:&quot;0&quot;,&quot;credit&quot;:&quot;&quot;,&quot;camera&quot;:&quot;&quot;,&quot;caption&quot;:&quot;&quot;,&quot;created_timestamp&quot;:&quot;0&quot;,&quot;copyright&quot;:&quot;COPYRIGHT, 2011&quot;,&quot;focal_length&quot;:&quot;0&quot;,&quot;iso&quot;:&quot;0&quot;,&quot;shutter_speed&quot;:&quot;0&quot;,&quot;title&quot;:&quot;&quot;}\" data-image-title=\"El Inspector Fiscal Mario Rosales Montenegro, acompa\u00f1ado del director regional de la DOH, Cristian V\u00e9liz, y el ingeniero de la asesor\u00eda fiscal Pablo Vilches, se reunieron con el Concejo Municipal. \" data-image-description=\"\" data-medium-file=\"https:\/\/i0.wp.com\/eltrabajo.cl\/portal\/wp-content\/uploads\/2012\/09\/reunion-inspector-firscal.jpg?fit=300%2C225&#038;ssl=1\" data-large-file=\"https:\/\/i0.wp.com\/eltrabajo.cl\/portal\/wp-content\/uploads\/2012\/09\/reunion-inspector-firscal.jpg?fit=529%2C397&#038;ssl=1\" src=\"https:\/\/i0.wp.com\/eltrabajo.cl\/portal\/wp-content\/uploads\/2012\/09\/reunion-inspector-firscal.jpg?w=316&#038;h=237&#038;ssl=1\" srcset=\"https:\/\/i0.wp.com\/eltrabajo.cl\/portal\/wp-content\/uploads\/2012\/09\/reunion-inspector-firscal.jpg?w=529&amp;ssl=1 529w, https:\/\/i0.wp.com\/eltrabajo.cl\/portal\/wp-content\/uploads\/2012\/09\/reunion-inspector-firscal.jpg?resize=200%2C150&amp;ssl=1 200w, https:\/\/i0.wp.com\/eltrabajo.cl\/portal\/wp-content\/uploads\/2012\/09\/reunion-inspector-firscal.jpg?resize=300%2C225&amp;ssl=1 300w, https:\/\/i0.wp.com\/eltrabajo.cl\/portal\/wp-content\/uploads\/2012\/09\/reunion-inspector-firscal.jpg?resize=150%2C112&amp;ssl=1 150w, https:\/\/i0.wp.com\/eltrabajo.cl\/portal\/wp-content\/uploads\/2012\/09\/reunion-inspector-firscal.jpg?resize=400%2C300&amp;ssl=1 400w\" width=\"316\" height=\"237\" loading=\"lazy\" data-original-width=\"316\" data-original-height=\"237\" itemprop=\"http:\/\/schema.org\/image\" title=\"El Inspector Fiscal Mario Rosales Montenegro, acompa\u00f1ado del director regional de la DOH, Cristian V\u00e9liz, y el ingeniero de la asesor\u00eda fiscal Pablo Vilches, se reunieron con el Concejo Municipal. \" alt=\"El Inspector Fiscal Mario Rosales Montenegro, acompa\u00f1ado del director regional de la DOH, Cristian V\u00e9liz, y el ingeniero de la asesor\u00eda fiscal Pablo Vilches, se reunieron con el Concejo Municipal.\" style=\"width: 316px; height: 237px;\" \/> <\/a> <\/div> <\/div> <!-- close group --> <div class=\"gallery-group images-1\" style=\"width: 320px; height: 241px;\" data-original-width=\"320\" data-original-height=\"241\" > <div class=\"tiled-gallery-item tiled-gallery-item-large\" itemprop=\"associatedMedia\" itemscope itemtype=\"http:\/\/schema.org\/ImageObject\"> <a href=\"https:\/\/i0.wp.com\/eltrabajo.cl\/portal\/wp-content\/uploads\/2012\/09\/inspector-firscal-mario-rosales-.jpg?ssl=1\" border=\"0\" itemprop=\"url\"> <meta itemprop=\"width\" content=\"316\"> <meta itemprop=\"height\" content=\"237\"> <img decoding=\"async\" class=\"\" data-attachment-id=\"23659\" data-orig-file=\"https:\/\/eltrabajo.cl\/portal\/wp-content\/uploads\/2012\/09\/inspector-firscal-mario-rosales-.jpg\" data-orig-size=\"529,398\" data-comments-opened=\"1\" data-image-meta=\"{&quot;aperture&quot;:&quot;0&quot;,&quot;credit&quot;:&quot;&quot;,&quot;camera&quot;:&quot;&quot;,&quot;caption&quot;:&quot;&quot;,&quot;created_timestamp&quot;:&quot;0&quot;,&quot;copyright&quot;:&quot;COPYRIGHT, 2011&quot;,&quot;focal_length&quot;:&quot;0&quot;,&quot;iso&quot;:&quot;0&quot;,&quot;shutter_speed&quot;:&quot;0&quot;,&quot;title&quot;:&quot;&quot;}\" data-image-title=\"Mario Rosales Montenegro, Inspector Fiscal, asegur\u00f3 que los corrales no ser\u00e1n ni tocados ni alterados.\" data-image-description=\"\" data-medium-file=\"https:\/\/i0.wp.com\/eltrabajo.cl\/portal\/wp-content\/uploads\/2012\/09\/inspector-firscal-mario-rosales-.jpg?fit=300%2C225&#038;ssl=1\" data-large-file=\"https:\/\/i0.wp.com\/eltrabajo.cl\/portal\/wp-content\/uploads\/2012\/09\/inspector-firscal-mario-rosales-.jpg?fit=529%2C398&#038;ssl=1\" src=\"https:\/\/i0.wp.com\/eltrabajo.cl\/portal\/wp-content\/uploads\/2012\/09\/inspector-firscal-mario-rosales-.jpg?w=316&#038;h=237&#038;ssl=1\" srcset=\"https:\/\/i0.wp.com\/eltrabajo.cl\/portal\/wp-content\/uploads\/2012\/09\/inspector-firscal-mario-rosales-.jpg?w=529&amp;ssl=1 529w, https:\/\/i0.wp.com\/eltrabajo.cl\/portal\/wp-content\/uploads\/2012\/09\/inspector-firscal-mario-rosales-.jpg?resize=200%2C150&amp;ssl=1 200w, https:\/\/i0.wp.com\/eltrabajo.cl\/portal\/wp-content\/uploads\/2012\/09\/inspector-firscal-mario-rosales-.jpg?resize=300%2C225&amp;ssl=1 300w, https:\/\/i0.wp.com\/eltrabajo.cl\/portal\/wp-content\/uploads\/2012\/09\/inspector-firscal-mario-rosales-.jpg?resize=150%2C112&amp;ssl=1 150w, https:\/\/i0.wp.com\/eltrabajo.cl\/portal\/wp-content\/uploads\/2012\/09\/inspector-firscal-mario-rosales-.jpg?resize=400%2C300&amp;ssl=1 400w\" width=\"316\" height=\"237\" loading=\"lazy\" data-original-width=\"316\" data-original-height=\"237\" itemprop=\"http:\/\/schema.org\/image\" title=\"Mario Rosales Montenegro, Inspector Fiscal, asegur\u00f3 que los corrales no ser\u00e1n ni tocados ni alterados.\" alt=\"Mario Rosales Montenegro, Inspector Fiscal, asegur\u00f3 que los corrales no ser\u00e1n ni tocados ni alterados.\" style=\"width: 316px; height: 237px;\" \/> <\/a> <\/div> <\/div> <!-- close group --> <\/div> <!-- close row --> <\/div>\n","protected":false},"excerpt":{"rendered":"<p>PUTAENDO.&#8211; El nuevo Inspector Fiscal asignado por el Estado para las obras de construcci\u00f3n del embalse Chacrillas, se\u00f1al\u00f3 en forma categ\u00f3rica que los corrales no ser\u00e1n tocados ni alterados, en respuesta a&#8230;<\/p>\n","protected":false},"author":482,"featured_media":23658,"comment_status":"open","ping_status":"closed","sticky":false,"template":"","format":"standard","meta":{"advanced_seo_description":"","jetpack_seo_html_title":"","jetpack_seo_noindex":false,"_jetpack_memberships_contains_paid_content":false,"footnotes":""},"categories":[1],"tags":[],"class_list":["post-23657","post","type-post","status-publish","format-standard","has-post-thumbnail","hentry","category-cronica"],"jetpack_featured_media_url":"https:\/\/i0.wp.com\/eltrabajo.cl\/portal\/wp-content\/uploads\/2012\/09\/reunion-inspector-firscal.jpg?fit=529%2C397&ssl=1","jetpack_sharing_enabled":true,"jetpack_likes_enabled":true,"jetpack-related-posts":[],"_links":{"self":[{"href":"https:\/\/eltrabajo.cl\/portal\/wp-json\/wp\/v2\/posts\/23657","targetHints":{"allow":["GET"]}}],"collection":[{"href":"https:\/\/eltrabajo.cl\/portal\/wp-json\/wp\/v2\/posts"}],"about":[{"href":"https:\/\/eltrabajo.cl\/portal\/wp-json\/wp\/v2\/types\/post"}],"author":[{"embeddable":true,"href":"https:\/\/eltrabajo.cl\/portal\/wp-json\/wp\/v2\/users\/482"}],"replies":[{"embeddable":true,"href":"https:\/\/eltrabajo.cl\/portal\/wp-json\/wp\/v2\/comments?post=23657"}],"version-history":[{"count":0,"href":"https:\/\/eltrabajo.cl\/portal\/wp-json\/wp\/v2\/posts\/23657\/revisions"}],"wp:featuredmedia":[{"embeddable":true,"href":"https:\/\/eltrabajo.cl\/portal\/wp-json\/wp\/v2\/media\/23658"}],"wp:attachment":[{"href":"https:\/\/eltrabajo.cl\/portal\/wp-json\/wp\/v2\/media?parent=23657"}],"wp:term":[{"taxonomy":"category","embeddable":true,"href":"https:\/\/eltrabajo.cl\/portal\/wp-json\/wp\/v2\/categories?post=23657"},{"taxonomy":"post_tag","embeddable":true,"href":"https:\/\/eltrabajo.cl\/portal\/wp-json\/wp\/v2\/tags?post=23657"}],"curies":[{"name":"wp","href":"https:\/\/api.w.org\/{rel}","templated":true}]}}