{"id":23664,"date":"2012-09-11T10:04:22","date_gmt":"2012-09-11T13:04:22","guid":{"rendered":"http:\/\/www.eltrabajo.cl\/portal\/?p=23664"},"modified":"2012-09-11T10:04:22","modified_gmt":"2012-09-11T13:04:22","slug":"llaman-a-licitacion-proyecto-de-ascensor-panoramico-para-el-edificio-municipal","status":"publish","type":"post","link":"https:\/\/eltrabajo.cl\/portal\/llaman-a-licitacion-proyecto-de-ascensor-panoramico-para-el-edificio-municipal\/","title":{"rendered":"Llaman a licitaci\u00f3n proyecto de ascensor panor\u00e1mico para el edificio municipal"},"content":{"rendered":"<p>&nbsp;<\/p>\n<p><a href=\"http:\/\/www.eltrabajo.cl\/portal\/2012\/09\/llaman-a-licitacion-proyecto-de-ascensor-panoramico-para-el-edificio-municipal\/ascensor-panoramico-2\/\" rel=\"attachment wp-att-23665\"><img data-recalc-dims=\"1\" loading=\"lazy\" decoding=\"async\" class=\"alignleft size-medium wp-image-23665\" title=\"Algo as\u00ed  podr\u00eda ser el ascensor panor\u00e1mico que se instale en la Municipalidad de San Felipe. \" src=\"https:\/\/i0.wp.com\/www.eltrabajo.cl\/portal\/wp-content\/uploads\/2012\/09\/ascensor-panoramico-2-300x300.jpg?resize=300%2C300\" alt=\"\" width=\"300\" height=\"300\" srcset=\"https:\/\/i0.wp.com\/eltrabajo.cl\/portal\/wp-content\/uploads\/2012\/09\/ascensor-panoramico-2.jpg?resize=300%2C300&amp;ssl=1 300w, https:\/\/i0.wp.com\/eltrabajo.cl\/portal\/wp-content\/uploads\/2012\/09\/ascensor-panoramico-2.jpg?resize=150%2C150&amp;ssl=1 150w, https:\/\/i0.wp.com\/eltrabajo.cl\/portal\/wp-content\/uploads\/2012\/09\/ascensor-panoramico-2.jpg?resize=400%2C400&amp;ssl=1 400w, https:\/\/i0.wp.com\/eltrabajo.cl\/portal\/wp-content\/uploads\/2012\/09\/ascensor-panoramico-2.jpg?w=530&amp;ssl=1 530w\" sizes=\"auto, (max-width: 300px) 100vw, 300px\" \/><\/a><\/p>\n<p>En proceso de licitaci\u00f3n se encuentra el proyecto de dotar a la Municipalidad de San Felipe de un ascensor panor\u00e1mico que permita adem\u00e1s el acceso de las personas con discapacidad.<\/p>\n<p>El proyecto tiene un aporte del Gobierno Regional de 53 millones de pesos y se encuentra en etapa de licitaci\u00f3n, proceso que posteriormente permitir\u00e1 la construcci\u00f3n de este ascensor, que es de tipo panor\u00e1mico y que se ubicar\u00eda en la parte externa al edificio del municipio, espec\u00edficamente en el sector del Teatro Municipal. A lo que se suman recursos municipales para construir una zona de protecci\u00f3n.<\/p>\n<p>Seg\u00fan explic\u00f3 el Alcalde Jaime Amar, este fue un edificio que no consider\u00f3 la instalaci\u00f3n de ascensores y que la \u00fanica alternativa para subir es la escalera central, por lo que considerando la situaci\u00f3n de las personas con discapacidad se present\u00f3 este proyecto.<\/p>\n<p>Luego de evaluar la alternativa de contar con un ascensor, profesionales especializados en este tema visitaron el edificio y al construir el tercer piso del municipio se consider\u00f3 la instalaci\u00f3n de este ascensor.<\/p>\n<p>\u201cNosotros esperamos de aqu\u00ed a 20 d\u00edas m\u00e1s, por los montos, estar abriendo la licitaci\u00f3n del ascensor municipal y estar iniciando el proceso de construcci\u00f3n, que demorar\u00e1 aproximadamente 60 d\u00edas para poder construir y habilitar\u201d, dijo el Alcalde Amar.<\/p>\n<p><strong>UNIDAD T\u00c9CNICA<\/strong><\/p>\n<p>Adem\u00e1s el jefe comunal dijo que el municipio fue encargado como unidad t\u00e9cnica para el proyecto de ascensores para la Gobernaci\u00f3n de San Felipe.<\/p>\n<p>\u201cAc\u00e1 los recursos son del Gobierno Regional, pero un trabajo que ha hecho la Gobernaci\u00f3n, a nosotros nos corresponde ser unidad t\u00e9cnica y hemos querido aprovechar estos dos proyectos para llamar a una licitaci\u00f3n, para que una empresa pueda tener un plus adicional de construir los dos ascensores al mismo tiempo, lo cual abaratar\u00eda los costos de instalaci\u00f3n\u201d.<\/p>\n<p>En el caso de la Gobernaci\u00f3n, ser\u00e1 necesario realizar modificaciones a la caja donde van actualmente los ascensores, la que debe estar de acuerdo a la normativa vigente, a lo que se suma que deben tener una puerta para discapacitados.<\/p>\n<div class=\"tiled-gallery type-rectangular tiled-gallery-unresized\" data-original-width=\"640\" data-carousel-extra='null' itemscope itemtype=\"http:\/\/schema.org\/ImageGallery\" > <div class=\"gallery-row\" style=\"width: 640px; height: 282px;\" data-original-width=\"640\" data-original-height=\"282\" > <div class=\"gallery-group images-1\" style=\"width: 282px; height: 282px;\" data-original-width=\"282\" data-original-height=\"282\" > <div class=\"tiled-gallery-item tiled-gallery-item-large\" itemprop=\"associatedMedia\" itemscope itemtype=\"http:\/\/schema.org\/ImageObject\"> <a href=\"https:\/\/i0.wp.com\/eltrabajo.cl\/portal\/wp-content\/uploads\/2012\/09\/ascensor-panoramico-2.jpg?ssl=1\" border=\"0\" itemprop=\"url\"> <meta itemprop=\"width\" content=\"278\"> <meta itemprop=\"height\" content=\"278\"> <img decoding=\"async\" class=\"\" data-attachment-id=\"23665\" data-orig-file=\"https:\/\/eltrabajo.cl\/portal\/wp-content\/uploads\/2012\/09\/ascensor-panoramico-2.jpg\" data-orig-size=\"530,530\" data-comments-opened=\"1\" data-image-meta=\"{&quot;aperture&quot;:&quot;0&quot;,&quot;credit&quot;:&quot;&quot;,&quot;camera&quot;:&quot;&quot;,&quot;caption&quot;:&quot;&quot;,&quot;created_timestamp&quot;:&quot;0&quot;,&quot;copyright&quot;:&quot;&quot;,&quot;focal_length&quot;:&quot;0&quot;,&quot;iso&quot;:&quot;0&quot;,&quot;shutter_speed&quot;:&quot;0&quot;,&quot;title&quot;:&quot;&quot;}\" data-image-title=\"Algo as\u00ed podr\u00eda ser el ascensor panor\u00e1mico que se instale en la Municipalidad de San Felipe. \" data-image-description=\"\" data-medium-file=\"https:\/\/i0.wp.com\/eltrabajo.cl\/portal\/wp-content\/uploads\/2012\/09\/ascensor-panoramico-2.jpg?fit=300%2C300&#038;ssl=1\" data-large-file=\"https:\/\/i0.wp.com\/eltrabajo.cl\/portal\/wp-content\/uploads\/2012\/09\/ascensor-panoramico-2.jpg?fit=530%2C530&#038;ssl=1\" src=\"https:\/\/i0.wp.com\/eltrabajo.cl\/portal\/wp-content\/uploads\/2012\/09\/ascensor-panoramico-2.jpg?w=278&#038;h=278&#038;crop=1&#038;ssl=1\" srcset=\"https:\/\/i0.wp.com\/eltrabajo.cl\/portal\/wp-content\/uploads\/2012\/09\/ascensor-panoramico-2.jpg?w=530&amp;ssl=1 530w, https:\/\/i0.wp.com\/eltrabajo.cl\/portal\/wp-content\/uploads\/2012\/09\/ascensor-panoramico-2.jpg?resize=150%2C150&amp;ssl=1 150w, https:\/\/i0.wp.com\/eltrabajo.cl\/portal\/wp-content\/uploads\/2012\/09\/ascensor-panoramico-2.jpg?resize=300%2C300&amp;ssl=1 300w, https:\/\/i0.wp.com\/eltrabajo.cl\/portal\/wp-content\/uploads\/2012\/09\/ascensor-panoramico-2.jpg?resize=400%2C400&amp;ssl=1 400w\" width=\"278\" height=\"278\" loading=\"lazy\" data-original-width=\"278\" data-original-height=\"278\" itemprop=\"http:\/\/schema.org\/image\" title=\"Algo as\u00ed podr\u00eda ser el ascensor panor\u00e1mico que se instale en la Municipalidad de San Felipe. \" alt=\"Algo as\u00ed podr\u00eda ser el ascensor panor\u00e1mico que se instale en la Municipalidad de San Felipe.\" style=\"width: 278px; height: 278px;\" \/> <\/a> <\/div> <\/div> <!-- close group --> <div class=\"gallery-group images-1\" style=\"width: 358px; height: 282px;\" data-original-width=\"358\" data-original-height=\"282\" > <div class=\"tiled-gallery-item tiled-gallery-item-large\" itemprop=\"associatedMedia\" itemscope itemtype=\"http:\/\/schema.org\/ImageObject\"> <a href=\"https:\/\/i0.wp.com\/eltrabajo.cl\/portal\/wp-content\/uploads\/2012\/09\/alcalde-jaime-amar-1.jpg?ssl=1\" border=\"0\" itemprop=\"url\"> <meta itemprop=\"width\" content=\"354\"> <meta itemprop=\"height\" content=\"278\"> <img decoding=\"async\" class=\"\" data-attachment-id=\"23666\" data-orig-file=\"https:\/\/eltrabajo.cl\/portal\/wp-content\/uploads\/2012\/09\/alcalde-jaime-amar-1.jpg\" data-orig-size=\"529,415\" data-comments-opened=\"1\" data-image-meta=\"{&quot;aperture&quot;:&quot;0&quot;,&quot;credit&quot;:&quot;&quot;,&quot;camera&quot;:&quot;&quot;,&quot;caption&quot;:&quot;&quot;,&quot;created_timestamp&quot;:&quot;0&quot;,&quot;copyright&quot;:&quot;&quot;,&quot;focal_length&quot;:&quot;0&quot;,&quot;iso&quot;:&quot;0&quot;,&quot;shutter_speed&quot;:&quot;0&quot;,&quot;title&quot;:&quot;&quot;}\" data-image-title=\"El Alcalde Jaime Amar se\u00f1al\u00f3 que en alrededor de 20 d\u00edas m\u00e1s se abrir\u00edan las licitaciones y luego se iniciar\u00eda el proceso de construcci\u00f3n de los ascensores.\" data-image-description=\"\" data-medium-file=\"https:\/\/i0.wp.com\/eltrabajo.cl\/portal\/wp-content\/uploads\/2012\/09\/alcalde-jaime-amar-1.jpg?fit=300%2C235&#038;ssl=1\" data-large-file=\"https:\/\/i0.wp.com\/eltrabajo.cl\/portal\/wp-content\/uploads\/2012\/09\/alcalde-jaime-amar-1.jpg?fit=529%2C415&#038;ssl=1\" src=\"https:\/\/i0.wp.com\/eltrabajo.cl\/portal\/wp-content\/uploads\/2012\/09\/alcalde-jaime-amar-1.jpg?w=354&#038;h=278&#038;ssl=1\" srcset=\"https:\/\/i0.wp.com\/eltrabajo.cl\/portal\/wp-content\/uploads\/2012\/09\/alcalde-jaime-amar-1.jpg?w=529&amp;ssl=1 529w, https:\/\/i0.wp.com\/eltrabajo.cl\/portal\/wp-content\/uploads\/2012\/09\/alcalde-jaime-amar-1.jpg?resize=191%2C150&amp;ssl=1 191w, https:\/\/i0.wp.com\/eltrabajo.cl\/portal\/wp-content\/uploads\/2012\/09\/alcalde-jaime-amar-1.jpg?resize=300%2C235&amp;ssl=1 300w, https:\/\/i0.wp.com\/eltrabajo.cl\/portal\/wp-content\/uploads\/2012\/09\/alcalde-jaime-amar-1.jpg?resize=150%2C117&amp;ssl=1 150w, https:\/\/i0.wp.com\/eltrabajo.cl\/portal\/wp-content\/uploads\/2012\/09\/alcalde-jaime-amar-1.jpg?resize=400%2C313&amp;ssl=1 400w\" width=\"354\" height=\"278\" loading=\"lazy\" data-original-width=\"354\" data-original-height=\"278\" itemprop=\"http:\/\/schema.org\/image\" title=\"El Alcalde Jaime Amar se\u00f1al\u00f3 que en alrededor de 20 d\u00edas m\u00e1s se abrir\u00edan las licitaciones y luego se iniciar\u00eda el proceso de construcci\u00f3n de los ascensores.\" alt=\"El Alcalde Jaime Amar se\u00f1al\u00f3 que en alrededor de 20 d\u00edas m\u00e1s se abrir\u00edan las licitaciones y luego se iniciar\u00eda el proceso de construcci\u00f3n de los ascensores.\" style=\"width: 354px; height: 278px;\" \/> <\/a> <\/div> <\/div> <!-- close group --> <\/div> <!-- close row --> <\/div>\n<p>&nbsp;<\/p>\n","protected":false},"excerpt":{"rendered":"<p>&nbsp; En proceso de licitaci\u00f3n se encuentra el proyecto de dotar a la Municipalidad de San Felipe de un ascensor panor\u00e1mico que permita adem\u00e1s el acceso de las personas con discapacidad. El&#8230;<\/p>\n","protected":false},"author":482,"featured_media":23665,"comment_status":"open","ping_status":"closed","sticky":false,"template":"","format":"standard","meta":{"advanced_seo_description":"","jetpack_seo_html_title":"","jetpack_seo_noindex":false,"_jetpack_memberships_contains_paid_content":false,"footnotes":""},"categories":[1],"tags":[],"class_list":["post-23664","post","type-post","status-publish","format-standard","has-post-thumbnail","hentry","category-cronica"],"jetpack_featured_media_url":"https:\/\/i0.wp.com\/eltrabajo.cl\/portal\/wp-content\/uploads\/2012\/09\/ascensor-panoramico-2.jpg?fit=530%2C530&ssl=1","jetpack_sharing_enabled":true,"jetpack_likes_enabled":true,"jetpack-related-posts":[],"_links":{"self":[{"href":"https:\/\/eltrabajo.cl\/portal\/wp-json\/wp\/v2\/posts\/23664","targetHints":{"allow":["GET"]}}],"collection":[{"href":"https:\/\/eltrabajo.cl\/portal\/wp-json\/wp\/v2\/posts"}],"about":[{"href":"https:\/\/eltrabajo.cl\/portal\/wp-json\/wp\/v2\/types\/post"}],"author":[{"embeddable":true,"href":"https:\/\/eltrabajo.cl\/portal\/wp-json\/wp\/v2\/users\/482"}],"replies":[{"embeddable":true,"href":"https:\/\/eltrabajo.cl\/portal\/wp-json\/wp\/v2\/comments?post=23664"}],"version-history":[{"count":0,"href":"https:\/\/eltrabajo.cl\/portal\/wp-json\/wp\/v2\/posts\/23664\/revisions"}],"wp:featuredmedia":[{"embeddable":true,"href":"https:\/\/eltrabajo.cl\/portal\/wp-json\/wp\/v2\/media\/23665"}],"wp:attachment":[{"href":"https:\/\/eltrabajo.cl\/portal\/wp-json\/wp\/v2\/media?parent=23664"}],"wp:term":[{"taxonomy":"category","embeddable":true,"href":"https:\/\/eltrabajo.cl\/portal\/wp-json\/wp\/v2\/categories?post=23664"},{"taxonomy":"post_tag","embeddable":true,"href":"https:\/\/eltrabajo.cl\/portal\/wp-json\/wp\/v2\/tags?post=23664"}],"curies":[{"name":"wp","href":"https:\/\/api.w.org\/{rel}","templated":true}]}}