{"id":23671,"date":"2012-09-11T10:06:01","date_gmt":"2012-09-11T13:06:01","guid":{"rendered":"http:\/\/www.eltrabajo.cl\/portal\/?p=23671"},"modified":"2012-09-11T10:06:01","modified_gmt":"2012-09-11T13:06:01","slug":"dos-trabajadores-contratistas-de-sodimac-son-detenidos-por-robar-materiales","status":"publish","type":"post","link":"https:\/\/eltrabajo.cl\/portal\/dos-trabajadores-contratistas-de-sodimac-son-detenidos-por-robar-materiales\/","title":{"rendered":"Dos trabajadores contratistas de Sodimac son detenidos por robar materiales"},"content":{"rendered":"<figure id=\"attachment_23672\" aria-describedby=\"caption-attachment-23672\" style=\"width: 300px\" class=\"wp-caption alignleft\"><a href=\"http:\/\/www.eltrabajo.cl\/portal\/2012\/09\/dos-trabajadores-contratistas-de-sodimac-son-detenidos-por-robar-materiales\/mayor-marcelo-arancibia-1\/\" rel=\"attachment wp-att-23672\"><img data-recalc-dims=\"1\" loading=\"lazy\" decoding=\"async\" class=\"size-medium wp-image-23672\" title=\"El Mayor Marcelo Arancibia se\u00f1al\u00f3 que la detenci\u00f3n se registr\u00f3 luego de la denuncia puesta por el encargado de la tienda el viernes pasado. \" src=\"https:\/\/i0.wp.com\/www.eltrabajo.cl\/portal\/wp-content\/uploads\/2012\/09\/mayor-marcelo-arancibia-1-300x225.jpg?resize=300%2C225\" alt=\"\" width=\"300\" height=\"225\" srcset=\"https:\/\/i0.wp.com\/eltrabajo.cl\/portal\/wp-content\/uploads\/2012\/09\/mayor-marcelo-arancibia-1.jpg?resize=300%2C225&amp;ssl=1 300w, https:\/\/i0.wp.com\/eltrabajo.cl\/portal\/wp-content\/uploads\/2012\/09\/mayor-marcelo-arancibia-1.jpg?resize=200%2C150&amp;ssl=1 200w, https:\/\/i0.wp.com\/eltrabajo.cl\/portal\/wp-content\/uploads\/2012\/09\/mayor-marcelo-arancibia-1.jpg?resize=150%2C112&amp;ssl=1 150w, https:\/\/i0.wp.com\/eltrabajo.cl\/portal\/wp-content\/uploads\/2012\/09\/mayor-marcelo-arancibia-1.jpg?resize=400%2C300&amp;ssl=1 400w, https:\/\/i0.wp.com\/eltrabajo.cl\/portal\/wp-content\/uploads\/2012\/09\/mayor-marcelo-arancibia-1.jpg?w=528&amp;ssl=1 528w\" sizes=\"auto, (max-width: 300px) 100vw, 300px\" \/><\/a><figcaption id=\"caption-attachment-23672\" class=\"wp-caption-text\">El Mayor Marcelo Arancibia se\u00f1al\u00f3 que la detenci\u00f3n se registr\u00f3 luego de la denuncia puesta por el encargado de la tienda el viernes pasado.<\/figcaption><\/figure>\n<p>Dos sujetos que se dedicaban al reparto de materiales de construcci\u00f3n desde Homecenter Sodimac, fueron detenidos por el delito de hurto.<\/p>\n<p>Seg\u00fan inform\u00f3 el Mayor Marcelo Arancibia, el hecho se registr\u00f3 a las 15 horas del viernes reci\u00e9n pasado, luego que el encargado de la tienda comercial realizara la denuncia en Carabineros, diligencia que realiz\u00f3 posteriormente de efectuar una revisi\u00f3n al cami\u00f3n donde los dos sujetos realizaban los repartos, veh\u00edculo donde encontr\u00f3 m\u00e1s material del que deb\u00eda ser repartido a los clientes de la tienda.<\/p>\n<p>Los dos sujetos son contratistas de una empresa externa al local comercial y fueron identificados como Sebasti\u00e1n Gonz\u00e1lez Klein, de 30 a\u00f1os de edad, quien era el conductor, y el peoneta Alexis Klein Villarroel, de 25 a\u00f1os. Ambos registran antecedentes y detenciones por infracci\u00f3n a la Ley 20.000 de drogas y por robos.<\/p>\n<p><strong>ESPECIES<\/strong><\/p>\n<p>Ese viernes los sujetos hab\u00edan sacado de la tienda 30 canaletas de zinc y 46 planchas del mismo material, las cuales habr\u00edan sido encontradas por el encargado de la tienda al interior del cami\u00f3n al momento de salir a repartir los productos entre los clientes de la zona, material que fue avaluado en alrededor de 300 mil pesos.<\/p>\n<p>A ra\u00edz de esta situaci\u00f3n la tienda habr\u00eda comenzado una investigaci\u00f3n para determinar el tiempo desde que los sujetos vienen realizando esta pr\u00e1ctica y cuanto material alcanzaron a sustraer antes que fueran sorprendidos realizando el hecho il\u00edcito.<\/p>\n<p>Tanto los antecedentes y los sujetos fueron puestos a disposici\u00f3n de la Fiscal\u00eda de San Felipe.<\/p>\n<p>Este es el tercer hecho de este tipo que afecta al local comercial en lo que va del a\u00f1o, ya que anteriormente ya hab\u00edan sido detenidos otros trabajadores por distintos delitos.<\/p>\n<p>&nbsp;<\/p>\n","protected":false},"excerpt":{"rendered":"<p>Dos sujetos que se dedicaban al reparto de materiales de construcci\u00f3n desde Homecenter Sodimac, fueron detenidos por el delito de hurto. Seg\u00fan inform\u00f3 el Mayor Marcelo Arancibia, el hecho se registr\u00f3 a&#8230;<\/p>\n","protected":false},"author":482,"featured_media":23672,"comment_status":"open","ping_status":"closed","sticky":false,"template":"","format":"standard","meta":{"advanced_seo_description":"","jetpack_seo_html_title":"","jetpack_seo_noindex":false,"_jetpack_memberships_contains_paid_content":false,"footnotes":""},"categories":[21],"tags":[],"class_list":["post-23671","post","type-post","status-publish","format-standard","has-post-thumbnail","hentry","category-policial"],"jetpack_featured_media_url":"https:\/\/i0.wp.com\/eltrabajo.cl\/portal\/wp-content\/uploads\/2012\/09\/mayor-marcelo-arancibia-1.jpg?fit=528%2C396&ssl=1","jetpack_sharing_enabled":true,"jetpack_likes_enabled":true,"jetpack-related-posts":[],"_links":{"self":[{"href":"https:\/\/eltrabajo.cl\/portal\/wp-json\/wp\/v2\/posts\/23671","targetHints":{"allow":["GET"]}}],"collection":[{"href":"https:\/\/eltrabajo.cl\/portal\/wp-json\/wp\/v2\/posts"}],"about":[{"href":"https:\/\/eltrabajo.cl\/portal\/wp-json\/wp\/v2\/types\/post"}],"author":[{"embeddable":true,"href":"https:\/\/eltrabajo.cl\/portal\/wp-json\/wp\/v2\/users\/482"}],"replies":[{"embeddable":true,"href":"https:\/\/eltrabajo.cl\/portal\/wp-json\/wp\/v2\/comments?post=23671"}],"version-history":[{"count":0,"href":"https:\/\/eltrabajo.cl\/portal\/wp-json\/wp\/v2\/posts\/23671\/revisions"}],"wp:featuredmedia":[{"embeddable":true,"href":"https:\/\/eltrabajo.cl\/portal\/wp-json\/wp\/v2\/media\/23672"}],"wp:attachment":[{"href":"https:\/\/eltrabajo.cl\/portal\/wp-json\/wp\/v2\/media?parent=23671"}],"wp:term":[{"taxonomy":"category","embeddable":true,"href":"https:\/\/eltrabajo.cl\/portal\/wp-json\/wp\/v2\/categories?post=23671"},{"taxonomy":"post_tag","embeddable":true,"href":"https:\/\/eltrabajo.cl\/portal\/wp-json\/wp\/v2\/tags?post=23671"}],"curies":[{"name":"wp","href":"https:\/\/api.w.org\/{rel}","templated":true}]}}