{"id":23675,"date":"2012-09-11T10:11:33","date_gmt":"2012-09-11T13:11:33","guid":{"rendered":"http:\/\/www.eltrabajo.cl\/portal\/?p=23675"},"modified":"2012-09-11T10:11:33","modified_gmt":"2012-09-11T13:11:33","slug":"lomo-de-toro-y-exceso-de-velocidad-dejan-seis-heridos-en-volcamiento","status":"publish","type":"post","link":"https:\/\/eltrabajo.cl\/portal\/lomo-de-toro-y-exceso-de-velocidad-dejan-seis-heridos-en-volcamiento\/","title":{"rendered":"Lomo de toro y exceso de velocidad dejan seis heridos en volcamiento"},"content":{"rendered":"<p><a href=\"http:\/\/www.eltrabajo.cl\/portal\/2012\/09\/lomo-de-toro-y-exceso-de-velocidad-dejan-seis-heridos-en-volcamiento\/hyundai-ca4\/\" rel=\"attachment wp-att-23676\"><img data-recalc-dims=\"1\" loading=\"lazy\" decoding=\"async\" class=\"alignnone size-full wp-image-23676\" title=\"El estado del veh\u00edculo muestra claramente la violencia del impacto, pese a lo cual solamente uno de los seis heridos result\u00f3 con lesiones de gravedad.\" src=\"https:\/\/i0.wp.com\/www.eltrabajo.cl\/portal\/wp-content\/uploads\/2012\/09\/hyundai-ca4.jpg?resize=528%2C329\" alt=\"\" width=\"528\" height=\"329\" srcset=\"https:\/\/i0.wp.com\/eltrabajo.cl\/portal\/wp-content\/uploads\/2012\/09\/hyundai-ca4.jpg?w=528&amp;ssl=1 528w, https:\/\/i0.wp.com\/eltrabajo.cl\/portal\/wp-content\/uploads\/2012\/09\/hyundai-ca4.jpg?resize=200%2C124&amp;ssl=1 200w, https:\/\/i0.wp.com\/eltrabajo.cl\/portal\/wp-content\/uploads\/2012\/09\/hyundai-ca4.jpg?resize=300%2C186&amp;ssl=1 300w, https:\/\/i0.wp.com\/eltrabajo.cl\/portal\/wp-content\/uploads\/2012\/09\/hyundai-ca4.jpg?resize=150%2C93&amp;ssl=1 150w, https:\/\/i0.wp.com\/eltrabajo.cl\/portal\/wp-content\/uploads\/2012\/09\/hyundai-ca4.jpg?resize=400%2C249&amp;ssl=1 400w\" sizes=\"auto, (max-width: 528px) 100vw, 528px\" \/><\/a><\/p>\n<ul>\n<li><strong>Conductor de cami\u00f3n perdi\u00f3 el control del veh\u00edculo al pasar sobre el resalto, estrell\u00e1ndose contra un \u00e1rbol para terminar volcando en Calle Larga.<\/strong><\/li>\n<\/ul>\n<p><strong>CALLE LARGA.<\/strong>&#8211; Seis personas heridas y al menos una de ellas grave fue el resultado del volcamiento de un cami\u00f3n a la altura del paradero 9 en la comuna de Calle Larga.<\/p>\n<p>El accidente se produjo pasadas las 11 de la ma\u00f1ana, cuando un cami\u00f3n del tipo tres cuartos marca Hyundai, patente BH KW-66, se desplazaba a gran velocidad de sur a norte por esa ruta y al enfrentar un lomo de toro, el conductor identificado como Gilberto Salinas Araya perdi\u00f3 el control y choc\u00f3 contra un \u00e1rbol del ornato p\u00fablico para luego volcar espectacularmente<\/p>\n<p>Como consecuencia de lo anterior, los seis ocupantes del veh\u00edculo resultaron heridos, siendo necesaria la presencia de ambulancias del SAMU y la Unidad de Rescate de la Primera Compa\u00f1\u00eda de Bomberos.<\/p>\n<p>Adem\u00e1s concurri\u00f3 la Unidad Hazmat de la Segunda Compa\u00f1\u00eda a fin de detectar alg\u00fan derrame de combustible.<\/p>\n<p>Todos los heridos fueron derivados hasta el Hospital San Juan de Dios de Los Andes, siendo uno de ellos el caso m\u00e1s complejo debido a que sufri\u00f3 m\u00faltiples fracturas.<\/p>\n<p>Los cinco acompa\u00f1antes del conductor fueron identificados como Daniel Salinas Araya, Daniel Daza Rojas, Daniel Salinas Vergara, su hermano Ismael Salinas Vergara y Fabi\u00e1n Maldonado Fa\u00fandez.<\/p>\n<p>Uno de los testigos presenciales de este accidente fue el empresario Andino Bernardo Monasterio, quien al momento del choque circulaba por la pista contraria.<\/p>\n<p>A su juicio, el conductor del cami\u00f3n pudo haberse quedado dormido, no obstante que habr\u00e1 que esperar conocer la declaraci\u00f3n del conductor.<\/p>\n<p>Asimismo, el propio Monasterio dispuso la presencia de una gr\u00faa pluma para poder sacar la camioneta y as\u00ed habilitar la ruta que estuvo interrumpida por casi una hora.<\/p>\n<div class=\"tiled-gallery type-rectangular tiled-gallery-unresized\" data-original-width=\"640\" data-carousel-extra='null' itemscope itemtype=\"http:\/\/schema.org\/ImageGallery\" > <div class=\"gallery-row\" style=\"width: 640px; height: 270px;\" data-original-width=\"640\" data-original-height=\"270\" > <div class=\"gallery-group images-2\" style=\"width: 216px; height: 270px;\" data-original-width=\"216\" data-original-height=\"270\" > <div class=\"tiled-gallery-item tiled-gallery-item-small\" itemprop=\"associatedMedia\" itemscope itemtype=\"http:\/\/schema.org\/ImageObject\"> <a href=\"https:\/\/i0.wp.com\/eltrabajo.cl\/portal\/wp-content\/uploads\/2012\/09\/hyundai-ca4.jpg?ssl=1\" border=\"0\" itemprop=\"url\"> <meta itemprop=\"width\" content=\"212\"> <meta itemprop=\"height\" content=\"132\"> <img decoding=\"async\" class=\"\" data-attachment-id=\"23676\" data-orig-file=\"https:\/\/eltrabajo.cl\/portal\/wp-content\/uploads\/2012\/09\/hyundai-ca4.jpg\" data-orig-size=\"528,329\" data-comments-opened=\"1\" data-image-meta=\"{&quot;aperture&quot;:&quot;0&quot;,&quot;credit&quot;:&quot;&quot;,&quot;camera&quot;:&quot;&quot;,&quot;caption&quot;:&quot;&quot;,&quot;created_timestamp&quot;:&quot;0&quot;,&quot;copyright&quot;:&quot;&quot;,&quot;focal_length&quot;:&quot;0&quot;,&quot;iso&quot;:&quot;0&quot;,&quot;shutter_speed&quot;:&quot;0&quot;,&quot;title&quot;:&quot;&quot;}\" data-image-title=\"El estado del veh\u00edculo muestra claramente la violencia del impacto, pese a lo cual solamente uno de los seis heridos result\u00f3 con lesiones de gravedad.\" data-image-description=\"\" data-medium-file=\"https:\/\/i0.wp.com\/eltrabajo.cl\/portal\/wp-content\/uploads\/2012\/09\/hyundai-ca4.jpg?fit=300%2C186&#038;ssl=1\" data-large-file=\"https:\/\/i0.wp.com\/eltrabajo.cl\/portal\/wp-content\/uploads\/2012\/09\/hyundai-ca4.jpg?fit=528%2C329&#038;ssl=1\" src=\"https:\/\/i0.wp.com\/eltrabajo.cl\/portal\/wp-content\/uploads\/2012\/09\/hyundai-ca4.jpg?w=212&#038;h=132&#038;ssl=1\" srcset=\"https:\/\/i0.wp.com\/eltrabajo.cl\/portal\/wp-content\/uploads\/2012\/09\/hyundai-ca4.jpg?w=528&amp;ssl=1 528w, https:\/\/i0.wp.com\/eltrabajo.cl\/portal\/wp-content\/uploads\/2012\/09\/hyundai-ca4.jpg?resize=200%2C124&amp;ssl=1 200w, https:\/\/i0.wp.com\/eltrabajo.cl\/portal\/wp-content\/uploads\/2012\/09\/hyundai-ca4.jpg?resize=300%2C186&amp;ssl=1 300w, https:\/\/i0.wp.com\/eltrabajo.cl\/portal\/wp-content\/uploads\/2012\/09\/hyundai-ca4.jpg?resize=150%2C93&amp;ssl=1 150w, https:\/\/i0.wp.com\/eltrabajo.cl\/portal\/wp-content\/uploads\/2012\/09\/hyundai-ca4.jpg?resize=400%2C249&amp;ssl=1 400w\" width=\"212\" height=\"132\" loading=\"lazy\" data-original-width=\"212\" data-original-height=\"132\" itemprop=\"http:\/\/schema.org\/image\" title=\"El estado del veh\u00edculo muestra claramente la violencia del impacto, pese a lo cual solamente uno de los seis heridos result\u00f3 con lesiones de gravedad.\" alt=\"El estado del veh\u00edculo muestra claramente la violencia del impacto, pese a lo cual solamente uno de los seis heridos result\u00f3 con lesiones de gravedad.\" style=\"width: 212px; height: 132px;\" \/> <\/a> <\/div> <div class=\"tiled-gallery-item tiled-gallery-item-small\" itemprop=\"associatedMedia\" itemscope itemtype=\"http:\/\/schema.org\/ImageObject\"> <a href=\"https:\/\/i0.wp.com\/eltrabajo.cl\/portal\/wp-content\/uploads\/2012\/09\/hyundai-ca5.jpg?ssl=1\" border=\"0\" itemprop=\"url\"> <meta itemprop=\"width\" content=\"212\"> <meta itemprop=\"height\" content=\"130\"> <img decoding=\"async\" class=\"\" data-attachment-id=\"23677\" data-orig-file=\"https:\/\/eltrabajo.cl\/portal\/wp-content\/uploads\/2012\/09\/hyundai-ca5.jpg\" data-orig-size=\"529,324\" data-comments-opened=\"1\" data-image-meta=\"{&quot;aperture&quot;:&quot;0&quot;,&quot;credit&quot;:&quot;&quot;,&quot;camera&quot;:&quot;&quot;,&quot;caption&quot;:&quot;&quot;,&quot;created_timestamp&quot;:&quot;0&quot;,&quot;copyright&quot;:&quot;&quot;,&quot;focal_length&quot;:&quot;0&quot;,&quot;iso&quot;:&quot;0&quot;,&quot;shutter_speed&quot;:&quot;0&quot;,&quot;title&quot;:&quot;&quot;}\" data-image-title=\"Con una &amp;#8216;pluma&amp;#8217; debi\u00f3 ser elevado el cami\u00f3n tres cuartos tras la violenta colisi\u00f3n.\" data-image-description=\"\" data-medium-file=\"https:\/\/i0.wp.com\/eltrabajo.cl\/portal\/wp-content\/uploads\/2012\/09\/hyundai-ca5.jpg?fit=300%2C183&#038;ssl=1\" data-large-file=\"https:\/\/i0.wp.com\/eltrabajo.cl\/portal\/wp-content\/uploads\/2012\/09\/hyundai-ca5.jpg?fit=529%2C324&#038;ssl=1\" src=\"https:\/\/i0.wp.com\/eltrabajo.cl\/portal\/wp-content\/uploads\/2012\/09\/hyundai-ca5.jpg?w=212&#038;h=130&#038;ssl=1\" srcset=\"https:\/\/i0.wp.com\/eltrabajo.cl\/portal\/wp-content\/uploads\/2012\/09\/hyundai-ca5.jpg?w=529&amp;ssl=1 529w, https:\/\/i0.wp.com\/eltrabajo.cl\/portal\/wp-content\/uploads\/2012\/09\/hyundai-ca5.jpg?resize=200%2C122&amp;ssl=1 200w, https:\/\/i0.wp.com\/eltrabajo.cl\/portal\/wp-content\/uploads\/2012\/09\/hyundai-ca5.jpg?resize=300%2C183&amp;ssl=1 300w, https:\/\/i0.wp.com\/eltrabajo.cl\/portal\/wp-content\/uploads\/2012\/09\/hyundai-ca5.jpg?resize=150%2C91&amp;ssl=1 150w, https:\/\/i0.wp.com\/eltrabajo.cl\/portal\/wp-content\/uploads\/2012\/09\/hyundai-ca5.jpg?resize=400%2C244&amp;ssl=1 400w\" width=\"212\" height=\"130\" loading=\"lazy\" data-original-width=\"212\" data-original-height=\"130\" itemprop=\"http:\/\/schema.org\/image\" title=\"Con una &#039;pluma&#039; debi\u00f3 ser elevado el cami\u00f3n tres cuartos tras la violenta colisi\u00f3n.\" alt=\"Con una &#039;pluma&#039; debi\u00f3 ser elevado el cami\u00f3n tres cuartos tras la violenta colisi\u00f3n.\" style=\"width: 212px; height: 130px;\" \/> <\/a> <\/div> <\/div> <!-- close group --> <div class=\"gallery-group images-1\" style=\"width: 424px; height: 270px;\" data-original-width=\"424\" data-original-height=\"270\" > <div class=\"tiled-gallery-item tiled-gallery-item-large\" itemprop=\"associatedMedia\" itemscope itemtype=\"http:\/\/schema.org\/ImageObject\"> <a href=\"https:\/\/i0.wp.com\/eltrabajo.cl\/portal\/wp-content\/uploads\/2012\/09\/hyundai-ca1.jpg?ssl=1\" border=\"0\" itemprop=\"url\"> <meta itemprop=\"width\" content=\"420\"> <meta itemprop=\"height\" content=\"266\"> <img decoding=\"async\" class=\"\" data-attachment-id=\"23678\" data-orig-file=\"https:\/\/eltrabajo.cl\/portal\/wp-content\/uploads\/2012\/09\/hyundai-ca1.jpg\" data-orig-size=\"529,335\" data-comments-opened=\"1\" data-image-meta=\"{&quot;aperture&quot;:&quot;0&quot;,&quot;credit&quot;:&quot;&quot;,&quot;camera&quot;:&quot;&quot;,&quot;caption&quot;:&quot;&quot;,&quot;created_timestamp&quot;:&quot;0&quot;,&quot;copyright&quot;:&quot;&quot;,&quot;focal_length&quot;:&quot;0&quot;,&quot;iso&quot;:&quot;0&quot;,&quot;shutter_speed&quot;:&quot;0&quot;,&quot;title&quot;:&quot;&quot;}\" data-image-title=\"El accidente se produjo pasadas las 11 de la ma\u00f1ana.\" data-image-description=\"\" data-medium-file=\"https:\/\/i0.wp.com\/eltrabajo.cl\/portal\/wp-content\/uploads\/2012\/09\/hyundai-ca1.jpg?fit=300%2C189&#038;ssl=1\" data-large-file=\"https:\/\/i0.wp.com\/eltrabajo.cl\/portal\/wp-content\/uploads\/2012\/09\/hyundai-ca1.jpg?fit=529%2C335&#038;ssl=1\" src=\"https:\/\/i0.wp.com\/eltrabajo.cl\/portal\/wp-content\/uploads\/2012\/09\/hyundai-ca1.jpg?w=420&#038;h=266&#038;ssl=1\" srcset=\"https:\/\/i0.wp.com\/eltrabajo.cl\/portal\/wp-content\/uploads\/2012\/09\/hyundai-ca1.jpg?w=529&amp;ssl=1 529w, https:\/\/i0.wp.com\/eltrabajo.cl\/portal\/wp-content\/uploads\/2012\/09\/hyundai-ca1.jpg?resize=200%2C126&amp;ssl=1 200w, https:\/\/i0.wp.com\/eltrabajo.cl\/portal\/wp-content\/uploads\/2012\/09\/hyundai-ca1.jpg?resize=300%2C189&amp;ssl=1 300w, https:\/\/i0.wp.com\/eltrabajo.cl\/portal\/wp-content\/uploads\/2012\/09\/hyundai-ca1.jpg?resize=150%2C94&amp;ssl=1 150w, https:\/\/i0.wp.com\/eltrabajo.cl\/portal\/wp-content\/uploads\/2012\/09\/hyundai-ca1.jpg?resize=400%2C253&amp;ssl=1 400w\" width=\"420\" height=\"266\" loading=\"lazy\" data-original-width=\"420\" data-original-height=\"266\" itemprop=\"http:\/\/schema.org\/image\" title=\"El accidente se produjo pasadas las 11 de la ma\u00f1ana.\" alt=\"El accidente se produjo pasadas las 11 de la ma\u00f1ana.\" style=\"width: 420px; height: 266px;\" \/> <\/a> <\/div> <\/div> <!-- close group --> <\/div> <!-- close row --> <\/div>\n<p>&nbsp;<\/p>\n","protected":false},"excerpt":{"rendered":"<p>Conductor de cami\u00f3n perdi\u00f3 el control del veh\u00edculo al pasar sobre el resalto, estrell\u00e1ndose contra un \u00e1rbol para terminar volcando en Calle Larga. CALLE LARGA.&#8211; Seis personas heridas y al menos una&#8230;<\/p>\n","protected":false},"author":482,"featured_media":23676,"comment_status":"open","ping_status":"closed","sticky":false,"template":"","format":"standard","meta":{"advanced_seo_description":"","jetpack_seo_html_title":"","jetpack_seo_noindex":false,"_jetpack_memberships_contains_paid_content":false,"footnotes":""},"categories":[21],"tags":[],"class_list":["post-23675","post","type-post","status-publish","format-standard","has-post-thumbnail","hentry","category-policial"],"jetpack_featured_media_url":"https:\/\/i0.wp.com\/eltrabajo.cl\/portal\/wp-content\/uploads\/2012\/09\/hyundai-ca4.jpg?fit=528%2C329&ssl=1","jetpack_sharing_enabled":true,"jetpack_likes_enabled":true,"jetpack-related-posts":[],"_links":{"self":[{"href":"https:\/\/eltrabajo.cl\/portal\/wp-json\/wp\/v2\/posts\/23675","targetHints":{"allow":["GET"]}}],"collection":[{"href":"https:\/\/eltrabajo.cl\/portal\/wp-json\/wp\/v2\/posts"}],"about":[{"href":"https:\/\/eltrabajo.cl\/portal\/wp-json\/wp\/v2\/types\/post"}],"author":[{"embeddable":true,"href":"https:\/\/eltrabajo.cl\/portal\/wp-json\/wp\/v2\/users\/482"}],"replies":[{"embeddable":true,"href":"https:\/\/eltrabajo.cl\/portal\/wp-json\/wp\/v2\/comments?post=23675"}],"version-history":[{"count":0,"href":"https:\/\/eltrabajo.cl\/portal\/wp-json\/wp\/v2\/posts\/23675\/revisions"}],"wp:featuredmedia":[{"embeddable":true,"href":"https:\/\/eltrabajo.cl\/portal\/wp-json\/wp\/v2\/media\/23676"}],"wp:attachment":[{"href":"https:\/\/eltrabajo.cl\/portal\/wp-json\/wp\/v2\/media?parent=23675"}],"wp:term":[{"taxonomy":"category","embeddable":true,"href":"https:\/\/eltrabajo.cl\/portal\/wp-json\/wp\/v2\/categories?post=23675"},{"taxonomy":"post_tag","embeddable":true,"href":"https:\/\/eltrabajo.cl\/portal\/wp-json\/wp\/v2\/tags?post=23675"}],"curies":[{"name":"wp","href":"https:\/\/api.w.org\/{rel}","templated":true}]}}