{"id":23689,"date":"2012-09-11T10:25:01","date_gmt":"2012-09-11T13:25:01","guid":{"rendered":"http:\/\/www.eltrabajo.cl\/portal\/?p=23689"},"modified":"2012-09-11T10:25:01","modified_gmt":"2012-09-11T13:25:01","slug":"decapitan-imagen-de-santa-teresita-en-las-afueras-del-antiguo-monasterio","status":"publish","type":"post","link":"https:\/\/eltrabajo.cl\/portal\/decapitan-imagen-de-santa-teresita-en-las-afueras-del-antiguo-monasterio\/","title":{"rendered":"Decapitan imagen de Santa Teresita en las afueras del antiguo monasterio"},"content":{"rendered":"<p><a href=\"http:\/\/www.eltrabajo.cl\/portal\/2012\/09\/decapitan-imagen-de-santa-teresita-en-las-afueras-del-antiguo-monasterio\/imagen-santa4\/\" rel=\"attachment wp-att-23690\"><img data-recalc-dims=\"1\" loading=\"lazy\" decoding=\"async\" class=\"alignleft size-medium wp-image-23690\" title=\"As\u00ed qued\u00f3 la imagen de la primera Santa Chilena, una inocente joven que consagr\u00f3 su vida a la oraci\u00f3n. \" src=\"https:\/\/i0.wp.com\/www.eltrabajo.cl\/portal\/wp-content\/uploads\/2012\/09\/imagen-santa4-168x300.jpg?resize=168%2C300\" alt=\"\" width=\"168\" height=\"300\" srcset=\"https:\/\/i0.wp.com\/eltrabajo.cl\/portal\/wp-content\/uploads\/2012\/09\/imagen-santa4.jpg?resize=168%2C300&amp;ssl=1 168w, https:\/\/i0.wp.com\/eltrabajo.cl\/portal\/wp-content\/uploads\/2012\/09\/imagen-santa4.jpg?resize=84%2C150&amp;ssl=1 84w, https:\/\/i0.wp.com\/eltrabajo.cl\/portal\/wp-content\/uploads\/2012\/09\/imagen-santa4.jpg?resize=400%2C713&amp;ssl=1 400w, https:\/\/i0.wp.com\/eltrabajo.cl\/portal\/wp-content\/uploads\/2012\/09\/imagen-santa4.jpg?w=529&amp;ssl=1 529w\" sizes=\"auto, (max-width: 168px) 100vw, 168px\" \/><\/a><\/p>\n<ul>\n<li><strong>Indignaci\u00f3n en la comunidad cat\u00f3lica por este nuevo atentado que sufre la estatua<\/strong><\/li>\n<\/ul>\n<p><strong>LOS ANDES.<\/strong>&#8211; En horas de la madrugada de este lunes, desconocidos decapitaron la imagen de Santa Teresita de Los Andes que se encuentra ubicada en las afueras del ex monasterio carmelita en avenida Santa Teresa, a menos de cincuenta metros de la Tercera Comisar\u00eda de Carabineros.<\/p>\n<p>Fueron transe\u00fantes que a eso de la una de la madrugada se percataron que la imagen de yeso y de 1,5 metros de altura hab\u00eda sido decapitada por sacr\u00edlegos.<\/p>\n<p>Para acceder a la imagen los v\u00e1ndalos saltaron la reja perimetral y luego forzaron el candado de la puerta de vidrio del habit\u00e1culo donde est\u00e1 la estatua.<\/p>\n<p>A pesar de que Carabineros realiz\u00f3 rondas por las inmediaciones, no fue posible dar con el paradero de el o los autores.<\/p>\n<p>No obstante, en horas de la ma\u00f1ana se hizo presente en el lugar personal de la SIP a fin de tomar algunas huellas.<\/p>\n<p>Este ataque ha causado dolor, indignaci\u00f3n y molestia en la comunidad cat\u00f3lica, ya que no es la primera vez que la imagen sufre da\u00f1os a causa de pedradas o golpes.<\/p>\n<p>M\u00e1s all\u00e1 del valor espiritual de la imagen, est\u00e1 tambi\u00e9n el costo econ\u00f3mico que implicar\u00e1 su restauraci\u00f3n.<\/p>\n<p>A trav\u00e9s de un comunicado de prensa, las comunidades de Carmelitas Misioneras Teresianas, Padres Carmelitas y Madres Carmelitas Descalzas, manifestaron su profundo pesar ante este acontecimiento que ha dejado impactada a la comunidad de Los Andes y al pa\u00eds entero.<\/p>\n<p>\u00abUna vez m\u00e1s se ha visto vulnerada esta imagen, que representa la creencia de miles de fieles en todo el mundo\u00bb, indica el documento<\/p>\n<p>El comunicado expresa: \u00abEste hecho en particular, genera consternaci\u00f3n en el mundo cat\u00f3lico, no s\u00f3lo por el da\u00f1o a una imagen, sino por lo que representa esa imagen: la pureza de una joven que entreg\u00f3 su vida a la oraci\u00f3n y que lleg\u00f3 a convertirse no s\u00f3lo en la Primera Santa Chilena, sino adem\u00e1s en la primera santa carmelita americana\u00bb.<\/p>\n<p>Asimismo, las comunidades aclararon que la imagen de Teresita que se encuentra en Auco est\u00e1 intacta, ya que en algunos medios nacionales se difundi\u00f3 la noticia de que esa era la imagen que hab\u00eda sido decapitada.<\/p>\n<div class=\"tiled-gallery type-rectangular tiled-gallery-unresized\" data-original-width=\"640\" data-carousel-extra='null' itemscope itemtype=\"http:\/\/schema.org\/ImageGallery\" > <div class=\"gallery-row\" style=\"width: 640px; height: 307px;\" data-original-width=\"640\" data-original-height=\"307\" > <div class=\"gallery-group images-1\" style=\"width: 174px; height: 307px;\" data-original-width=\"174\" data-original-height=\"307\" > <div class=\"tiled-gallery-item tiled-gallery-item-small\" itemprop=\"associatedMedia\" itemscope itemtype=\"http:\/\/schema.org\/ImageObject\"> <a href=\"https:\/\/i0.wp.com\/eltrabajo.cl\/portal\/wp-content\/uploads\/2012\/09\/imagen-santa4.jpg?ssl=1\" border=\"0\" itemprop=\"url\"> <meta itemprop=\"width\" content=\"170\"> <meta itemprop=\"height\" content=\"303\"> <img decoding=\"async\" class=\"\" data-attachment-id=\"23690\" data-orig-file=\"https:\/\/eltrabajo.cl\/portal\/wp-content\/uploads\/2012\/09\/imagen-santa4.jpg\" data-orig-size=\"529,943\" data-comments-opened=\"1\" data-image-meta=\"{&quot;aperture&quot;:&quot;0&quot;,&quot;credit&quot;:&quot;&quot;,&quot;camera&quot;:&quot;&quot;,&quot;caption&quot;:&quot;&quot;,&quot;created_timestamp&quot;:&quot;0&quot;,&quot;copyright&quot;:&quot;&quot;,&quot;focal_length&quot;:&quot;0&quot;,&quot;iso&quot;:&quot;0&quot;,&quot;shutter_speed&quot;:&quot;0&quot;,&quot;title&quot;:&quot;&quot;}\" data-image-title=\"As\u00ed qued\u00f3 la imagen de la primera Santa Chilena, una inocente joven que consagr\u00f3 su vida a la oraci\u00f3n. \" data-image-description=\"\" data-medium-file=\"https:\/\/i0.wp.com\/eltrabajo.cl\/portal\/wp-content\/uploads\/2012\/09\/imagen-santa4.jpg?fit=168%2C300&#038;ssl=1\" data-large-file=\"https:\/\/i0.wp.com\/eltrabajo.cl\/portal\/wp-content\/uploads\/2012\/09\/imagen-santa4.jpg?fit=529%2C943&#038;ssl=1\" src=\"https:\/\/i0.wp.com\/eltrabajo.cl\/portal\/wp-content\/uploads\/2012\/09\/imagen-santa4.jpg?w=170&#038;h=303&#038;ssl=1\" srcset=\"https:\/\/i0.wp.com\/eltrabajo.cl\/portal\/wp-content\/uploads\/2012\/09\/imagen-santa4.jpg?w=529&amp;ssl=1 529w, https:\/\/i0.wp.com\/eltrabajo.cl\/portal\/wp-content\/uploads\/2012\/09\/imagen-santa4.jpg?resize=84%2C150&amp;ssl=1 84w, https:\/\/i0.wp.com\/eltrabajo.cl\/portal\/wp-content\/uploads\/2012\/09\/imagen-santa4.jpg?resize=168%2C300&amp;ssl=1 168w, https:\/\/i0.wp.com\/eltrabajo.cl\/portal\/wp-content\/uploads\/2012\/09\/imagen-santa4.jpg?resize=400%2C713&amp;ssl=1 400w\" width=\"170\" height=\"303\" loading=\"lazy\" data-original-width=\"170\" data-original-height=\"303\" itemprop=\"http:\/\/schema.org\/image\" title=\"As\u00ed qued\u00f3 la imagen de la primera Santa Chilena, una inocente joven que consagr\u00f3 su vida a la oraci\u00f3n. \" alt=\"As\u00ed qued\u00f3 la imagen de la primera Santa Chilena, una inocente joven que consagr\u00f3 su vida a la oraci\u00f3n.\" style=\"width: 170px; height: 303px;\" \/> <\/a> <\/div> <\/div> <!-- close group --> <div class=\"gallery-group images-1\" style=\"width: 466px; height: 307px;\" data-original-width=\"466\" data-original-height=\"307\" > <div class=\"tiled-gallery-item tiled-gallery-item-large\" itemprop=\"associatedMedia\" itemscope itemtype=\"http:\/\/schema.org\/ImageObject\"> <a href=\"https:\/\/i0.wp.com\/eltrabajo.cl\/portal\/wp-content\/uploads\/2012\/09\/imagen-santa.jpg?ssl=1\" border=\"0\" itemprop=\"url\"> <meta itemprop=\"width\" content=\"462\"> <meta itemprop=\"height\" content=\"303\"> <img decoding=\"async\" class=\"\" data-attachment-id=\"23691\" data-orig-file=\"https:\/\/eltrabajo.cl\/portal\/wp-content\/uploads\/2012\/09\/imagen-santa.jpg\" data-orig-size=\"529,347\" data-comments-opened=\"1\" data-image-meta=\"{&quot;aperture&quot;:&quot;0&quot;,&quot;credit&quot;:&quot;&quot;,&quot;camera&quot;:&quot;&quot;,&quot;caption&quot;:&quot;&quot;,&quot;created_timestamp&quot;:&quot;0&quot;,&quot;copyright&quot;:&quot;&quot;,&quot;focal_length&quot;:&quot;0&quot;,&quot;iso&quot;:&quot;0&quot;,&quot;shutter_speed&quot;:&quot;0&quot;,&quot;title&quot;:&quot;&quot;}\" data-image-title=\"Este es el habit\u00e1culo donde se encontraba la imagen de Santa Teresa, la cual fue decapitada por sacr\u00edlegos.\" data-image-description=\"\" data-medium-file=\"https:\/\/i0.wp.com\/eltrabajo.cl\/portal\/wp-content\/uploads\/2012\/09\/imagen-santa.jpg?fit=300%2C196&#038;ssl=1\" data-large-file=\"https:\/\/i0.wp.com\/eltrabajo.cl\/portal\/wp-content\/uploads\/2012\/09\/imagen-santa.jpg?fit=529%2C347&#038;ssl=1\" src=\"https:\/\/i0.wp.com\/eltrabajo.cl\/portal\/wp-content\/uploads\/2012\/09\/imagen-santa.jpg?w=462&#038;h=303&#038;ssl=1\" srcset=\"https:\/\/i0.wp.com\/eltrabajo.cl\/portal\/wp-content\/uploads\/2012\/09\/imagen-santa.jpg?w=529&amp;ssl=1 529w, https:\/\/i0.wp.com\/eltrabajo.cl\/portal\/wp-content\/uploads\/2012\/09\/imagen-santa.jpg?resize=200%2C131&amp;ssl=1 200w, https:\/\/i0.wp.com\/eltrabajo.cl\/portal\/wp-content\/uploads\/2012\/09\/imagen-santa.jpg?resize=300%2C196&amp;ssl=1 300w, https:\/\/i0.wp.com\/eltrabajo.cl\/portal\/wp-content\/uploads\/2012\/09\/imagen-santa.jpg?resize=150%2C98&amp;ssl=1 150w, https:\/\/i0.wp.com\/eltrabajo.cl\/portal\/wp-content\/uploads\/2012\/09\/imagen-santa.jpg?resize=400%2C262&amp;ssl=1 400w\" width=\"462\" height=\"303\" loading=\"lazy\" data-original-width=\"462\" data-original-height=\"303\" itemprop=\"http:\/\/schema.org\/image\" title=\"Este es el habit\u00e1culo donde se encontraba la imagen de Santa Teresa, la cual fue decapitada por sacr\u00edlegos.\" alt=\"Este es el habit\u00e1culo donde se encontraba la imagen de Santa Teresa, la cual fue decapitada por sacr\u00edlegos.\" style=\"width: 462px; height: 303px;\" \/> <\/a> <\/div> <\/div> <!-- close group --> <\/div> <!-- close row --> <\/div>\n<p>&nbsp;<\/p>\n","protected":false},"excerpt":{"rendered":"<p>Indignaci\u00f3n en la comunidad cat\u00f3lica por este nuevo atentado que sufre la estatua LOS ANDES.&#8211; En horas de la madrugada de este lunes, desconocidos decapitaron la imagen de Santa Teresita de Los&#8230;<\/p>\n","protected":false},"author":482,"featured_media":23690,"comment_status":"open","ping_status":"closed","sticky":false,"template":"","format":"standard","meta":{"advanced_seo_description":"","jetpack_seo_html_title":"","jetpack_seo_noindex":false,"_jetpack_memberships_contains_paid_content":false,"footnotes":""},"categories":[15],"tags":[],"class_list":["post-23689","post","type-post","status-publish","format-standard","has-post-thumbnail","hentry","category-comunidad"],"jetpack_featured_media_url":"https:\/\/i0.wp.com\/eltrabajo.cl\/portal\/wp-content\/uploads\/2012\/09\/imagen-santa4.jpg?fit=529%2C943&ssl=1","jetpack_sharing_enabled":true,"jetpack_likes_enabled":true,"jetpack-related-posts":[],"_links":{"self":[{"href":"https:\/\/eltrabajo.cl\/portal\/wp-json\/wp\/v2\/posts\/23689","targetHints":{"allow":["GET"]}}],"collection":[{"href":"https:\/\/eltrabajo.cl\/portal\/wp-json\/wp\/v2\/posts"}],"about":[{"href":"https:\/\/eltrabajo.cl\/portal\/wp-json\/wp\/v2\/types\/post"}],"author":[{"embeddable":true,"href":"https:\/\/eltrabajo.cl\/portal\/wp-json\/wp\/v2\/users\/482"}],"replies":[{"embeddable":true,"href":"https:\/\/eltrabajo.cl\/portal\/wp-json\/wp\/v2\/comments?post=23689"}],"version-history":[{"count":0,"href":"https:\/\/eltrabajo.cl\/portal\/wp-json\/wp\/v2\/posts\/23689\/revisions"}],"wp:featuredmedia":[{"embeddable":true,"href":"https:\/\/eltrabajo.cl\/portal\/wp-json\/wp\/v2\/media\/23690"}],"wp:attachment":[{"href":"https:\/\/eltrabajo.cl\/portal\/wp-json\/wp\/v2\/media?parent=23689"}],"wp:term":[{"taxonomy":"category","embeddable":true,"href":"https:\/\/eltrabajo.cl\/portal\/wp-json\/wp\/v2\/categories?post=23689"},{"taxonomy":"post_tag","embeddable":true,"href":"https:\/\/eltrabajo.cl\/portal\/wp-json\/wp\/v2\/tags?post=23689"}],"curies":[{"name":"wp","href":"https:\/\/api.w.org\/{rel}","templated":true}]}}