{"id":23696,"date":"2012-09-11T10:26:31","date_gmt":"2012-09-11T13:26:31","guid":{"rendered":"http:\/\/www.eltrabajo.cl\/portal\/?p=23696"},"modified":"2012-09-11T10:36:55","modified_gmt":"2012-09-11T13:36:55","slug":"hallan-bebe-recien-nacido-aun-con-vida-abandonado-en-plena-via-publica","status":"publish","type":"post","link":"https:\/\/eltrabajo.cl\/portal\/hallan-bebe-recien-nacido-aun-con-vida-abandonado-en-plena-via-publica\/","title":{"rendered":"Hallan beb\u00e9 reci\u00e9n nacido a\u00fan con vida abandonado en plena v\u00eda p\u00fablica"},"content":{"rendered":"<figure id=\"attachment_23697\" aria-describedby=\"caption-attachment-23697\" style=\"width: 300px\" class=\"wp-caption alignleft\"><a href=\"http:\/\/www.eltrabajo.cl\/portal\/2012\/09\/hallan-bebe-recien-nacido-aun-con-vida-abandonado-en-plena-via-publica\/recien-nacido\/\" rel=\"attachment wp-att-23697\"><img data-recalc-dims=\"1\" loading=\"lazy\" decoding=\"async\" class=\"size-medium wp-image-23697 \" title=\"El beb\u00e9 ten\u00eda a\u00fan con su cord\u00f3n unbilical. (Foto referencial).\" src=\"https:\/\/i0.wp.com\/www.eltrabajo.cl\/portal\/wp-content\/uploads\/2012\/09\/recien-nacido-300x270.jpg?resize=300%2C270\" alt=\"\" width=\"300\" height=\"270\" srcset=\"https:\/\/i0.wp.com\/eltrabajo.cl\/portal\/wp-content\/uploads\/2012\/09\/recien-nacido.jpg?resize=300%2C270&amp;ssl=1 300w, https:\/\/i0.wp.com\/eltrabajo.cl\/portal\/wp-content\/uploads\/2012\/09\/recien-nacido.jpg?resize=166%2C150&amp;ssl=1 166w, https:\/\/i0.wp.com\/eltrabajo.cl\/portal\/wp-content\/uploads\/2012\/09\/recien-nacido.jpg?resize=150%2C135&amp;ssl=1 150w, https:\/\/i0.wp.com\/eltrabajo.cl\/portal\/wp-content\/uploads\/2012\/09\/recien-nacido.jpg?resize=400%2C360&amp;ssl=1 400w, https:\/\/i0.wp.com\/eltrabajo.cl\/portal\/wp-content\/uploads\/2012\/09\/recien-nacido.jpg?w=529&amp;ssl=1 529w\" sizes=\"auto, (max-width: 300px) 100vw, 300px\" \/><\/a><figcaption id=\"caption-attachment-23697\" class=\"wp-caption-text\">El beb\u00e9 ten\u00eda a\u00fan su cord\u00f3n umbilical. (Foto referencial).<\/figcaption><\/figure>\n<p>Un terrible y dram\u00e1tico hallazgo realiz\u00f3 una familia con residencia en calle Dardignac de San Felipe, luego que abandonado en plena v\u00eda p\u00fablica, encontraran a un beb\u00e9 reci\u00e9n nacido.<\/p>\n<p>El hallazgo tuvo lugar alrededor de las 21:40 horas de ayer, frente al n\u00famero 10 de calle Dardignac, a un costado de la Segunda Comisar\u00eda de Carabineros de San Felipe.<\/p>\n<p>Seg\u00fan se pudo conocer, la peque\u00f1a criatura se encontraba a\u00fan ba\u00f1ada en sangre, con restos de placenta y su cord\u00f3n umbilical, envuelta en una toalla, sin ropa.<\/p>\n<p>Al parecer el llanto de la criatura logr\u00f3 alertar a la familia que en el interior de su vivienda pudo escuchar al beb\u00e9, saliendo a verificar lo que ocurr\u00eda y encontr\u00e1ndose con el dram\u00e1tico hallazgo.<\/p>\n<p>La pareja inmediatamente dio aviso a Carabineros de San Felipe, quienes llegaron al lugar y tras corroborar la denuncia procedieron a trasladar a la lactante hasta el hospital San Camilo, donde al cierre de la presente edici\u00f3n el beb\u00e9 era atendido por los equipos m\u00e9dicos.<\/p>\n<p>Seg\u00fan informaciones extraoficiales, se trata de un beb\u00e9 de sexo femenino, cuya madre lo dej\u00f3 abandonado luego de dar a luz poco antes del hallazgo.<\/p>\n<p>Por orden del Fiscal de turno, el caso pas\u00f3 a manos de la PDI quienes se abocar\u00edan a investigar el caso para dar con la desnaturalizada madre de la criatura.<\/p>\n<p>En nuestra edici\u00f3n de ma\u00f1ana mi\u00e9rcoles estaremos ampliando esta informaci\u00f3n.<\/p>\n<p>&nbsp;<\/p>\n","protected":false},"excerpt":{"rendered":"<p>Un terrible y dram\u00e1tico hallazgo realiz\u00f3 una familia con residencia en calle Dardignac de San Felipe, luego que abandonado en plena v\u00eda p\u00fablica, encontraran a un beb\u00e9 reci\u00e9n nacido. El hallazgo tuvo&#8230;<\/p>\n","protected":false},"author":482,"featured_media":23697,"comment_status":"open","ping_status":"closed","sticky":false,"template":"","format":"standard","meta":{"advanced_seo_description":"","jetpack_seo_html_title":"","jetpack_seo_noindex":false,"_jetpack_memberships_contains_paid_content":false,"footnotes":""},"categories":[21],"tags":[],"class_list":["post-23696","post","type-post","status-publish","format-standard","has-post-thumbnail","hentry","category-policial"],"jetpack_featured_media_url":"https:\/\/i0.wp.com\/eltrabajo.cl\/portal\/wp-content\/uploads\/2012\/09\/recien-nacido.jpg?fit=529%2C477&ssl=1","jetpack_sharing_enabled":true,"jetpack_likes_enabled":true,"jetpack-related-posts":[],"_links":{"self":[{"href":"https:\/\/eltrabajo.cl\/portal\/wp-json\/wp\/v2\/posts\/23696","targetHints":{"allow":["GET"]}}],"collection":[{"href":"https:\/\/eltrabajo.cl\/portal\/wp-json\/wp\/v2\/posts"}],"about":[{"href":"https:\/\/eltrabajo.cl\/portal\/wp-json\/wp\/v2\/types\/post"}],"author":[{"embeddable":true,"href":"https:\/\/eltrabajo.cl\/portal\/wp-json\/wp\/v2\/users\/482"}],"replies":[{"embeddable":true,"href":"https:\/\/eltrabajo.cl\/portal\/wp-json\/wp\/v2\/comments?post=23696"}],"version-history":[{"count":0,"href":"https:\/\/eltrabajo.cl\/portal\/wp-json\/wp\/v2\/posts\/23696\/revisions"}],"wp:featuredmedia":[{"embeddable":true,"href":"https:\/\/eltrabajo.cl\/portal\/wp-json\/wp\/v2\/media\/23697"}],"wp:attachment":[{"href":"https:\/\/eltrabajo.cl\/portal\/wp-json\/wp\/v2\/media?parent=23696"}],"wp:term":[{"taxonomy":"category","embeddable":true,"href":"https:\/\/eltrabajo.cl\/portal\/wp-json\/wp\/v2\/categories?post=23696"},{"taxonomy":"post_tag","embeddable":true,"href":"https:\/\/eltrabajo.cl\/portal\/wp-json\/wp\/v2\/tags?post=23696"}],"curies":[{"name":"wp","href":"https:\/\/api.w.org\/{rel}","templated":true}]}}