{"id":23702,"date":"2012-09-12T09:22:26","date_gmt":"2012-09-12T12:22:26","guid":{"rendered":"http:\/\/www.eltrabajo.cl\/portal\/?p=23702"},"modified":"2012-09-12T09:22:26","modified_gmt":"2012-09-12T12:22:26","slug":"con-gran-bailable-adultos-mayores-de-panquehue-despidieron-agosto","status":"publish","type":"post","link":"https:\/\/eltrabajo.cl\/portal\/con-gran-bailable-adultos-mayores-de-panquehue-despidieron-agosto\/","title":{"rendered":"Con gran bailable Adultos Mayores de Panquehue despidieron agosto"},"content":{"rendered":"<p><a href=\"http:\/\/www.eltrabajo.cl\/portal\/2012\/09\/con-gran-bailable-adultos-mayores-de-panquehue-despidieron-agosto\/despidieron-agosto-panquehue-2\/\" rel=\"attachment wp-att-23704\"><img data-recalc-dims=\"1\" loading=\"lazy\" decoding=\"async\" class=\"alignnone size-full wp-image-23704\" title=\"Por alrededor de cuatro horas, los adultos mayores de Panquehue estuvieron celebrando haber pasado agosto.\" src=\"https:\/\/i0.wp.com\/www.eltrabajo.cl\/portal\/wp-content\/uploads\/2012\/09\/despidieron-agosto-panquehue-2.jpg?resize=529%2C397\" alt=\"\" width=\"529\" height=\"397\" srcset=\"https:\/\/i0.wp.com\/eltrabajo.cl\/portal\/wp-content\/uploads\/2012\/09\/despidieron-agosto-panquehue-2.jpg?w=529&amp;ssl=1 529w, https:\/\/i0.wp.com\/eltrabajo.cl\/portal\/wp-content\/uploads\/2012\/09\/despidieron-agosto-panquehue-2.jpg?resize=200%2C150&amp;ssl=1 200w, https:\/\/i0.wp.com\/eltrabajo.cl\/portal\/wp-content\/uploads\/2012\/09\/despidieron-agosto-panquehue-2.jpg?resize=300%2C225&amp;ssl=1 300w, https:\/\/i0.wp.com\/eltrabajo.cl\/portal\/wp-content\/uploads\/2012\/09\/despidieron-agosto-panquehue-2.jpg?resize=150%2C112&amp;ssl=1 150w, https:\/\/i0.wp.com\/eltrabajo.cl\/portal\/wp-content\/uploads\/2012\/09\/despidieron-agosto-panquehue-2.jpg?resize=400%2C300&amp;ssl=1 400w\" sizes=\"auto, (max-width: 529px) 100vw, 529px\" \/><\/a><\/p>\n<p><strong>PANQUEHUE<\/strong>.- Por tercer a\u00f1o consecutivo y gracias a las pol\u00edticas municipales, los abuelos de Panquehue despidieron sonrientes el mes de agosto. A la celebraci\u00f3n que est\u00e1 instaurada en la comuna llegaron m\u00e1s de 300 abuelos.<\/p>\n<p>Un buen \u2018mal\u00f3n\u2019 para comenzar a saborear la tarde fue el inicio de la jornada. Las distintas delegaciones de los sectores de Panquehue recordaron aquellos a\u00f1os mozos de sus vidas en d\u00f3nde el tango, el cha-cha-cha y la buena cumbia no pod\u00edan estar ausentes.<\/p>\n<p>Al ritmo de la agrupaci\u00f3n \u2018Nueva Imagen\u2019, vino el cotill\u00f3n y la pista de baile se llen\u00f3 de adultos mayores. Esa fue la t\u00f3nica del evento que marc\u00f3 el paso del mes agosto y la bienvenida al mes de la Patria.<\/p>\n<p>Junto con los adultos mayores estuvo el Alcalde Pradenas, quien tras felicitarlos comparti\u00f3 con ellos largamente: \u201cCada a\u00f1o nos vamos superando. Este a\u00f1o se trajo una orquesta muy buena. El deber m\u00edo como alcalde es darle este tipo de actividades para que puedan tener alegr\u00eda y quebrar su rutina\u201d.<\/p>\n<p>Por cerca de cuatro horas se prolong\u00f3 la fiesta. Claro hab\u00eda que celebrar, quedando los \u00e1nimos encendidos para esperar las Fiestas Patrias y posteriormente el mes del adulto mayor, en octubre.<\/p>\n<div class=\"tiled-gallery type-rectangular tiled-gallery-unresized\" data-original-width=\"640\" data-carousel-extra='null' itemscope itemtype=\"http:\/\/schema.org\/ImageGallery\" > <div class=\"gallery-row\" style=\"width: 640px; height: 241px;\" data-original-width=\"640\" data-original-height=\"241\" > <div class=\"gallery-group images-1\" style=\"width: 320px; height: 241px;\" data-original-width=\"320\" data-original-height=\"241\" > <div class=\"tiled-gallery-item tiled-gallery-item-large\" itemprop=\"associatedMedia\" itemscope itemtype=\"http:\/\/schema.org\/ImageObject\"> <a href=\"https:\/\/i0.wp.com\/eltrabajo.cl\/portal\/wp-content\/uploads\/2012\/09\/despidieron-agosto-panquehue-3.jpg?ssl=1\" border=\"0\" itemprop=\"url\"> <meta itemprop=\"width\" content=\"316\"> <meta itemprop=\"height\" content=\"237\"> <img decoding=\"async\" class=\"\" data-attachment-id=\"23703\" data-orig-file=\"https:\/\/eltrabajo.cl\/portal\/wp-content\/uploads\/2012\/09\/despidieron-agosto-panquehue-3.jpg\" data-orig-size=\"529,397\" data-comments-opened=\"1\" data-image-meta=\"{&quot;aperture&quot;:&quot;0&quot;,&quot;credit&quot;:&quot;&quot;,&quot;camera&quot;:&quot;&quot;,&quot;caption&quot;:&quot;&quot;,&quot;created_timestamp&quot;:&quot;0&quot;,&quot;copyright&quot;:&quot;&quot;,&quot;focal_length&quot;:&quot;0&quot;,&quot;iso&quot;:&quot;0&quot;,&quot;shutter_speed&quot;:&quot;0&quot;,&quot;title&quot;:&quot;&quot;}\" data-image-title=\"M\u00e1s de 300 abuelitos de Panquehue estuvieron despidiendo el mes de agosto.\" data-image-description=\"&lt;p&gt;M\u00e1s de 300 abuelitos de Panquehue estuvieron despidiendo el mes de agosto.&lt;\/p&gt; \" data-medium-file=\"https:\/\/i0.wp.com\/eltrabajo.cl\/portal\/wp-content\/uploads\/2012\/09\/despidieron-agosto-panquehue-3.jpg?fit=300%2C225&#038;ssl=1\" data-large-file=\"https:\/\/i0.wp.com\/eltrabajo.cl\/portal\/wp-content\/uploads\/2012\/09\/despidieron-agosto-panquehue-3.jpg?fit=529%2C397&#038;ssl=1\" src=\"https:\/\/i0.wp.com\/eltrabajo.cl\/portal\/wp-content\/uploads\/2012\/09\/despidieron-agosto-panquehue-3.jpg?w=316&#038;h=237&#038;ssl=1\" srcset=\"https:\/\/i0.wp.com\/eltrabajo.cl\/portal\/wp-content\/uploads\/2012\/09\/despidieron-agosto-panquehue-3.jpg?w=529&amp;ssl=1 529w, https:\/\/i0.wp.com\/eltrabajo.cl\/portal\/wp-content\/uploads\/2012\/09\/despidieron-agosto-panquehue-3.jpg?resize=200%2C150&amp;ssl=1 200w, https:\/\/i0.wp.com\/eltrabajo.cl\/portal\/wp-content\/uploads\/2012\/09\/despidieron-agosto-panquehue-3.jpg?resize=300%2C225&amp;ssl=1 300w, https:\/\/i0.wp.com\/eltrabajo.cl\/portal\/wp-content\/uploads\/2012\/09\/despidieron-agosto-panquehue-3.jpg?resize=150%2C112&amp;ssl=1 150w, https:\/\/i0.wp.com\/eltrabajo.cl\/portal\/wp-content\/uploads\/2012\/09\/despidieron-agosto-panquehue-3.jpg?resize=400%2C300&amp;ssl=1 400w\" width=\"316\" height=\"237\" loading=\"lazy\" data-original-width=\"316\" data-original-height=\"237\" itemprop=\"http:\/\/schema.org\/image\" title=\"M\u00e1s de 300 abuelitos de Panquehue estuvieron despidiendo el mes de agosto.\" alt=\"M\u00e1s de 300 abuelitos de Panquehue estuvieron despidiendo el mes de agosto.\" style=\"width: 316px; height: 237px;\" \/> <\/a> <div class=\"tiled-gallery-caption\" itemprop=\"caption description\"> M\u00e1s de 300 abuelitos de Panquehue estuvieron despidiendo el mes de agosto. <\/div> <\/div> <\/div> <!-- close group --> <div class=\"gallery-group images-1\" style=\"width: 320px; height: 241px;\" data-original-width=\"320\" data-original-height=\"241\" > <div class=\"tiled-gallery-item tiled-gallery-item-large\" itemprop=\"associatedMedia\" itemscope itemtype=\"http:\/\/schema.org\/ImageObject\"> <a href=\"https:\/\/i0.wp.com\/eltrabajo.cl\/portal\/wp-content\/uploads\/2012\/09\/despidieron-agosto-panquehue-2.jpg?ssl=1\" border=\"0\" itemprop=\"url\"> <meta itemprop=\"width\" content=\"316\"> <meta itemprop=\"height\" content=\"237\"> <img decoding=\"async\" class=\"\" data-attachment-id=\"23704\" data-orig-file=\"https:\/\/eltrabajo.cl\/portal\/wp-content\/uploads\/2012\/09\/despidieron-agosto-panquehue-2.jpg\" data-orig-size=\"529,397\" data-comments-opened=\"1\" data-image-meta=\"{&quot;aperture&quot;:&quot;0&quot;,&quot;credit&quot;:&quot;&quot;,&quot;camera&quot;:&quot;&quot;,&quot;caption&quot;:&quot;&quot;,&quot;created_timestamp&quot;:&quot;0&quot;,&quot;copyright&quot;:&quot;&quot;,&quot;focal_length&quot;:&quot;0&quot;,&quot;iso&quot;:&quot;0&quot;,&quot;shutter_speed&quot;:&quot;0&quot;,&quot;title&quot;:&quot;&quot;}\" data-image-title=\"Por alrededor de cuatro horas, los adultos mayores de Panquehue estuvieron celebrando haber pasado agosto.\" data-image-description=\"\" data-medium-file=\"https:\/\/i0.wp.com\/eltrabajo.cl\/portal\/wp-content\/uploads\/2012\/09\/despidieron-agosto-panquehue-2.jpg?fit=300%2C225&#038;ssl=1\" data-large-file=\"https:\/\/i0.wp.com\/eltrabajo.cl\/portal\/wp-content\/uploads\/2012\/09\/despidieron-agosto-panquehue-2.jpg?fit=529%2C397&#038;ssl=1\" src=\"https:\/\/i0.wp.com\/eltrabajo.cl\/portal\/wp-content\/uploads\/2012\/09\/despidieron-agosto-panquehue-2.jpg?w=316&#038;h=237&#038;ssl=1\" srcset=\"https:\/\/i0.wp.com\/eltrabajo.cl\/portal\/wp-content\/uploads\/2012\/09\/despidieron-agosto-panquehue-2.jpg?w=529&amp;ssl=1 529w, https:\/\/i0.wp.com\/eltrabajo.cl\/portal\/wp-content\/uploads\/2012\/09\/despidieron-agosto-panquehue-2.jpg?resize=200%2C150&amp;ssl=1 200w, https:\/\/i0.wp.com\/eltrabajo.cl\/portal\/wp-content\/uploads\/2012\/09\/despidieron-agosto-panquehue-2.jpg?resize=300%2C225&amp;ssl=1 300w, https:\/\/i0.wp.com\/eltrabajo.cl\/portal\/wp-content\/uploads\/2012\/09\/despidieron-agosto-panquehue-2.jpg?resize=150%2C112&amp;ssl=1 150w, https:\/\/i0.wp.com\/eltrabajo.cl\/portal\/wp-content\/uploads\/2012\/09\/despidieron-agosto-panquehue-2.jpg?resize=400%2C300&amp;ssl=1 400w\" width=\"316\" height=\"237\" loading=\"lazy\" data-original-width=\"316\" data-original-height=\"237\" itemprop=\"http:\/\/schema.org\/image\" title=\"Por alrededor de cuatro horas, los adultos mayores de Panquehue estuvieron celebrando haber pasado agosto.\" alt=\"Por alrededor de cuatro horas, los adultos mayores de Panquehue estuvieron celebrando haber pasado agosto.\" style=\"width: 316px; height: 237px;\" \/> <\/a> <\/div> <\/div> <!-- close group --> <\/div> <!-- close row --> <\/div>\n","protected":false},"excerpt":{"rendered":"<p>PANQUEHUE.- Por tercer a\u00f1o consecutivo y gracias a las pol\u00edticas municipales, los abuelos de Panquehue despidieron sonrientes el mes de agosto. A la celebraci\u00f3n que est\u00e1 instaurada en la comuna llegaron m\u00e1s&#8230;<\/p>\n","protected":false},"author":482,"featured_media":23704,"comment_status":"open","ping_status":"closed","sticky":false,"template":"","format":"standard","meta":{"advanced_seo_description":"","jetpack_seo_html_title":"","jetpack_seo_noindex":false,"_jetpack_memberships_contains_paid_content":false,"footnotes":""},"categories":[15],"tags":[],"class_list":["post-23702","post","type-post","status-publish","format-standard","has-post-thumbnail","hentry","category-comunidad"],"jetpack_featured_media_url":"https:\/\/i0.wp.com\/eltrabajo.cl\/portal\/wp-content\/uploads\/2012\/09\/despidieron-agosto-panquehue-2.jpg?fit=529%2C397&ssl=1","jetpack_sharing_enabled":true,"jetpack_likes_enabled":true,"jetpack-related-posts":[],"_links":{"self":[{"href":"https:\/\/eltrabajo.cl\/portal\/wp-json\/wp\/v2\/posts\/23702","targetHints":{"allow":["GET"]}}],"collection":[{"href":"https:\/\/eltrabajo.cl\/portal\/wp-json\/wp\/v2\/posts"}],"about":[{"href":"https:\/\/eltrabajo.cl\/portal\/wp-json\/wp\/v2\/types\/post"}],"author":[{"embeddable":true,"href":"https:\/\/eltrabajo.cl\/portal\/wp-json\/wp\/v2\/users\/482"}],"replies":[{"embeddable":true,"href":"https:\/\/eltrabajo.cl\/portal\/wp-json\/wp\/v2\/comments?post=23702"}],"version-history":[{"count":0,"href":"https:\/\/eltrabajo.cl\/portal\/wp-json\/wp\/v2\/posts\/23702\/revisions"}],"wp:featuredmedia":[{"embeddable":true,"href":"https:\/\/eltrabajo.cl\/portal\/wp-json\/wp\/v2\/media\/23704"}],"wp:attachment":[{"href":"https:\/\/eltrabajo.cl\/portal\/wp-json\/wp\/v2\/media?parent=23702"}],"wp:term":[{"taxonomy":"category","embeddable":true,"href":"https:\/\/eltrabajo.cl\/portal\/wp-json\/wp\/v2\/categories?post=23702"},{"taxonomy":"post_tag","embeddable":true,"href":"https:\/\/eltrabajo.cl\/portal\/wp-json\/wp\/v2\/tags?post=23702"}],"curies":[{"name":"wp","href":"https:\/\/api.w.org\/{rel}","templated":true}]}}