{"id":23708,"date":"2012-09-12T09:28:27","date_gmt":"2012-09-12T12:28:27","guid":{"rendered":"http:\/\/www.eltrabajo.cl\/portal\/?p=23708"},"modified":"2012-09-12T09:28:28","modified_gmt":"2012-09-12T12:28:28","slug":"peques-del-pib-colunquen-celebran-fiestas-patrias-con-sus-familias","status":"publish","type":"post","link":"https:\/\/eltrabajo.cl\/portal\/peques-del-pib-colunquen-celebran-fiestas-patrias-con-sus-familias\/","title":{"rendered":"Peques del PIB Colunqu\u00e9n celebran Fiestas Patrias con sus familias"},"content":{"rendered":"<p>&nbsp;<\/p>\n<p><a href=\"http:\/\/www.eltrabajo.cl\/portal\/2012\/09\/peques-del-pib-colunquen-celebran-fiestas-patrias-con-sus-familias\/attachment\/23709\/\" rel=\"attachment wp-att-23709\"><img data-recalc-dims=\"1\" loading=\"lazy\" decoding=\"async\" class=\"alignnone size-full wp-image-23709\" title=\"Este peque\u00f1ito se divirti\u00f3 tirando de la cuerda y bailando cueca. En esta actividad los padres de familia tambi\u00e9n la \u2018pasaron chancho\u2019.\" src=\"https:\/\/i0.wp.com\/www.eltrabajo.cl\/portal\/wp-content\/uploads\/2012\/09\/pib1.jpg?resize=529%2C397\" alt=\"\" width=\"529\" height=\"397\" srcset=\"https:\/\/i0.wp.com\/eltrabajo.cl\/portal\/wp-content\/uploads\/2012\/09\/pib1.jpg?w=529&amp;ssl=1 529w, https:\/\/i0.wp.com\/eltrabajo.cl\/portal\/wp-content\/uploads\/2012\/09\/pib1.jpg?resize=200%2C150&amp;ssl=1 200w, https:\/\/i0.wp.com\/eltrabajo.cl\/portal\/wp-content\/uploads\/2012\/09\/pib1.jpg?resize=300%2C225&amp;ssl=1 300w, https:\/\/i0.wp.com\/eltrabajo.cl\/portal\/wp-content\/uploads\/2012\/09\/pib1.jpg?resize=150%2C112&amp;ssl=1 150w, https:\/\/i0.wp.com\/eltrabajo.cl\/portal\/wp-content\/uploads\/2012\/09\/pib1.jpg?resize=400%2C300&amp;ssl=1 400w\" sizes=\"auto, (max-width: 529px) 100vw, 529px\" \/><\/a><\/p>\n<p>El pasado 6 de septiembre en las dependencias de la Asociaci\u00f3n de Due\u00f1os de Camiones (Asoducam), el Programa de Intervenci\u00f3n Breve (PIB) Colunqu\u00e9n de San Felipe, celebr\u00f3 junto a los ni\u00f1os, adolescentes y sus familias, las Fiestas Patrias de este 2012.<\/p>\n<p>La actividad consisti\u00f3 en brindar a los asistentes un espacio sano de recreaci\u00f3n y esparcimiento, donde los ni\u00f1os y ni\u00f1as pudieron, adem\u00e1s de compartir entre s\u00ed, realizar juegos t\u00edpicos, participar en competencias y concursos de cueca y tambi\u00e9n el mejor traje t\u00edpico.<\/p>\n<p>Entre los aspectos a destacar del desarrollo de la actividad, se puede mencionar la importante convocatoria que se acerc\u00f3 a los 160 ni\u00f1os, ni\u00f1as y adolescentes (m\u00e1s del 80% de los ingresados en el Programa), a los que se deben agregar los familiares directos (adultos responsables y hermanos) que asistieron a la jornada. Por lo mismo la actividad se constituy\u00f3 en un espacio privilegiado para la interacci\u00f3n familiar, y se pudo observar a padres apoyando y alentando a sus hijos en el transcurso de las competencias realizadas.<\/p>\n<p><strong>DERECHOS DE LA NI\u00d1EZ<\/strong><\/p>\n<p>Por todo lo anterior, la actividad se constituy\u00f3 en una instancia de promoci\u00f3n de los Derechos de Identidad, Recreaci\u00f3n y Asociatividad, todos consagrados en la Convenci\u00f3n Internacional de los Derechos del Ni\u00f1o.<\/p>\n<p>Se debe destacar la importante colaboraci\u00f3n de Agr\u00edcola del Monte, quien brind\u00f3 colaciones y facilit\u00f3 la amplificaci\u00f3n utilizada. Tambi\u00e9n es necesario resaltar la disposici\u00f3n de la Asoducam, que nuevamente brind\u00f3 sus dependencias para poder llevar a cabo la actividad.<\/p>\n<p>&nbsp;<\/p>\n<div class=\"tiled-gallery type-rectangular tiled-gallery-unresized\" data-original-width=\"640\" data-carousel-extra='null' itemscope itemtype=\"http:\/\/schema.org\/ImageGallery\" > <div class=\"gallery-row\" style=\"width: 640px; height: 241px;\" data-original-width=\"640\" data-original-height=\"241\" > <div class=\"gallery-group images-1\" style=\"width: 320px; height: 241px;\" data-original-width=\"320\" data-original-height=\"241\" > <div class=\"tiled-gallery-item tiled-gallery-item-large\" itemprop=\"associatedMedia\" itemscope itemtype=\"http:\/\/schema.org\/ImageObject\"> <a href=\"https:\/\/i0.wp.com\/eltrabajo.cl\/portal\/wp-content\/uploads\/2012\/09\/pib1.jpg?ssl=1\" border=\"0\" itemprop=\"url\"> <meta itemprop=\"width\" content=\"316\"> <meta itemprop=\"height\" content=\"237\"> <img decoding=\"async\" class=\"\" data-attachment-id=\"23709\" data-orig-file=\"https:\/\/eltrabajo.cl\/portal\/wp-content\/uploads\/2012\/09\/pib1.jpg\" data-orig-size=\"529,397\" data-comments-opened=\"1\" data-image-meta=\"{&quot;aperture&quot;:&quot;0&quot;,&quot;credit&quot;:&quot;&quot;,&quot;camera&quot;:&quot;&quot;,&quot;caption&quot;:&quot;&quot;,&quot;created_timestamp&quot;:&quot;0&quot;,&quot;copyright&quot;:&quot;COPYRIGHT, 2007&quot;,&quot;focal_length&quot;:&quot;0&quot;,&quot;iso&quot;:&quot;0&quot;,&quot;shutter_speed&quot;:&quot;0&quot;,&quot;title&quot;:&quot;\\u003CKENOX S630 \\\/ Samsung S630\\u003E&quot;}\" data-image-title=\"Este peque\u00f1ito se divirti\u00f3 tirando de la cuerda y bailando cueca. En esta actividad los padres de familia tambi\u00e9n la \u2018pasaron chancho\u2019.\" data-image-description=\"\" data-medium-file=\"https:\/\/i0.wp.com\/eltrabajo.cl\/portal\/wp-content\/uploads\/2012\/09\/pib1.jpg?fit=300%2C225&#038;ssl=1\" data-large-file=\"https:\/\/i0.wp.com\/eltrabajo.cl\/portal\/wp-content\/uploads\/2012\/09\/pib1.jpg?fit=529%2C397&#038;ssl=1\" src=\"https:\/\/i0.wp.com\/eltrabajo.cl\/portal\/wp-content\/uploads\/2012\/09\/pib1.jpg?w=316&#038;h=237&#038;ssl=1\" srcset=\"https:\/\/i0.wp.com\/eltrabajo.cl\/portal\/wp-content\/uploads\/2012\/09\/pib1.jpg?w=529&amp;ssl=1 529w, https:\/\/i0.wp.com\/eltrabajo.cl\/portal\/wp-content\/uploads\/2012\/09\/pib1.jpg?resize=200%2C150&amp;ssl=1 200w, https:\/\/i0.wp.com\/eltrabajo.cl\/portal\/wp-content\/uploads\/2012\/09\/pib1.jpg?resize=300%2C225&amp;ssl=1 300w, https:\/\/i0.wp.com\/eltrabajo.cl\/portal\/wp-content\/uploads\/2012\/09\/pib1.jpg?resize=150%2C112&amp;ssl=1 150w, https:\/\/i0.wp.com\/eltrabajo.cl\/portal\/wp-content\/uploads\/2012\/09\/pib1.jpg?resize=400%2C300&amp;ssl=1 400w\" width=\"316\" height=\"237\" loading=\"lazy\" data-original-width=\"316\" data-original-height=\"237\" itemprop=\"http:\/\/schema.org\/image\" title=\"Este peque\u00f1ito se divirti\u00f3 tirando de la cuerda y bailando cueca. En esta actividad los padres de familia tambi\u00e9n la \u2018pasaron chancho\u2019.\" alt=\"Este peque\u00f1ito se divirti\u00f3 tirando de la cuerda y bailando cueca. En esta actividad los padres de familia tambi\u00e9n la \u2018pasaron chancho\u2019.\" style=\"width: 316px; height: 237px;\" \/> <\/a> <\/div> <\/div> <!-- close group --> <div class=\"gallery-group images-1\" style=\"width: 320px; height: 241px;\" data-original-width=\"320\" data-original-height=\"241\" > <div class=\"tiled-gallery-item tiled-gallery-item-large\" itemprop=\"associatedMedia\" itemscope itemtype=\"http:\/\/schema.org\/ImageObject\"> <a href=\"https:\/\/i0.wp.com\/eltrabajo.cl\/portal\/wp-content\/uploads\/2012\/09\/pib2.jpg?ssl=1\" border=\"0\" itemprop=\"url\"> <meta itemprop=\"width\" content=\"316\"> <meta itemprop=\"height\" content=\"237\"> <img decoding=\"async\" class=\"\" data-attachment-id=\"23710\" data-orig-file=\"https:\/\/eltrabajo.cl\/portal\/wp-content\/uploads\/2012\/09\/pib2.jpg\" data-orig-size=\"529,397\" data-comments-opened=\"1\" data-image-meta=\"{&quot;aperture&quot;:&quot;0&quot;,&quot;credit&quot;:&quot;&quot;,&quot;camera&quot;:&quot;&quot;,&quot;caption&quot;:&quot;&quot;,&quot;created_timestamp&quot;:&quot;0&quot;,&quot;copyright&quot;:&quot;COPYRIGHT, 2007&quot;,&quot;focal_length&quot;:&quot;0&quot;,&quot;iso&quot;:&quot;0&quot;,&quot;shutter_speed&quot;:&quot;0&quot;,&quot;title&quot;:&quot;\\u003CKENOX S630 \\\/ Samsung S630\\u003E&quot;}\" data-image-title=\"Decenas de peque\u00f1os disfrutaron de esta celebraci\u00f3n en la que hubo concursos y juegos. \" data-image-description=\"\" data-medium-file=\"https:\/\/i0.wp.com\/eltrabajo.cl\/portal\/wp-content\/uploads\/2012\/09\/pib2.jpg?fit=300%2C225&#038;ssl=1\" data-large-file=\"https:\/\/i0.wp.com\/eltrabajo.cl\/portal\/wp-content\/uploads\/2012\/09\/pib2.jpg?fit=529%2C397&#038;ssl=1\" src=\"https:\/\/i0.wp.com\/eltrabajo.cl\/portal\/wp-content\/uploads\/2012\/09\/pib2.jpg?w=316&#038;h=237&#038;ssl=1\" srcset=\"https:\/\/i0.wp.com\/eltrabajo.cl\/portal\/wp-content\/uploads\/2012\/09\/pib2.jpg?w=529&amp;ssl=1 529w, https:\/\/i0.wp.com\/eltrabajo.cl\/portal\/wp-content\/uploads\/2012\/09\/pib2.jpg?resize=200%2C150&amp;ssl=1 200w, https:\/\/i0.wp.com\/eltrabajo.cl\/portal\/wp-content\/uploads\/2012\/09\/pib2.jpg?resize=300%2C225&amp;ssl=1 300w, https:\/\/i0.wp.com\/eltrabajo.cl\/portal\/wp-content\/uploads\/2012\/09\/pib2.jpg?resize=150%2C112&amp;ssl=1 150w, https:\/\/i0.wp.com\/eltrabajo.cl\/portal\/wp-content\/uploads\/2012\/09\/pib2.jpg?resize=400%2C300&amp;ssl=1 400w\" width=\"316\" height=\"237\" loading=\"lazy\" data-original-width=\"316\" data-original-height=\"237\" itemprop=\"http:\/\/schema.org\/image\" title=\"Decenas de peque\u00f1os disfrutaron de esta celebraci\u00f3n en la que hubo concursos y juegos. \" alt=\"Decenas de peque\u00f1os disfrutaron de esta celebraci\u00f3n en la que hubo concursos y juegos.\" style=\"width: 316px; height: 237px;\" \/> <\/a> <\/div> <\/div> <!-- close group --> <\/div> <!-- close row --> <\/div>\n","protected":false},"excerpt":{"rendered":"<p>&nbsp; El pasado 6 de septiembre en las dependencias de la Asociaci\u00f3n de Due\u00f1os de Camiones (Asoducam), el Programa de Intervenci\u00f3n Breve (PIB) Colunqu\u00e9n de San Felipe, celebr\u00f3 junto a los ni\u00f1os,&#8230;<\/p>\n","protected":false},"author":482,"featured_media":23709,"comment_status":"open","ping_status":"closed","sticky":false,"template":"","format":"standard","meta":{"advanced_seo_description":"","jetpack_seo_html_title":"","jetpack_seo_noindex":false,"_jetpack_memberships_contains_paid_content":false,"footnotes":""},"categories":[15],"tags":[],"class_list":["post-23708","post","type-post","status-publish","format-standard","has-post-thumbnail","hentry","category-comunidad"],"jetpack_featured_media_url":"https:\/\/i0.wp.com\/eltrabajo.cl\/portal\/wp-content\/uploads\/2012\/09\/pib1.jpg?fit=529%2C397&ssl=1","jetpack_sharing_enabled":true,"jetpack_likes_enabled":true,"jetpack-related-posts":[],"_links":{"self":[{"href":"https:\/\/eltrabajo.cl\/portal\/wp-json\/wp\/v2\/posts\/23708","targetHints":{"allow":["GET"]}}],"collection":[{"href":"https:\/\/eltrabajo.cl\/portal\/wp-json\/wp\/v2\/posts"}],"about":[{"href":"https:\/\/eltrabajo.cl\/portal\/wp-json\/wp\/v2\/types\/post"}],"author":[{"embeddable":true,"href":"https:\/\/eltrabajo.cl\/portal\/wp-json\/wp\/v2\/users\/482"}],"replies":[{"embeddable":true,"href":"https:\/\/eltrabajo.cl\/portal\/wp-json\/wp\/v2\/comments?post=23708"}],"version-history":[{"count":0,"href":"https:\/\/eltrabajo.cl\/portal\/wp-json\/wp\/v2\/posts\/23708\/revisions"}],"wp:featuredmedia":[{"embeddable":true,"href":"https:\/\/eltrabajo.cl\/portal\/wp-json\/wp\/v2\/media\/23709"}],"wp:attachment":[{"href":"https:\/\/eltrabajo.cl\/portal\/wp-json\/wp\/v2\/media?parent=23708"}],"wp:term":[{"taxonomy":"category","embeddable":true,"href":"https:\/\/eltrabajo.cl\/portal\/wp-json\/wp\/v2\/categories?post=23708"},{"taxonomy":"post_tag","embeddable":true,"href":"https:\/\/eltrabajo.cl\/portal\/wp-json\/wp\/v2\/tags?post=23708"}],"curies":[{"name":"wp","href":"https:\/\/api.w.org\/{rel}","templated":true}]}}