{"id":23715,"date":"2012-09-12T09:33:13","date_gmt":"2012-09-12T12:33:13","guid":{"rendered":"http:\/\/www.eltrabajo.cl\/portal\/?p=23715"},"modified":"2012-09-12T09:33:13","modified_gmt":"2012-09-12T12:33:13","slug":"usted-puede-ayudar-a-que-familia-no-pierda-su-casa-y-quede-en-la-calle","status":"publish","type":"post","link":"https:\/\/eltrabajo.cl\/portal\/usted-puede-ayudar-a-que-familia-no-pierda-su-casa-y-quede-en-la-calle\/","title":{"rendered":"Usted puede ayudar a que familia no pierda su casa y quede en la calle"},"content":{"rendered":"<p><a href=\"http:\/\/www.eltrabajo.cl\/portal\/2012\/09\/usted-puede-ayudar-a-que-familia-no-pierda-su-casa-y-quede-en-la-calle\/abuelo1-7\/\" rel=\"attachment wp-att-23717\"><img data-recalc-dims=\"1\" loading=\"lazy\" decoding=\"async\" class=\"alignnone size-full wp-image-23717\" title=\"Aunque Fernando Contreras est\u00e1 a la espera de que le operen estos tumores pulmonares, su nieta Constanza Contreras  y el resto de la familia podr\u00edan quedar en la calle si no logran pagar esas cuotas bancarias.\" src=\"https:\/\/i0.wp.com\/www.eltrabajo.cl\/portal\/wp-content\/uploads\/2012\/09\/abuelo1.jpg?resize=529%2C373\" alt=\"\" width=\"529\" height=\"373\" srcset=\"https:\/\/i0.wp.com\/eltrabajo.cl\/portal\/wp-content\/uploads\/2012\/09\/abuelo1.jpg?w=529&amp;ssl=1 529w, https:\/\/i0.wp.com\/eltrabajo.cl\/portal\/wp-content\/uploads\/2012\/09\/abuelo1.jpg?resize=200%2C141&amp;ssl=1 200w, https:\/\/i0.wp.com\/eltrabajo.cl\/portal\/wp-content\/uploads\/2012\/09\/abuelo1.jpg?resize=300%2C211&amp;ssl=1 300w, https:\/\/i0.wp.com\/eltrabajo.cl\/portal\/wp-content\/uploads\/2012\/09\/abuelo1.jpg?resize=150%2C105&amp;ssl=1 150w, https:\/\/i0.wp.com\/eltrabajo.cl\/portal\/wp-content\/uploads\/2012\/09\/abuelo1.jpg?resize=400%2C282&amp;ssl=1 400w\" sizes=\"auto, (max-width: 529px) 100vw, 529px\" \/><\/a><\/p>\n<p>Roberto Gonz\u00e1lez Short &#8211; rgonzalez@eltrabajo.cl<\/p>\n<p>Luego de trabajar toda su vida como jornalero en los fundos de Panquehue, Fernando Contreras, de 78 a\u00f1os, se encuentra postrado en una cama luego que le encontraran dos mortales tumores malignos en sus pulmones. Lo peor de todo es que el Banco Estado podr\u00eda dejarlos en la calle si \u00e9l no logra pagar las tres \u00faltimas cuotas de una vieja hipoteca de la casita en donde vive con su hija y dos nietos.<\/p>\n<p>\u201cEstoy desesperada, no logro encontrar una salida para el problema que enfrentamos como familia. A mi padre le tienen que operar sus tumores, la Municipalidad de Panquehue nos est\u00e1 ayudando a transportar a mi padre a todos los centros m\u00e9dicos necesarios, pero apenas vivimos con una peque\u00f1a pensi\u00f3n que \u00e9l recibe por vejez\u201d, inform\u00f3 a Diario El Trabajo Marisol Contreras en una visita que realiz\u00f3 ayer a nuestra Sala de Redacci\u00f3n.<\/p>\n<p>\u201cUnos ex\u00e1menes car\u00edsimos que a mi padre le deben hacer, el Dr. Gerardo Mordojovich del Hospital Salvador de Santiago decidi\u00f3 hac\u00e9rselos gratuitamente, de lo cual estamos muy agradecidos\u201d, agreg\u00f3 la hija de Fernando.<\/p>\n<p><strong>USTED PUEDE AYUDAR<\/strong><\/p>\n<p>El llamado de Marisol es directo al coraz\u00f3n de los lectores de Diario El Trabajo para que le ayuden a pagar esas tres cuotas bancarias de 55.000 cada una.<\/p>\n<p>\u201cQuiero solicitar apoyo econ\u00f3mico para que nos ayuden a salvar nuestra casa, si no pagamos esas cuotas de seguro que el Banco nos quitar\u00e1 la vivienda, mis ni\u00f1os son chicos y s\u00f3lo sobrevivimos con lo que sobra de la pensi\u00f3n de pap\u00e1, a veces vendo completos pero es muy poco lo que me compran\u201d, indic\u00f3 la angustiada mujer.<\/p>\n<p>Con miras a confirmar esta historia, nuestro medio realiz\u00f3 una visita al hogar de esta familia panquehuina, encontrando al abuelo postrado en su cama, con toda la documentaci\u00f3n m\u00e9dica que refleja una seria enfermedad en sus pulmones. Seg\u00fan los documentos examinados, Fernando Contreras es paciente de Cirug\u00eda de T\u00f3rax del Hospital Salvador, y los dict\u00e1menes son firmados por el Dr. Gerardo Mordojovich.<\/p>\n<p>La inocente nieta de Fernando, una ni\u00f1a de cuatro a\u00f1os, aunque no comprende la magnitud real de lo que pasa, acompa\u00f1a a su abuelo brind\u00e1ndole cari\u00f1o y jugando con \u00e9l. Si usted quiere contribuir con la suma que le sea posible, puede depositar a la Cuenta RUT N\u00ba 14.563.497 del Banco Estado, a nombre de Marisol Contreras Meneses y su fono es: 976 12 922.<\/p>\n<div class=\"tiled-gallery type-rectangular tiled-gallery-unresized\" data-original-width=\"640\" data-carousel-extra='null' itemscope itemtype=\"http:\/\/schema.org\/ImageGallery\" > <div class=\"gallery-row\" style=\"width: 640px; height: 230px;\" data-original-width=\"640\" data-original-height=\"230\" > <div class=\"gallery-group images-1\" style=\"width: 315px; height: 230px;\" data-original-width=\"315\" data-original-height=\"230\" > <div class=\"tiled-gallery-item tiled-gallery-item-large\" itemprop=\"associatedMedia\" itemscope itemtype=\"http:\/\/schema.org\/ImageObject\"> <a href=\"https:\/\/i0.wp.com\/eltrabajo.cl\/portal\/wp-content\/uploads\/2012\/09\/radiografias1.jpg?ssl=1\" border=\"0\" itemprop=\"url\"> <meta itemprop=\"width\" content=\"311\"> <meta itemprop=\"height\" content=\"226\"> <img decoding=\"async\" class=\"\" data-attachment-id=\"23716\" data-orig-file=\"https:\/\/eltrabajo.cl\/portal\/wp-content\/uploads\/2012\/09\/radiografias1.jpg\" data-orig-size=\"529,385\" data-comments-opened=\"1\" data-image-meta=\"{&quot;aperture&quot;:&quot;0&quot;,&quot;credit&quot;:&quot;&quot;,&quot;camera&quot;:&quot;&quot;,&quot;caption&quot;:&quot;&quot;,&quot;created_timestamp&quot;:&quot;0&quot;,&quot;copyright&quot;:&quot;&quot;,&quot;focal_length&quot;:&quot;0&quot;,&quot;iso&quot;:&quot;0&quot;,&quot;shutter_speed&quot;:&quot;0&quot;,&quot;title&quot;:&quot;&quot;}\" data-image-title=\"Marisol Contreras muestra a Diario El Trabajo, las radiograf\u00edas y documentos que respaldan toda esta historia de angustia familiar, en la que usted puede intervenir positivamente. \" data-image-description=\"\" data-medium-file=\"https:\/\/i0.wp.com\/eltrabajo.cl\/portal\/wp-content\/uploads\/2012\/09\/radiografias1.jpg?fit=300%2C218&#038;ssl=1\" data-large-file=\"https:\/\/i0.wp.com\/eltrabajo.cl\/portal\/wp-content\/uploads\/2012\/09\/radiografias1.jpg?fit=529%2C385&#038;ssl=1\" src=\"https:\/\/i0.wp.com\/eltrabajo.cl\/portal\/wp-content\/uploads\/2012\/09\/radiografias1.jpg?w=311&#038;h=226&#038;ssl=1\" srcset=\"https:\/\/i0.wp.com\/eltrabajo.cl\/portal\/wp-content\/uploads\/2012\/09\/radiografias1.jpg?w=529&amp;ssl=1 529w, https:\/\/i0.wp.com\/eltrabajo.cl\/portal\/wp-content\/uploads\/2012\/09\/radiografias1.jpg?resize=200%2C145&amp;ssl=1 200w, https:\/\/i0.wp.com\/eltrabajo.cl\/portal\/wp-content\/uploads\/2012\/09\/radiografias1.jpg?resize=300%2C218&amp;ssl=1 300w, https:\/\/i0.wp.com\/eltrabajo.cl\/portal\/wp-content\/uploads\/2012\/09\/radiografias1.jpg?resize=150%2C109&amp;ssl=1 150w, https:\/\/i0.wp.com\/eltrabajo.cl\/portal\/wp-content\/uploads\/2012\/09\/radiografias1.jpg?resize=400%2C291&amp;ssl=1 400w\" width=\"311\" height=\"226\" loading=\"lazy\" data-original-width=\"311\" data-original-height=\"226\" itemprop=\"http:\/\/schema.org\/image\" title=\"Marisol Contreras muestra a Diario El Trabajo, las radiograf\u00edas y documentos que respaldan toda esta historia de angustia familiar, en la que usted puede intervenir positivamente. \" alt=\"Marisol Contreras muestra a Diario El Trabajo, las radiograf\u00edas y documentos que respaldan toda esta historia de angustia familiar, en la que usted puede intervenir positivamente.\" style=\"width: 311px; height: 226px;\" \/> <\/a> <\/div> <\/div> <!-- close group --> <div class=\"gallery-group images-1\" style=\"width: 325px; height: 230px;\" data-original-width=\"325\" data-original-height=\"230\" > <div class=\"tiled-gallery-item tiled-gallery-item-large\" itemprop=\"associatedMedia\" itemscope itemtype=\"http:\/\/schema.org\/ImageObject\"> <a href=\"https:\/\/i0.wp.com\/eltrabajo.cl\/portal\/wp-content\/uploads\/2012\/09\/abuelo1.jpg?ssl=1\" border=\"0\" itemprop=\"url\"> <meta itemprop=\"width\" content=\"321\"> <meta itemprop=\"height\" content=\"226\"> <img decoding=\"async\" class=\"\" data-attachment-id=\"23717\" data-orig-file=\"https:\/\/eltrabajo.cl\/portal\/wp-content\/uploads\/2012\/09\/abuelo1.jpg\" data-orig-size=\"529,373\" data-comments-opened=\"1\" data-image-meta=\"{&quot;aperture&quot;:&quot;0&quot;,&quot;credit&quot;:&quot;&quot;,&quot;camera&quot;:&quot;&quot;,&quot;caption&quot;:&quot;&quot;,&quot;created_timestamp&quot;:&quot;0&quot;,&quot;copyright&quot;:&quot;&quot;,&quot;focal_length&quot;:&quot;0&quot;,&quot;iso&quot;:&quot;0&quot;,&quot;shutter_speed&quot;:&quot;0&quot;,&quot;title&quot;:&quot;&quot;}\" data-image-title=\"Aunque Fernando Contreras est\u00e1 a la espera de que le operen estos tumores pulmonares, su nieta Constanza Contreras y el resto de la familia podr\u00edan quedar en la calle si no logran pagar esas cuotas bancarias.\" data-image-description=\"\" data-medium-file=\"https:\/\/i0.wp.com\/eltrabajo.cl\/portal\/wp-content\/uploads\/2012\/09\/abuelo1.jpg?fit=300%2C211&#038;ssl=1\" data-large-file=\"https:\/\/i0.wp.com\/eltrabajo.cl\/portal\/wp-content\/uploads\/2012\/09\/abuelo1.jpg?fit=529%2C373&#038;ssl=1\" src=\"https:\/\/i0.wp.com\/eltrabajo.cl\/portal\/wp-content\/uploads\/2012\/09\/abuelo1.jpg?w=321&#038;h=226&#038;ssl=1\" srcset=\"https:\/\/i0.wp.com\/eltrabajo.cl\/portal\/wp-content\/uploads\/2012\/09\/abuelo1.jpg?w=529&amp;ssl=1 529w, https:\/\/i0.wp.com\/eltrabajo.cl\/portal\/wp-content\/uploads\/2012\/09\/abuelo1.jpg?resize=200%2C141&amp;ssl=1 200w, https:\/\/i0.wp.com\/eltrabajo.cl\/portal\/wp-content\/uploads\/2012\/09\/abuelo1.jpg?resize=300%2C211&amp;ssl=1 300w, https:\/\/i0.wp.com\/eltrabajo.cl\/portal\/wp-content\/uploads\/2012\/09\/abuelo1.jpg?resize=150%2C105&amp;ssl=1 150w, https:\/\/i0.wp.com\/eltrabajo.cl\/portal\/wp-content\/uploads\/2012\/09\/abuelo1.jpg?resize=400%2C282&amp;ssl=1 400w\" width=\"321\" height=\"226\" loading=\"lazy\" data-original-width=\"321\" data-original-height=\"226\" itemprop=\"http:\/\/schema.org\/image\" title=\"Aunque Fernando Contreras est\u00e1 a la espera de que le operen estos tumores pulmonares, su nieta Constanza Contreras y el resto de la familia podr\u00edan quedar en la calle si no logran pagar esas cuotas bancarias.\" alt=\"Aunque Fernando Contreras est\u00e1 a la espera de que le operen estos tumores pulmonares, su nieta Constanza Contreras y el resto de la familia podr\u00edan quedar en la calle si no logran pagar esas cuotas bancarias.\" style=\"width: 321px; height: 226px;\" \/> <\/a> <\/div> <\/div> <!-- close group --> <\/div> <!-- close row --> <\/div>\n","protected":false},"excerpt":{"rendered":"<p>Roberto Gonz\u00e1lez Short &#8211; rgonzalez@eltrabajo.cl Luego de trabajar toda su vida como jornalero en los fundos de Panquehue, Fernando Contreras, de 78 a\u00f1os, se encuentra postrado en una cama luego que le&#8230;<\/p>\n","protected":false},"author":482,"featured_media":23717,"comment_status":"open","ping_status":"closed","sticky":false,"template":"","format":"standard","meta":{"advanced_seo_description":"","jetpack_seo_html_title":"","jetpack_seo_noindex":false,"_jetpack_memberships_contains_paid_content":false,"footnotes":""},"categories":[15],"tags":[],"class_list":["post-23715","post","type-post","status-publish","format-standard","has-post-thumbnail","hentry","category-comunidad"],"jetpack_featured_media_url":"https:\/\/i0.wp.com\/eltrabajo.cl\/portal\/wp-content\/uploads\/2012\/09\/abuelo1.jpg?fit=529%2C373&ssl=1","jetpack_sharing_enabled":true,"jetpack_likes_enabled":true,"jetpack-related-posts":[],"_links":{"self":[{"href":"https:\/\/eltrabajo.cl\/portal\/wp-json\/wp\/v2\/posts\/23715","targetHints":{"allow":["GET"]}}],"collection":[{"href":"https:\/\/eltrabajo.cl\/portal\/wp-json\/wp\/v2\/posts"}],"about":[{"href":"https:\/\/eltrabajo.cl\/portal\/wp-json\/wp\/v2\/types\/post"}],"author":[{"embeddable":true,"href":"https:\/\/eltrabajo.cl\/portal\/wp-json\/wp\/v2\/users\/482"}],"replies":[{"embeddable":true,"href":"https:\/\/eltrabajo.cl\/portal\/wp-json\/wp\/v2\/comments?post=23715"}],"version-history":[{"count":0,"href":"https:\/\/eltrabajo.cl\/portal\/wp-json\/wp\/v2\/posts\/23715\/revisions"}],"wp:featuredmedia":[{"embeddable":true,"href":"https:\/\/eltrabajo.cl\/portal\/wp-json\/wp\/v2\/media\/23717"}],"wp:attachment":[{"href":"https:\/\/eltrabajo.cl\/portal\/wp-json\/wp\/v2\/media?parent=23715"}],"wp:term":[{"taxonomy":"category","embeddable":true,"href":"https:\/\/eltrabajo.cl\/portal\/wp-json\/wp\/v2\/categories?post=23715"},{"taxonomy":"post_tag","embeddable":true,"href":"https:\/\/eltrabajo.cl\/portal\/wp-json\/wp\/v2\/tags?post=23715"}],"curies":[{"name":"wp","href":"https:\/\/api.w.org\/{rel}","templated":true}]}}