{"id":23721,"date":"2012-09-12T09:35:04","date_gmt":"2012-09-12T12:35:04","guid":{"rendered":"http:\/\/www.eltrabajo.cl\/portal\/?p=23721"},"modified":"2012-09-12T09:35:04","modified_gmt":"2012-09-12T12:35:04","slug":"bomberos-se-reunen-con-candidatos-a-alcalde-de-san-felipe-y-panquehue","status":"publish","type":"post","link":"https:\/\/eltrabajo.cl\/portal\/bomberos-se-reunen-con-candidatos-a-alcalde-de-san-felipe-y-panquehue\/","title":{"rendered":"Bomberos se re\u00fanen con candidatos a alcalde de San Felipe y Panquehue"},"content":{"rendered":"<figure id=\"attachment_23722\" aria-describedby=\"caption-attachment-23722\" style=\"width: 529px\" class=\"wp-caption alignnone\"><a href=\"http:\/\/www.eltrabajo.cl\/portal\/2012\/09\/bomberos-se-reunen-con-candidatos-a-alcalde-de-san-felipe-y-panquehue\/reunion-hdg\/\" rel=\"attachment wp-att-23722\"><img data-recalc-dims=\"1\" loading=\"lazy\" decoding=\"async\" class=\"size-full wp-image-23722\" title=\"Los candidatos a alcalde Rolando Stevenson, \u00d3scar Mar\u00edn y Patricio Freire, por San Felipe, y Pablo Arancibia y Jorge Silva (en representaci\u00f3n de Luis Pradenas) por Panquehue, se reunieron con el Directorio general del Cuerpo de Bomberos de San Felipe.\" src=\"https:\/\/i0.wp.com\/www.eltrabajo.cl\/portal\/wp-content\/uploads\/2012\/09\/reunion-hdg.jpg?resize=529%2C365\" alt=\"\" width=\"529\" height=\"365\" srcset=\"https:\/\/i0.wp.com\/eltrabajo.cl\/portal\/wp-content\/uploads\/2012\/09\/reunion-hdg.jpg?w=529&amp;ssl=1 529w, https:\/\/i0.wp.com\/eltrabajo.cl\/portal\/wp-content\/uploads\/2012\/09\/reunion-hdg.jpg?resize=200%2C137&amp;ssl=1 200w, https:\/\/i0.wp.com\/eltrabajo.cl\/portal\/wp-content\/uploads\/2012\/09\/reunion-hdg.jpg?resize=300%2C206&amp;ssl=1 300w, https:\/\/i0.wp.com\/eltrabajo.cl\/portal\/wp-content\/uploads\/2012\/09\/reunion-hdg.jpg?resize=150%2C103&amp;ssl=1 150w, https:\/\/i0.wp.com\/eltrabajo.cl\/portal\/wp-content\/uploads\/2012\/09\/reunion-hdg.jpg?resize=400%2C275&amp;ssl=1 400w\" sizes=\"auto, (max-width: 529px) 100vw, 529px\" \/><\/a><figcaption id=\"caption-attachment-23722\" class=\"wp-caption-text\">Los candidatos a alcalde Rolando Stevenson, \u00d3scar Mar\u00edn y Patricio Freire, por San Felipe, y Pablo Arancibia y Jorge Silva (en representaci\u00f3n de Luis Pradenas) por Panquehue, se reunieron con el Directorio general del Cuerpo de Bomberos de San Felipe.<\/figcaption><\/figure>\n<p>Con el objetivo de informar en detalle el funcionamiento financiero del Cuerpo de Bomberos e instruir respecto de los temas que interesan a la instituci\u00f3n para que sean abordados por el nuevo Concejo Municipal, los candidatos a Alcalde de San Felipe y Panquehue fueron invitados a una reuni\u00f3n extraordinaria del Honorable Directorio General realizado en el sal\u00f3n Pablo Casas.<\/p>\n<p>A la cita acudieron los candidatos Patricio Freire, Oscar Mar\u00edn y Rolando Stevenson, por San Felipe, y por Panquehue el candidato Pablo Arancibia y Jorge Silva en representaci\u00f3n del actual Alcalde y candidato Luis Pradenas.<\/p>\n<p>En la cita el Tesorero General Gast\u00f3n Hern\u00e1ndez, expuso respecto de las v\u00edas de financiamiento p\u00fablicas y privadas, la matriz de gastos e inversiones y la obtenci\u00f3n de proyectos especiales.<\/p>\n<p>Del mismo modo el Superintendente Julio Hardoy, expuso respecto de lo que \u201ca juicio de la instituci\u00f3n\u201d ser\u00eda lo \u00f3ptimo respecto de una relaci\u00f3n bomberos-municipio, las que pasan por generar una ordenanza municipal que garantice la seguridad contra incendios en futuras construcciones, dise\u00f1o de poblaciones, entre otras\u201d. Del mismo modo Hardoy record\u00f3 que es necesario establecer mecanismos de financiamiento para gastos operacionales, posici\u00f3n sistem\u00e1tica de material menor y al menos la renovaci\u00f3n de una m\u00e1quina de material mayor cada cuatro a\u00f1os.<\/p>\n<p>\u201cNosotros estamos pensando que el esfuerzo que hemos hecho en mejorar nuestro material tenga una debida renovaci\u00f3n, en eso es fundamental que los municipios sean actores principales, para lo cual proponemos generar un sistema mediante el co-financiamiento de dichos gastos como se hace en la mayor\u00eda de la ciudades de Chile\u201d, sostuvo el oficial.<\/p>\n<p>\u201cObviamente la ciudad ha crecido, ello nos pone desaf\u00edos d\u00eda a d\u00eda y para lo cual nosotros requerimos el activo concurso de nuestras futuras autoridades que deben comprender que el mayor peso financiero del servicio lo solventa la propia instituci\u00f3n, donde la ciudadan\u00eda juega un rol de extrema importancia\u201d, subray\u00f3 Julio Hardoy.<\/p>\n<p>&nbsp;<\/p>\n","protected":false},"excerpt":{"rendered":"<p>Con el objetivo de informar en detalle el funcionamiento financiero del Cuerpo de Bomberos e instruir respecto de los temas que interesan a la instituci\u00f3n para que sean abordados por el nuevo&#8230;<\/p>\n","protected":false},"author":482,"featured_media":23722,"comment_status":"open","ping_status":"closed","sticky":false,"template":"","format":"standard","meta":{"advanced_seo_description":"","jetpack_seo_html_title":"","jetpack_seo_noindex":false,"_jetpack_memberships_contains_paid_content":false,"footnotes":""},"categories":[1],"tags":[],"class_list":["post-23721","post","type-post","status-publish","format-standard","has-post-thumbnail","hentry","category-cronica"],"jetpack_featured_media_url":"https:\/\/i0.wp.com\/eltrabajo.cl\/portal\/wp-content\/uploads\/2012\/09\/reunion-hdg.jpg?fit=529%2C365&ssl=1","jetpack_sharing_enabled":true,"jetpack_likes_enabled":true,"jetpack-related-posts":[],"_links":{"self":[{"href":"https:\/\/eltrabajo.cl\/portal\/wp-json\/wp\/v2\/posts\/23721","targetHints":{"allow":["GET"]}}],"collection":[{"href":"https:\/\/eltrabajo.cl\/portal\/wp-json\/wp\/v2\/posts"}],"about":[{"href":"https:\/\/eltrabajo.cl\/portal\/wp-json\/wp\/v2\/types\/post"}],"author":[{"embeddable":true,"href":"https:\/\/eltrabajo.cl\/portal\/wp-json\/wp\/v2\/users\/482"}],"replies":[{"embeddable":true,"href":"https:\/\/eltrabajo.cl\/portal\/wp-json\/wp\/v2\/comments?post=23721"}],"version-history":[{"count":0,"href":"https:\/\/eltrabajo.cl\/portal\/wp-json\/wp\/v2\/posts\/23721\/revisions"}],"wp:featuredmedia":[{"embeddable":true,"href":"https:\/\/eltrabajo.cl\/portal\/wp-json\/wp\/v2\/media\/23722"}],"wp:attachment":[{"href":"https:\/\/eltrabajo.cl\/portal\/wp-json\/wp\/v2\/media?parent=23721"}],"wp:term":[{"taxonomy":"category","embeddable":true,"href":"https:\/\/eltrabajo.cl\/portal\/wp-json\/wp\/v2\/categories?post=23721"},{"taxonomy":"post_tag","embeddable":true,"href":"https:\/\/eltrabajo.cl\/portal\/wp-json\/wp\/v2\/tags?post=23721"}],"curies":[{"name":"wp","href":"https:\/\/api.w.org\/{rel}","templated":true}]}}