{"id":23730,"date":"2012-09-12T09:42:43","date_gmt":"2012-09-12T12:42:43","guid":{"rendered":"http:\/\/www.eltrabajo.cl\/portal\/?p=23730"},"modified":"2012-09-12T09:42:43","modified_gmt":"2012-09-12T12:42:43","slug":"funcionarios-municipales-ejecutan-plan-de-reforestacion-en-la-comuna","status":"publish","type":"post","link":"https:\/\/eltrabajo.cl\/portal\/funcionarios-municipales-ejecutan-plan-de-reforestacion-en-la-comuna\/","title":{"rendered":"Funcionarios municipales ejecutan plan de reforestaci\u00f3n en la comuna"},"content":{"rendered":"<p><a href=\"http:\/\/www.eltrabajo.cl\/portal\/2012\/09\/funcionarios-municipales-ejecutan-plan-de-reforestacion-en-la-comuna\/plantacion-de-arboles\/\" rel=\"attachment wp-att-23731\"><img data-recalc-dims=\"1\" loading=\"lazy\" decoding=\"async\" class=\"alignleft size-medium wp-image-23731\" title=\"Este martes los funcionarios municipales, dentro de este plan de reforestaci\u00f3n, plantaron abedules en los espacios en que faltaban \u00e1rboles en la Plaza de Armas.  \" src=\"https:\/\/i0.wp.com\/www.eltrabajo.cl\/portal\/wp-content\/uploads\/2012\/09\/plantacion-de-arboles-300x225.jpg?resize=300%2C225\" alt=\"\" width=\"300\" height=\"225\" srcset=\"https:\/\/i0.wp.com\/eltrabajo.cl\/portal\/wp-content\/uploads\/2012\/09\/plantacion-de-arboles.jpg?resize=300%2C225&amp;ssl=1 300w, https:\/\/i0.wp.com\/eltrabajo.cl\/portal\/wp-content\/uploads\/2012\/09\/plantacion-de-arboles.jpg?resize=200%2C150&amp;ssl=1 200w, https:\/\/i0.wp.com\/eltrabajo.cl\/portal\/wp-content\/uploads\/2012\/09\/plantacion-de-arboles.jpg?resize=150%2C112&amp;ssl=1 150w, https:\/\/i0.wp.com\/eltrabajo.cl\/portal\/wp-content\/uploads\/2012\/09\/plantacion-de-arboles.jpg?resize=400%2C300&amp;ssl=1 400w, https:\/\/i0.wp.com\/eltrabajo.cl\/portal\/wp-content\/uploads\/2012\/09\/plantacion-de-arboles.jpg?w=529&amp;ssl=1 529w\" sizes=\"auto, (max-width: 300px) 100vw, 300px\" \/><\/a><\/p>\n<p>Los funcionarios municipales de San Felipe est\u00e1n realizando durante este a\u00f1o un plan de forestaci\u00f3n dentro de la ciudad. La idea para este 2012 es plantar alrededor de 4 mil \u00e1rboles dentro de la comuna. En lo que va del a\u00f1o llevan dos meses de actividad y han plantado cerca de 2 mil, por lo que la idea es lograr la meta entre los meses de octubre y como m\u00e1ximo noviembre.<\/p>\n<p>Dentro del proyecto adem\u00e1s los funcionarios municipales tienen como objetivo reemplazar los \u00e1rboles que se encuentran en mal estado y los lugares que alg\u00fan d\u00eda tuvieron un \u00e1rbol y hoy est\u00e1 vac\u00edo.<\/p>\n<p>Esa fue la actividad que realizaron este martes en la plaza, donde aprovechando los espacios que est\u00e1n vac\u00edos, plantaron abedules, actividad a la que lleg\u00f3 el Alcalde Jaime Amar y el Concejo Municipal.<\/p>\n<p>\u201cEstas son especies que son adecuadas para la plaza, son de alta envergadura, van a entregar mucha sombra y segundo porque el objetivo era reemplazar las que estaban antiguamente y que fueron sacadas porque estaban muertas, y en ese contexto era para mantener las especies dentro de la plaza\u201d, dijo Vladimir Tapia, Presidente de la Asociaci\u00f3n de Funcionarios Municipales de San Felipe.<\/p>\n<p>La intenci\u00f3n de los funcionarios es que este tipo de actividades se vaya implementando como pol\u00edtica institucional en los pr\u00f3ximos a\u00f1os.<\/p>\n<p><strong>PLAN DE GESTI\u00d3N<\/strong><\/p>\n<p>Esta actividad forma parte de los proyectos de mejoramiento de Gesti\u00f3n a\u00f1o 2012, espec\u00edficamente de los funcionarios municipales, quienes dentro de la planificaci\u00f3n anual tienen la posibilidad de desarrollar un plan de gesti\u00f3n propio, que es aparte de las pol\u00edticas normales del municipio.<\/p>\n<p>\u201cHoy nos dan la posibilidad, a trav\u00e9s de estos proyectos de gesti\u00f3n, de establecer ciertos mecanismos y proyectos que impacten dentro de la comuna y en ese contexto estamos trabajando, en ese sentido en el tema de reforestaci\u00f3n\u201d, dijo Tapia.<\/p>\n<div class=\"tiled-gallery type-rectangular tiled-gallery-unresized\" data-original-width=\"640\" data-carousel-extra='null' itemscope itemtype=\"http:\/\/schema.org\/ImageGallery\" > <div class=\"gallery-row\" style=\"width: 640px; height: 241px;\" data-original-width=\"640\" data-original-height=\"241\" > <div class=\"gallery-group images-1\" style=\"width: 320px; height: 241px;\" data-original-width=\"320\" data-original-height=\"241\" > <div class=\"tiled-gallery-item tiled-gallery-item-large\" itemprop=\"associatedMedia\" itemscope itemtype=\"http:\/\/schema.org\/ImageObject\"> <a href=\"https:\/\/i0.wp.com\/eltrabajo.cl\/portal\/wp-content\/uploads\/2012\/09\/plantacion-de-arboles.jpg?ssl=1\" border=\"0\" itemprop=\"url\"> <meta itemprop=\"width\" content=\"316\"> <meta itemprop=\"height\" content=\"237\"> <img decoding=\"async\" class=\"\" data-attachment-id=\"23731\" data-orig-file=\"https:\/\/eltrabajo.cl\/portal\/wp-content\/uploads\/2012\/09\/plantacion-de-arboles.jpg\" data-orig-size=\"529,397\" data-comments-opened=\"1\" data-image-meta=\"{&quot;aperture&quot;:&quot;0&quot;,&quot;credit&quot;:&quot;&quot;,&quot;camera&quot;:&quot;&quot;,&quot;caption&quot;:&quot;&quot;,&quot;created_timestamp&quot;:&quot;0&quot;,&quot;copyright&quot;:&quot;&quot;,&quot;focal_length&quot;:&quot;0&quot;,&quot;iso&quot;:&quot;0&quot;,&quot;shutter_speed&quot;:&quot;0&quot;,&quot;title&quot;:&quot;&quot;}\" data-image-title=\"Este martes los funcionarios municipales, dentro de este plan de reforestaci\u00f3n, plantaron abedules en los espacios en que faltaban \u00e1rboles en la Plaza de Armas. \" data-image-description=\"\" data-medium-file=\"https:\/\/i0.wp.com\/eltrabajo.cl\/portal\/wp-content\/uploads\/2012\/09\/plantacion-de-arboles.jpg?fit=300%2C225&#038;ssl=1\" data-large-file=\"https:\/\/i0.wp.com\/eltrabajo.cl\/portal\/wp-content\/uploads\/2012\/09\/plantacion-de-arboles.jpg?fit=529%2C397&#038;ssl=1\" src=\"https:\/\/i0.wp.com\/eltrabajo.cl\/portal\/wp-content\/uploads\/2012\/09\/plantacion-de-arboles.jpg?w=316&#038;h=237&#038;ssl=1\" srcset=\"https:\/\/i0.wp.com\/eltrabajo.cl\/portal\/wp-content\/uploads\/2012\/09\/plantacion-de-arboles.jpg?w=529&amp;ssl=1 529w, https:\/\/i0.wp.com\/eltrabajo.cl\/portal\/wp-content\/uploads\/2012\/09\/plantacion-de-arboles.jpg?resize=200%2C150&amp;ssl=1 200w, https:\/\/i0.wp.com\/eltrabajo.cl\/portal\/wp-content\/uploads\/2012\/09\/plantacion-de-arboles.jpg?resize=300%2C225&amp;ssl=1 300w, https:\/\/i0.wp.com\/eltrabajo.cl\/portal\/wp-content\/uploads\/2012\/09\/plantacion-de-arboles.jpg?resize=150%2C112&amp;ssl=1 150w, https:\/\/i0.wp.com\/eltrabajo.cl\/portal\/wp-content\/uploads\/2012\/09\/plantacion-de-arboles.jpg?resize=400%2C300&amp;ssl=1 400w\" width=\"316\" height=\"237\" loading=\"lazy\" data-original-width=\"316\" data-original-height=\"237\" itemprop=\"http:\/\/schema.org\/image\" title=\"Este martes los funcionarios municipales, dentro de este plan de reforestaci\u00f3n, plantaron abedules en los espacios en que faltaban \u00e1rboles en la Plaza de Armas. \" alt=\"Este martes los funcionarios municipales, dentro de este plan de reforestaci\u00f3n, plantaron abedules en los espacios en que faltaban \u00e1rboles en la Plaza de Armas.\" style=\"width: 316px; height: 237px;\" \/> <\/a> <\/div> <\/div> <!-- close group --> <div class=\"gallery-group images-1\" style=\"width: 320px; height: 241px;\" data-original-width=\"320\" data-original-height=\"241\" > <div class=\"tiled-gallery-item tiled-gallery-item-large\" itemprop=\"associatedMedia\" itemscope itemtype=\"http:\/\/schema.org\/ImageObject\"> <a href=\"https:\/\/i0.wp.com\/eltrabajo.cl\/portal\/wp-content\/uploads\/2012\/09\/vladimir-tapia.jpg?ssl=1\" border=\"0\" itemprop=\"url\"> <meta itemprop=\"width\" content=\"316\"> <meta itemprop=\"height\" content=\"237\"> <img decoding=\"async\" class=\"\" data-attachment-id=\"23732\" data-orig-file=\"https:\/\/eltrabajo.cl\/portal\/wp-content\/uploads\/2012\/09\/vladimir-tapia.jpg\" data-orig-size=\"529,398\" data-comments-opened=\"1\" data-image-meta=\"{&quot;aperture&quot;:&quot;0&quot;,&quot;credit&quot;:&quot;&quot;,&quot;camera&quot;:&quot;&quot;,&quot;caption&quot;:&quot;&quot;,&quot;created_timestamp&quot;:&quot;0&quot;,&quot;copyright&quot;:&quot;&quot;,&quot;focal_length&quot;:&quot;0&quot;,&quot;iso&quot;:&quot;0&quot;,&quot;shutter_speed&quot;:&quot;0&quot;,&quot;title&quot;:&quot;&quot;}\" data-image-title=\"Vladimir Tapia se\u00f1al\u00f3 que esta actividad fue implementada a trav\u00e9s de los proyectos de gesti\u00f3n a\u00f1o 2012 del municipio. \" data-image-description=\"\" data-medium-file=\"https:\/\/i0.wp.com\/eltrabajo.cl\/portal\/wp-content\/uploads\/2012\/09\/vladimir-tapia.jpg?fit=300%2C225&#038;ssl=1\" data-large-file=\"https:\/\/i0.wp.com\/eltrabajo.cl\/portal\/wp-content\/uploads\/2012\/09\/vladimir-tapia.jpg?fit=529%2C398&#038;ssl=1\" src=\"https:\/\/i0.wp.com\/eltrabajo.cl\/portal\/wp-content\/uploads\/2012\/09\/vladimir-tapia.jpg?w=316&#038;h=237&#038;ssl=1\" srcset=\"https:\/\/i0.wp.com\/eltrabajo.cl\/portal\/wp-content\/uploads\/2012\/09\/vladimir-tapia.jpg?w=529&amp;ssl=1 529w, https:\/\/i0.wp.com\/eltrabajo.cl\/portal\/wp-content\/uploads\/2012\/09\/vladimir-tapia.jpg?resize=200%2C150&amp;ssl=1 200w, https:\/\/i0.wp.com\/eltrabajo.cl\/portal\/wp-content\/uploads\/2012\/09\/vladimir-tapia.jpg?resize=300%2C225&amp;ssl=1 300w, https:\/\/i0.wp.com\/eltrabajo.cl\/portal\/wp-content\/uploads\/2012\/09\/vladimir-tapia.jpg?resize=150%2C112&amp;ssl=1 150w, https:\/\/i0.wp.com\/eltrabajo.cl\/portal\/wp-content\/uploads\/2012\/09\/vladimir-tapia.jpg?resize=400%2C300&amp;ssl=1 400w\" width=\"316\" height=\"237\" loading=\"lazy\" data-original-width=\"316\" data-original-height=\"237\" itemprop=\"http:\/\/schema.org\/image\" title=\"Vladimir Tapia se\u00f1al\u00f3 que esta actividad fue implementada a trav\u00e9s de los proyectos de gesti\u00f3n a\u00f1o 2012 del municipio. \" alt=\"Vladimir Tapia se\u00f1al\u00f3 que esta actividad fue implementada a trav\u00e9s de los proyectos de gesti\u00f3n a\u00f1o 2012 del municipio.\" style=\"width: 316px; height: 237px;\" \/> <\/a> <\/div> <\/div> <!-- close group --> <\/div> <!-- close row --> <\/div>\n<p>&nbsp;<\/p>\n","protected":false},"excerpt":{"rendered":"<p>Los funcionarios municipales de San Felipe est\u00e1n realizando durante este a\u00f1o un plan de forestaci\u00f3n dentro de la ciudad. La idea para este 2012 es plantar alrededor de 4 mil \u00e1rboles dentro&#8230;<\/p>\n","protected":false},"author":482,"featured_media":23731,"comment_status":"open","ping_status":"closed","sticky":false,"template":"","format":"standard","meta":{"advanced_seo_description":"","jetpack_seo_html_title":"","jetpack_seo_noindex":false,"_jetpack_memberships_contains_paid_content":false,"footnotes":""},"categories":[1],"tags":[],"class_list":["post-23730","post","type-post","status-publish","format-standard","has-post-thumbnail","hentry","category-cronica"],"jetpack_featured_media_url":"https:\/\/i0.wp.com\/eltrabajo.cl\/portal\/wp-content\/uploads\/2012\/09\/plantacion-de-arboles.jpg?fit=529%2C397&ssl=1","jetpack_sharing_enabled":true,"jetpack_likes_enabled":true,"jetpack-related-posts":[],"_links":{"self":[{"href":"https:\/\/eltrabajo.cl\/portal\/wp-json\/wp\/v2\/posts\/23730","targetHints":{"allow":["GET"]}}],"collection":[{"href":"https:\/\/eltrabajo.cl\/portal\/wp-json\/wp\/v2\/posts"}],"about":[{"href":"https:\/\/eltrabajo.cl\/portal\/wp-json\/wp\/v2\/types\/post"}],"author":[{"embeddable":true,"href":"https:\/\/eltrabajo.cl\/portal\/wp-json\/wp\/v2\/users\/482"}],"replies":[{"embeddable":true,"href":"https:\/\/eltrabajo.cl\/portal\/wp-json\/wp\/v2\/comments?post=23730"}],"version-history":[{"count":0,"href":"https:\/\/eltrabajo.cl\/portal\/wp-json\/wp\/v2\/posts\/23730\/revisions"}],"wp:featuredmedia":[{"embeddable":true,"href":"https:\/\/eltrabajo.cl\/portal\/wp-json\/wp\/v2\/media\/23731"}],"wp:attachment":[{"href":"https:\/\/eltrabajo.cl\/portal\/wp-json\/wp\/v2\/media?parent=23730"}],"wp:term":[{"taxonomy":"category","embeddable":true,"href":"https:\/\/eltrabajo.cl\/portal\/wp-json\/wp\/v2\/categories?post=23730"},{"taxonomy":"post_tag","embeddable":true,"href":"https:\/\/eltrabajo.cl\/portal\/wp-json\/wp\/v2\/tags?post=23730"}],"curies":[{"name":"wp","href":"https:\/\/api.w.org\/{rel}","templated":true}]}}