{"id":23737,"date":"2012-09-12T09:50:07","date_gmt":"2012-09-12T12:50:07","guid":{"rendered":"http:\/\/www.eltrabajo.cl\/portal\/?p=23737"},"modified":"2012-09-12T09:50:07","modified_gmt":"2012-09-12T12:50:07","slug":"jovenes-finalmente-contaran-con-un-skate-park-en-avenida-yungay","status":"publish","type":"post","link":"https:\/\/eltrabajo.cl\/portal\/jovenes-finalmente-contaran-con-un-skate-park-en-avenida-yungay\/","title":{"rendered":"J\u00f3venes finalmente contar\u00e1n con un Skate Park en avenida Yungay"},"content":{"rendered":"<p><a href=\"http:\/\/www.eltrabajo.cl\/portal\/2012\/09\/jovenes-finalmente-contaran-con-un-skate-park-en-avenida-yungay\/jovenes-skaters\/\" rel=\"attachment wp-att-23738\"><img data-recalc-dims=\"1\" loading=\"lazy\" decoding=\"async\" class=\"alignnone size-full wp-image-23738\" title=\"J\u00f3venes que practican skateboard se mostraron felices con la ejecuci\u00f3n del proyecto que les permitir\u00e1 tener un skatepark en San Felipe. \" src=\"https:\/\/i0.wp.com\/www.eltrabajo.cl\/portal\/wp-content\/uploads\/2012\/09\/jovenes-skaters.jpg?resize=529%2C397\" alt=\"\" width=\"529\" height=\"397\" srcset=\"https:\/\/i0.wp.com\/eltrabajo.cl\/portal\/wp-content\/uploads\/2012\/09\/jovenes-skaters.jpg?w=529&amp;ssl=1 529w, https:\/\/i0.wp.com\/eltrabajo.cl\/portal\/wp-content\/uploads\/2012\/09\/jovenes-skaters.jpg?resize=200%2C150&amp;ssl=1 200w, https:\/\/i0.wp.com\/eltrabajo.cl\/portal\/wp-content\/uploads\/2012\/09\/jovenes-skaters.jpg?resize=300%2C225&amp;ssl=1 300w, https:\/\/i0.wp.com\/eltrabajo.cl\/portal\/wp-content\/uploads\/2012\/09\/jovenes-skaters.jpg?resize=150%2C112&amp;ssl=1 150w, https:\/\/i0.wp.com\/eltrabajo.cl\/portal\/wp-content\/uploads\/2012\/09\/jovenes-skaters.jpg?resize=400%2C300&amp;ssl=1 400w\" sizes=\"auto, (max-width: 529px) 100vw, 529px\" \/><\/a><\/p>\n<p>El Alcalde Jaime Amar se traslad\u00f3 junto al Consejero Iv\u00e1n Reyes y un grupo de skaters hasta el sector donde se ejecutar\u00e1 el proyecto Skate Park, una iniciativa planteada por los j\u00f3venes al jefe comunal, ante la necesidad de contar con un sector donde practicar este deporte.<\/p>\n<p>En los bandejones de avenida Yungay, entre Merced y Freire y entre San Mart\u00edn y Bernardo O\u00b4Higgins, se contempla intervenir con dos proyectos distintos. En el primer sector se planea instalar el skate street, adem\u00e1s de la instalaci\u00f3n de \u00e1reas verdes, iniciativa que cuenta con recursos municipales, los que llegaron luego de entregada la concesi\u00f3n de la estaci\u00f3n de servicio en la intersecci\u00f3n de las avenidas Yungay y O\u00b4Higgins.<\/p>\n<p>El skate park significa una inversi\u00f3n de 46 millones de pesos y contempla una pista de 35,5 metros de largo por 13 metros de ancho, adem\u00e1s de iluminaci\u00f3n, rampas curvas en sus extremos y otros accesorios que pidieron los j\u00f3venes.<\/p>\n<p>Patricia Varas es una de las j\u00f3venes que practica el skate. Dice que est\u00e1n ansiosos que se pueda concretar el proyecto, lo que les permitir\u00eda tener un espacio para practicar este deporte.<\/p>\n<p>\u201cHemos estado con varias actividades y nos va a servir harto a nosotros y tambi\u00e9n para la comunidad\u201d.<\/p>\n<p>\u201cSon alrededor de 40 (patinadores) en la comuna, y no tienen donde ir a practicar el deporte, es atractivo tur\u00edstico y campeonatos para eliminar los focos de delincuencia y los ni\u00f1os salgan de las poblaciones y vengan a practicar deporte\u201d, dijo otro de los patinadores.<\/p>\n<p>Los j\u00f3venes trabajaron arduamente para lograr este proyecto, primero se contactaron con el Alcalde y ahora la iniciativa ser\u00e1 una realidad. Se mostraron conformes con el lugar que fue elegido para la construcci\u00f3n del skatepark, ya que es central para todos los que practican el deporte.<\/p>\n<p><strong>PLAZA PARA DISCAPACITADOS<\/strong><\/p>\n<p>En otro de los bandejones de la avenida Yungay, el que est\u00e1 ubicado entre San Mart\u00edn y O\u00b4Higgins, se planea tambi\u00e9n la instalaci\u00f3n de \u00e1reas verdes, que contar\u00e1n con riego tecnificado y nueva iluminaci\u00f3n. Pero en este sector adem\u00e1s se construir\u00e1 una plaza para personas minusv\u00e1lidas, la que contar\u00e1 con seis juegos especiales, donde se incorpora un balanc\u00edn que permite colocar sillas de ruedas, dos columpios tambi\u00e9n para sillas de ruedas, un girador con capacidad para cuatro ni\u00f1os y dos juegos de resortes. Este lugar tendr\u00e1 una zona especial para que los veh\u00edculos puedan estacionarse, con rampa para que los ni\u00f1os puedan ser bajados desde sus sillas de ruedas e incorporarlo a esta plaza de juegos.<\/p>\n<p>\u201cEsto va a tener una inversi\u00f3n de alrededor de 34 millones de pesos, lo que involucra a los juegos y cercano a los 27 millones de pesos la inversi\u00f3n de lo que es \u00e1rea verde, todo lo que es mobiliario e iluminaci\u00f3n, as\u00ed que estos dos bandejones ya est\u00e1n en proceso y esperamos las \u00e1reas verdes que est\u00e9n construidas en un plazo de 60 d\u00edas, que es m\u00e1s o menos lo que demora, tienen que entregarlo con un corte\u201d, dijo el Alcalde.<\/p>\n<div class=\"tiled-gallery type-rectangular tiled-gallery-unresized\" data-original-width=\"640\" data-carousel-extra='null' itemscope itemtype=\"http:\/\/schema.org\/ImageGallery\" > <div class=\"gallery-row\" style=\"width: 640px; height: 163px;\" data-original-width=\"640\" data-original-height=\"163\" > <div class=\"gallery-group images-1\" style=\"width: 216px; height: 163px;\" data-original-width=\"216\" data-original-height=\"163\" > <div class=\"tiled-gallery-item tiled-gallery-item-small\" itemprop=\"associatedMedia\" itemscope itemtype=\"http:\/\/schema.org\/ImageObject\"> <a href=\"https:\/\/i0.wp.com\/eltrabajo.cl\/portal\/wp-content\/uploads\/2012\/09\/jovenes-skaters.jpg?ssl=1\" border=\"0\" itemprop=\"url\"> <meta itemprop=\"width\" content=\"212\"> <meta itemprop=\"height\" content=\"159\"> <img decoding=\"async\" class=\"\" data-attachment-id=\"23738\" data-orig-file=\"https:\/\/eltrabajo.cl\/portal\/wp-content\/uploads\/2012\/09\/jovenes-skaters.jpg\" data-orig-size=\"529,397\" data-comments-opened=\"1\" data-image-meta=\"{&quot;aperture&quot;:&quot;0&quot;,&quot;credit&quot;:&quot;&quot;,&quot;camera&quot;:&quot;&quot;,&quot;caption&quot;:&quot;&quot;,&quot;created_timestamp&quot;:&quot;0&quot;,&quot;copyright&quot;:&quot;&quot;,&quot;focal_length&quot;:&quot;0&quot;,&quot;iso&quot;:&quot;0&quot;,&quot;shutter_speed&quot;:&quot;0&quot;,&quot;title&quot;:&quot;&quot;}\" data-image-title=\"J\u00f3venes que practican skateboard se mostraron felices con la ejecuci\u00f3n del proyecto que les permitir\u00e1 tener un skatepark en San Felipe. \" data-image-description=\"\" data-medium-file=\"https:\/\/i0.wp.com\/eltrabajo.cl\/portal\/wp-content\/uploads\/2012\/09\/jovenes-skaters.jpg?fit=300%2C225&#038;ssl=1\" data-large-file=\"https:\/\/i0.wp.com\/eltrabajo.cl\/portal\/wp-content\/uploads\/2012\/09\/jovenes-skaters.jpg?fit=529%2C397&#038;ssl=1\" src=\"https:\/\/i0.wp.com\/eltrabajo.cl\/portal\/wp-content\/uploads\/2012\/09\/jovenes-skaters.jpg?w=212&#038;h=159&#038;ssl=1\" srcset=\"https:\/\/i0.wp.com\/eltrabajo.cl\/portal\/wp-content\/uploads\/2012\/09\/jovenes-skaters.jpg?w=529&amp;ssl=1 529w, https:\/\/i0.wp.com\/eltrabajo.cl\/portal\/wp-content\/uploads\/2012\/09\/jovenes-skaters.jpg?resize=200%2C150&amp;ssl=1 200w, https:\/\/i0.wp.com\/eltrabajo.cl\/portal\/wp-content\/uploads\/2012\/09\/jovenes-skaters.jpg?resize=300%2C225&amp;ssl=1 300w, https:\/\/i0.wp.com\/eltrabajo.cl\/portal\/wp-content\/uploads\/2012\/09\/jovenes-skaters.jpg?resize=150%2C112&amp;ssl=1 150w, https:\/\/i0.wp.com\/eltrabajo.cl\/portal\/wp-content\/uploads\/2012\/09\/jovenes-skaters.jpg?resize=400%2C300&amp;ssl=1 400w\" width=\"212\" height=\"159\" loading=\"lazy\" data-original-width=\"212\" data-original-height=\"159\" itemprop=\"http:\/\/schema.org\/image\" title=\"J\u00f3venes que practican skateboard se mostraron felices con la ejecuci\u00f3n del proyecto que les permitir\u00e1 tener un skatepark en San Felipe. \" alt=\"J\u00f3venes que practican skateboard se mostraron felices con la ejecuci\u00f3n del proyecto que les permitir\u00e1 tener un skatepark en San Felipe.\" style=\"width: 212px; height: 159px;\" \/> <\/a> <\/div> <\/div> <!-- close group --> <div class=\"gallery-group images-1\" style=\"width: 424px; height: 163px;\" data-original-width=\"424\" data-original-height=\"163\" > <div class=\"tiled-gallery-item tiled-gallery-item-large\" itemprop=\"associatedMedia\" itemscope itemtype=\"http:\/\/schema.org\/ImageObject\"> <a href=\"https:\/\/i0.wp.com\/eltrabajo.cl\/portal\/wp-content\/uploads\/2012\/09\/plano-skate-park.jpg?ssl=1\" border=\"0\" itemprop=\"url\"> <meta itemprop=\"width\" content=\"420\"> <meta itemprop=\"height\" content=\"159\"> <img decoding=\"async\" class=\"\" data-attachment-id=\"23739\" data-orig-file=\"https:\/\/eltrabajo.cl\/portal\/wp-content\/uploads\/2012\/09\/plano-skate-park.jpg\" data-orig-size=\"529,200\" data-comments-opened=\"1\" data-image-meta=\"{&quot;aperture&quot;:&quot;0&quot;,&quot;credit&quot;:&quot;&quot;,&quot;camera&quot;:&quot;&quot;,&quot;caption&quot;:&quot;&quot;,&quot;created_timestamp&quot;:&quot;0&quot;,&quot;copyright&quot;:&quot;&quot;,&quot;focal_length&quot;:&quot;0&quot;,&quot;iso&quot;:&quot;0&quot;,&quot;shutter_speed&quot;:&quot;0&quot;,&quot;title&quot;:&quot;&quot;}\" data-image-title=\"As\u00ed quedar\u00eda el parque para skaters, seg\u00fan el dise\u00f1o desarrollado por el municipio en base a los requerimientos aportados por los j\u00f3venes.\" data-image-description=\"\" data-medium-file=\"https:\/\/i0.wp.com\/eltrabajo.cl\/portal\/wp-content\/uploads\/2012\/09\/plano-skate-park.jpg?fit=300%2C113&#038;ssl=1\" data-large-file=\"https:\/\/i0.wp.com\/eltrabajo.cl\/portal\/wp-content\/uploads\/2012\/09\/plano-skate-park.jpg?fit=529%2C200&#038;ssl=1\" src=\"https:\/\/i0.wp.com\/eltrabajo.cl\/portal\/wp-content\/uploads\/2012\/09\/plano-skate-park.jpg?w=420&#038;h=159&#038;ssl=1\" srcset=\"https:\/\/i0.wp.com\/eltrabajo.cl\/portal\/wp-content\/uploads\/2012\/09\/plano-skate-park.jpg?w=529&amp;ssl=1 529w, https:\/\/i0.wp.com\/eltrabajo.cl\/portal\/wp-content\/uploads\/2012\/09\/plano-skate-park.jpg?resize=200%2C75&amp;ssl=1 200w, https:\/\/i0.wp.com\/eltrabajo.cl\/portal\/wp-content\/uploads\/2012\/09\/plano-skate-park.jpg?resize=300%2C113&amp;ssl=1 300w, https:\/\/i0.wp.com\/eltrabajo.cl\/portal\/wp-content\/uploads\/2012\/09\/plano-skate-park.jpg?resize=150%2C56&amp;ssl=1 150w, https:\/\/i0.wp.com\/eltrabajo.cl\/portal\/wp-content\/uploads\/2012\/09\/plano-skate-park.jpg?resize=400%2C151&amp;ssl=1 400w\" width=\"420\" height=\"159\" loading=\"lazy\" data-original-width=\"420\" data-original-height=\"159\" itemprop=\"http:\/\/schema.org\/image\" title=\"As\u00ed quedar\u00eda el parque para skaters, seg\u00fan el dise\u00f1o desarrollado por el municipio en base a los requerimientos aportados por los j\u00f3venes.\" alt=\"As\u00ed quedar\u00eda el parque para skaters, seg\u00fan el dise\u00f1o desarrollado por el municipio en base a los requerimientos aportados por los j\u00f3venes.\" style=\"width: 420px; height: 159px;\" \/> <\/a> <\/div> <\/div> <!-- close group --> <\/div> <!-- close row --> <\/div>\n<p>&nbsp;<\/p>\n","protected":false},"excerpt":{"rendered":"<p>El Alcalde Jaime Amar se traslad\u00f3 junto al Consejero Iv\u00e1n Reyes y un grupo de skaters hasta el sector donde se ejecutar\u00e1 el proyecto Skate Park, una iniciativa planteada por los j\u00f3venes&#8230;<\/p>\n","protected":false},"author":482,"featured_media":23738,"comment_status":"open","ping_status":"closed","sticky":false,"template":"","format":"standard","meta":{"advanced_seo_description":"","jetpack_seo_html_title":"","jetpack_seo_noindex":false,"_jetpack_memberships_contains_paid_content":false,"footnotes":""},"categories":[1],"tags":[],"class_list":["post-23737","post","type-post","status-publish","format-standard","has-post-thumbnail","hentry","category-cronica"],"jetpack_featured_media_url":"https:\/\/i0.wp.com\/eltrabajo.cl\/portal\/wp-content\/uploads\/2012\/09\/jovenes-skaters.jpg?fit=529%2C397&ssl=1","jetpack_sharing_enabled":true,"jetpack_likes_enabled":true,"jetpack-related-posts":[],"_links":{"self":[{"href":"https:\/\/eltrabajo.cl\/portal\/wp-json\/wp\/v2\/posts\/23737","targetHints":{"allow":["GET"]}}],"collection":[{"href":"https:\/\/eltrabajo.cl\/portal\/wp-json\/wp\/v2\/posts"}],"about":[{"href":"https:\/\/eltrabajo.cl\/portal\/wp-json\/wp\/v2\/types\/post"}],"author":[{"embeddable":true,"href":"https:\/\/eltrabajo.cl\/portal\/wp-json\/wp\/v2\/users\/482"}],"replies":[{"embeddable":true,"href":"https:\/\/eltrabajo.cl\/portal\/wp-json\/wp\/v2\/comments?post=23737"}],"version-history":[{"count":0,"href":"https:\/\/eltrabajo.cl\/portal\/wp-json\/wp\/v2\/posts\/23737\/revisions"}],"wp:featuredmedia":[{"embeddable":true,"href":"https:\/\/eltrabajo.cl\/portal\/wp-json\/wp\/v2\/media\/23738"}],"wp:attachment":[{"href":"https:\/\/eltrabajo.cl\/portal\/wp-json\/wp\/v2\/media?parent=23737"}],"wp:term":[{"taxonomy":"category","embeddable":true,"href":"https:\/\/eltrabajo.cl\/portal\/wp-json\/wp\/v2\/categories?post=23737"},{"taxonomy":"post_tag","embeddable":true,"href":"https:\/\/eltrabajo.cl\/portal\/wp-json\/wp\/v2\/tags?post=23737"}],"curies":[{"name":"wp","href":"https:\/\/api.w.org\/{rel}","templated":true}]}}