{"id":23743,"date":"2012-09-12T09:53:43","date_gmt":"2012-09-12T12:53:43","guid":{"rendered":"http:\/\/www.eltrabajo.cl\/portal\/?p=23743"},"modified":"2012-09-12T10:06:24","modified_gmt":"2012-09-12T13:06:24","slug":"resulto-con-varias-lesiones-por-piola-de-acero-instalada-por-serrania","status":"publish","type":"post","link":"https:\/\/eltrabajo.cl\/portal\/resulto-con-varias-lesiones-por-piola-de-acero-instalada-por-serrania\/","title":{"rendered":"Result\u00f3 con varias lesiones por piola de acero instalada por Serran\u00eda"},"content":{"rendered":"<p><a href=\"http:\/\/www.eltrabajo.cl\/portal\/2012\/09\/resulto-con-varias-lesiones-por-piola-de-acero-instalada-por-serrania\/maria-jamett\/\" rel=\"attachment wp-att-23744\"><img data-recalc-dims=\"1\" loading=\"lazy\" decoding=\"async\" class=\"alignleft size-medium wp-image-23744\" title=\"Maria Jamett.jpg Mar\u00eda Jamett result\u00f3 con diversas lesiones en todo su cuerpo, principalmente en su cuello.\" src=\"https:\/\/i0.wp.com\/www.eltrabajo.cl\/portal\/wp-content\/uploads\/2012\/09\/maria-jamett-300x225.jpg?resize=300%2C225\" alt=\"\" width=\"300\" height=\"225\" srcset=\"https:\/\/i0.wp.com\/eltrabajo.cl\/portal\/wp-content\/uploads\/2012\/09\/maria-jamett.jpg?resize=300%2C225&amp;ssl=1 300w, https:\/\/i0.wp.com\/eltrabajo.cl\/portal\/wp-content\/uploads\/2012\/09\/maria-jamett.jpg?resize=200%2C150&amp;ssl=1 200w, https:\/\/i0.wp.com\/eltrabajo.cl\/portal\/wp-content\/uploads\/2012\/09\/maria-jamett.jpg?resize=150%2C112&amp;ssl=1 150w, https:\/\/i0.wp.com\/eltrabajo.cl\/portal\/wp-content\/uploads\/2012\/09\/maria-jamett.jpg?resize=400%2C300&amp;ssl=1 400w, https:\/\/i0.wp.com\/eltrabajo.cl\/portal\/wp-content\/uploads\/2012\/09\/maria-jamett.jpg?w=529&amp;ssl=1 529w\" sizes=\"auto, (max-width: 300px) 100vw, 300px\" \/><\/a><\/p>\n<ul>\n<li><strong>Muchacha de 21 a\u00f1os debe desplazarse diariamente en moto hasta su hogar al interior de Guzmanes.<\/strong><\/li>\n<\/ul>\n<p><strong>PUTAENDO.<\/strong>&#8211; Una joven de 21 a\u00f1os, identificada como Mar\u00eda Jamett Gil, quien vive junto a su familia en el sector conocido como \u2018La Veta del Agua\u2019 al interior de Guzmanes, result\u00f3 con lesiones menos graves luego que una piola de acero instalada por la serran\u00eda de Guzmanes se enredara en la moto que conduc\u00eda, piola que termin\u00f3 en el cuello de la joven mujer.<\/p>\n<p>El accidente ocurri\u00f3 el jueves pasado, cuando Mar\u00eda, a eso de las 20:00 horas, sac\u00f3 su moto Yamaha que todos los d\u00edas guarda donde un familiar en Guzmanes, para dirigirse a su hogar en el sector de \u2018La Veta del Agua\u2019, donde sus padres viven hace m\u00e1s de 70 a\u00f1os. La joven se\u00f1al\u00f3 que al llegar al sector de la medialuna, donde hay dos rieles sin ninguna se\u00f1alizaci\u00f3n, se encontr\u00f3 con una piola de color caf\u00e9 que atravesaba la calle a mediana altura, la que se enred\u00f3 en la rueda delantera y subi\u00f3 para golpear parte de su ment\u00f3n y botarla bruscamente de la moto, pasando a llevar parte de su cuello.<\/p>\n<p>La joven asegura que vecinos que se encuentran construyendo una casa fueron los primeros en auxiliarla y que debi\u00f3 ser trasladada al Hospital San Antonio de Putaendo, resultando con una luxaci\u00f3n en su brazo izquierdo, por lo que dicha extremidad fue enyesada, aparte de presentar varias quemaduras en su ment\u00f3n y parte del cuello, adem\u00e1s de golpes menores en su cr\u00e1neo y espalda.<\/p>\n<p>Mar\u00eda Jamett baja todos los d\u00edas en moto desde la casa de sus padres hasta Rinconada de Guzmanes, donde deja el veh\u00edculo guardado para dirigirse a estudiar a San Felipe, regresando en horas de la noche para subir en su moto nuevamente y regresar a su hogar, trayecto que hace en forma regular, ya que ellos viven al interior del per\u00edmetro de la serran\u00eda de Guzmanes desde hace muchos a\u00f1os.<\/p>\n<p>La joven indic\u00f3 que efectivamente d\u00edas antes escuch\u00f3 que la serran\u00eda instalar\u00eda una piola de acero para evitar que ingresaran veh\u00edculos extra\u00f1os y personas a ocasionar da\u00f1os al interior de la serran\u00eda, pero tambi\u00e9n se\u00f1ala que en ning\u00fan momento ning\u00fan directivo de la serran\u00eda, incluyendo un directivo que vive al frente de donde fue instalada la piola, le avis\u00f3 a ella o a su familia que \u00e9sta se hab\u00eda instalado, agregando que incluso el d\u00eda del accidente, producto del fuerte ruido del golpe de la moto, uno de los dirigentes de la serran\u00eda que espec\u00edficamente vive al frente del lugar de los hechos, se habr\u00eda percatado de la situaci\u00f3n y hab\u00eda apagado las luces de su casa.<\/p>\n<p>Mar\u00eda Jamett dijo que hab\u00eda decidido hacer esto p\u00fablico producto de la irresponsabilidad de la serran\u00eda que no tuvo ning\u00fan criterio ni consideraci\u00f3n con su familia ni con ella, pues todos saben que a diario se desplaza en moto no para divertirse, sino para terminar sus estudios en San Felipe, agregando que incluso su padre, un hombre bastante mayor, fue llamado por algunos dirigentes de la serran\u00eda que ni siquiera le preguntaron por su estado de salud, sino que le entregaron 30 mil pesos para solventar algunos gastos, lo que no fue compartido por algunos dirigentes de la misma serran\u00eda.<\/p>\n<p>Con un brazo con yeso, con mucho dolor y con licencia por varios d\u00edas, esta joven solo espera que la serran\u00eda tenga la deferencia de a lo menos avisarles o entregarles alguna llave para que esto no vuelva a ocurrir.<\/p>\n<p>Cabe destacar que se trata de una moto muy b\u00e1sica que la joven ocupa a diario para evitar caminar los casi 3 kil\u00f3metros que separan Guzmanes del sector de la Veta del Agua.<\/p>\n<p>La joven fue respaldada por el presidente de la junta de vecinos N\u00b0 16 de Guzmanes, Alamiro Saavedra, quien tambi\u00e9n calific\u00f3 como irresponsable el actuar de la serran\u00eda, agregando que lo menos que esperaban era una disculpa por lo ocurrido.<\/p>\n<p>Un nuevo accidente con caracter\u00edsticas similares a las que afectaron al joven que cay\u00f3 en moto en el sector El Manzano, donde en este caso tambi\u00e9n una piola de acero pudo haber ocasionado da\u00f1os incluso letales a una joven de 21 a\u00f1os, cuyo \u00fanico error al parecer es vivir al interior de los cerros y desplazarse en una moto para poder terminar sus estudios superiores.<\/p>\n<p><strong>Patricio Gallardo M.<\/strong><\/p>\n<div class=\"tiled-gallery type-rectangular tiled-gallery-unresized\" data-original-width=\"640\" data-carousel-extra='null' itemscope itemtype=\"http:\/\/schema.org\/ImageGallery\" > <div class=\"gallery-row\" style=\"width: 640px; height: 241px;\" data-original-width=\"640\" data-original-height=\"241\" > <div class=\"gallery-group images-1\" style=\"width: 320px; height: 241px;\" data-original-width=\"320\" data-original-height=\"241\" > <div class=\"tiled-gallery-item tiled-gallery-item-large\" itemprop=\"associatedMedia\" itemscope itemtype=\"http:\/\/schema.org\/ImageObject\"> <a href=\"https:\/\/i0.wp.com\/eltrabajo.cl\/portal\/wp-content\/uploads\/2012\/09\/maria-jamett.jpg?ssl=1\" border=\"0\" itemprop=\"url\"> <meta itemprop=\"width\" content=\"316\"> <meta itemprop=\"height\" content=\"237\"> <img decoding=\"async\" class=\"\" data-attachment-id=\"23744\" data-orig-file=\"https:\/\/eltrabajo.cl\/portal\/wp-content\/uploads\/2012\/09\/maria-jamett.jpg\" data-orig-size=\"529,398\" data-comments-opened=\"1\" data-image-meta=\"{&quot;aperture&quot;:&quot;0&quot;,&quot;credit&quot;:&quot;&quot;,&quot;camera&quot;:&quot;&quot;,&quot;caption&quot;:&quot;&quot;,&quot;created_timestamp&quot;:&quot;0&quot;,&quot;copyright&quot;:&quot;COPYRIGHT, 2011&quot;,&quot;focal_length&quot;:&quot;0&quot;,&quot;iso&quot;:&quot;0&quot;,&quot;shutter_speed&quot;:&quot;0&quot;,&quot;title&quot;:&quot;&quot;}\" data-image-title=\"Maria Jamett.jpg Mar\u00eda Jamett result\u00f3 con diversas lesiones en todo su cuerpo, principalmente en su cuello.\" data-image-description=\"\" data-medium-file=\"https:\/\/i0.wp.com\/eltrabajo.cl\/portal\/wp-content\/uploads\/2012\/09\/maria-jamett.jpg?fit=300%2C225&#038;ssl=1\" data-large-file=\"https:\/\/i0.wp.com\/eltrabajo.cl\/portal\/wp-content\/uploads\/2012\/09\/maria-jamett.jpg?fit=529%2C398&#038;ssl=1\" src=\"https:\/\/i0.wp.com\/eltrabajo.cl\/portal\/wp-content\/uploads\/2012\/09\/maria-jamett.jpg?w=316&#038;h=237&#038;ssl=1\" srcset=\"https:\/\/i0.wp.com\/eltrabajo.cl\/portal\/wp-content\/uploads\/2012\/09\/maria-jamett.jpg?w=529&amp;ssl=1 529w, https:\/\/i0.wp.com\/eltrabajo.cl\/portal\/wp-content\/uploads\/2012\/09\/maria-jamett.jpg?resize=200%2C150&amp;ssl=1 200w, https:\/\/i0.wp.com\/eltrabajo.cl\/portal\/wp-content\/uploads\/2012\/09\/maria-jamett.jpg?resize=300%2C225&amp;ssl=1 300w, https:\/\/i0.wp.com\/eltrabajo.cl\/portal\/wp-content\/uploads\/2012\/09\/maria-jamett.jpg?resize=150%2C112&amp;ssl=1 150w, https:\/\/i0.wp.com\/eltrabajo.cl\/portal\/wp-content\/uploads\/2012\/09\/maria-jamett.jpg?resize=400%2C300&amp;ssl=1 400w\" width=\"316\" height=\"237\" loading=\"lazy\" data-original-width=\"316\" data-original-height=\"237\" itemprop=\"http:\/\/schema.org\/image\" title=\"Maria Jamett.jpg Mar\u00eda Jamett result\u00f3 con diversas lesiones en todo su cuerpo, principalmente en su cuello.\" alt=\"Maria Jamett.jpg Mar\u00eda Jamett result\u00f3 con diversas lesiones en todo su cuerpo, principalmente en su cuello.\" style=\"width: 316px; height: 237px;\" \/> <\/a> <\/div> <\/div> <!-- close group --> <div class=\"gallery-group images-1\" style=\"width: 320px; height: 241px;\" data-original-width=\"320\" data-original-height=\"241\" > <div class=\"tiled-gallery-item tiled-gallery-item-large\" itemprop=\"associatedMedia\" itemscope itemtype=\"http:\/\/schema.org\/ImageObject\"> <a href=\"https:\/\/i0.wp.com\/eltrabajo.cl\/portal\/wp-content\/uploads\/2012\/09\/piola-serrania.jpg?ssl=1\" border=\"0\" itemprop=\"url\"> <meta itemprop=\"width\" content=\"316\"> <meta itemprop=\"height\" content=\"237\"> <img decoding=\"async\" class=\"\" data-attachment-id=\"23745\" data-orig-file=\"https:\/\/eltrabajo.cl\/portal\/wp-content\/uploads\/2012\/09\/piola-serrania.jpg\" data-orig-size=\"529,397\" data-comments-opened=\"1\" data-image-meta=\"{&quot;aperture&quot;:&quot;0&quot;,&quot;credit&quot;:&quot;&quot;,&quot;camera&quot;:&quot;&quot;,&quot;caption&quot;:&quot;&quot;,&quot;created_timestamp&quot;:&quot;0&quot;,&quot;copyright&quot;:&quot;COPYRIGHT, 2011&quot;,&quot;focal_length&quot;:&quot;0&quot;,&quot;iso&quot;:&quot;0&quot;,&quot;shutter_speed&quot;:&quot;0&quot;,&quot;title&quot;:&quot;&quot;}\" data-image-title=\"Esta es la piola mortal que, como se aprecia en la fotograf\u00eda, no cuenta con ning\u00fan cartel o colgante que la haga m\u00e1s visible desde la distancia.\" data-image-description=\"\" data-medium-file=\"https:\/\/i0.wp.com\/eltrabajo.cl\/portal\/wp-content\/uploads\/2012\/09\/piola-serrania.jpg?fit=300%2C225&#038;ssl=1\" data-large-file=\"https:\/\/i0.wp.com\/eltrabajo.cl\/portal\/wp-content\/uploads\/2012\/09\/piola-serrania.jpg?fit=529%2C397&#038;ssl=1\" src=\"https:\/\/i0.wp.com\/eltrabajo.cl\/portal\/wp-content\/uploads\/2012\/09\/piola-serrania.jpg?w=316&#038;h=237&#038;ssl=1\" srcset=\"https:\/\/i0.wp.com\/eltrabajo.cl\/portal\/wp-content\/uploads\/2012\/09\/piola-serrania.jpg?w=529&amp;ssl=1 529w, https:\/\/i0.wp.com\/eltrabajo.cl\/portal\/wp-content\/uploads\/2012\/09\/piola-serrania.jpg?resize=200%2C150&amp;ssl=1 200w, https:\/\/i0.wp.com\/eltrabajo.cl\/portal\/wp-content\/uploads\/2012\/09\/piola-serrania.jpg?resize=300%2C225&amp;ssl=1 300w, https:\/\/i0.wp.com\/eltrabajo.cl\/portal\/wp-content\/uploads\/2012\/09\/piola-serrania.jpg?resize=150%2C112&amp;ssl=1 150w, https:\/\/i0.wp.com\/eltrabajo.cl\/portal\/wp-content\/uploads\/2012\/09\/piola-serrania.jpg?resize=400%2C300&amp;ssl=1 400w\" width=\"316\" height=\"237\" loading=\"lazy\" data-original-width=\"316\" data-original-height=\"237\" itemprop=\"http:\/\/schema.org\/image\" title=\"Esta es la piola mortal que, como se aprecia en la fotograf\u00eda, no cuenta con ning\u00fan cartel o colgante que la haga m\u00e1s visible desde la distancia.\" alt=\"Esta es la piola mortal que, como se aprecia en la fotograf\u00eda, no cuenta con ning\u00fan cartel o colgante que la haga m\u00e1s visible desde la distancia.\" style=\"width: 316px; height: 237px;\" \/> <\/a> <\/div> <\/div> <!-- close group --> <\/div> <!-- close row --> <\/div>\n<p>&nbsp;<\/p>\n","protected":false},"excerpt":{"rendered":"<p>Muchacha de 21 a\u00f1os debe desplazarse diariamente en moto hasta su hogar al interior de Guzmanes. PUTAENDO.&#8211; Una joven de 21 a\u00f1os, identificada como Mar\u00eda Jamett Gil, quien vive junto a su&#8230;<\/p>\n","protected":false},"author":482,"featured_media":23744,"comment_status":"open","ping_status":"closed","sticky":false,"template":"","format":"standard","meta":{"advanced_seo_description":"","jetpack_seo_html_title":"","jetpack_seo_noindex":false,"_jetpack_memberships_contains_paid_content":false,"footnotes":""},"categories":[15],"tags":[],"class_list":["post-23743","post","type-post","status-publish","format-standard","has-post-thumbnail","hentry","category-comunidad"],"jetpack_featured_media_url":"https:\/\/i0.wp.com\/eltrabajo.cl\/portal\/wp-content\/uploads\/2012\/09\/maria-jamett.jpg?fit=529%2C398&ssl=1","jetpack_sharing_enabled":true,"jetpack_likes_enabled":true,"jetpack-related-posts":[],"_links":{"self":[{"href":"https:\/\/eltrabajo.cl\/portal\/wp-json\/wp\/v2\/posts\/23743","targetHints":{"allow":["GET"]}}],"collection":[{"href":"https:\/\/eltrabajo.cl\/portal\/wp-json\/wp\/v2\/posts"}],"about":[{"href":"https:\/\/eltrabajo.cl\/portal\/wp-json\/wp\/v2\/types\/post"}],"author":[{"embeddable":true,"href":"https:\/\/eltrabajo.cl\/portal\/wp-json\/wp\/v2\/users\/482"}],"replies":[{"embeddable":true,"href":"https:\/\/eltrabajo.cl\/portal\/wp-json\/wp\/v2\/comments?post=23743"}],"version-history":[{"count":0,"href":"https:\/\/eltrabajo.cl\/portal\/wp-json\/wp\/v2\/posts\/23743\/revisions"}],"wp:featuredmedia":[{"embeddable":true,"href":"https:\/\/eltrabajo.cl\/portal\/wp-json\/wp\/v2\/media\/23744"}],"wp:attachment":[{"href":"https:\/\/eltrabajo.cl\/portal\/wp-json\/wp\/v2\/media?parent=23743"}],"wp:term":[{"taxonomy":"category","embeddable":true,"href":"https:\/\/eltrabajo.cl\/portal\/wp-json\/wp\/v2\/categories?post=23743"},{"taxonomy":"post_tag","embeddable":true,"href":"https:\/\/eltrabajo.cl\/portal\/wp-json\/wp\/v2\/tags?post=23743"}],"curies":[{"name":"wp","href":"https:\/\/api.w.org\/{rel}","templated":true}]}}