{"id":23753,"date":"2012-09-12T09:58:48","date_gmt":"2012-09-12T12:58:48","guid":{"rendered":"http:\/\/www.eltrabajo.cl\/portal\/?p=23753"},"modified":"2012-09-12T09:58:48","modified_gmt":"2012-09-12T12:58:48","slug":"hombre-muere-atropellado-por-funcionario-de-ejercito-en-camino-internacional","status":"publish","type":"post","link":"https:\/\/eltrabajo.cl\/portal\/hombre-muere-atropellado-por-funcionario-de-ejercito-en-camino-internacional\/","title":{"rendered":"Hombre muere atropellado por funcionario de Ej\u00e9rcito en camino Internacional"},"content":{"rendered":"<p><a href=\"http:\/\/www.eltrabajo.cl\/portal\/2012\/09\/hombre-muere-atropellado-por-funcionario-de-ejercito-en-camino-internacional\/atropello-maulen5\/\" rel=\"attachment wp-att-23754\"><img data-recalc-dims=\"1\" loading=\"lazy\" decoding=\"async\" class=\"alignnone size-full wp-image-23754\" title=\"Conmoci\u00f3n provoc\u00f3 entre vecinos del sector el tr\u00e1gico accidente que cost\u00f3 la vida a Bernardo Maul\u00e9n Urtubia, de 67 a\u00f1os de edad, quien caminaba por la vereda a fin de ir a dejar bolsas con basura. \" src=\"https:\/\/i0.wp.com\/www.eltrabajo.cl\/portal\/wp-content\/uploads\/2012\/09\/atropello-maulen5.jpg?resize=529%2C338\" alt=\"\" width=\"529\" height=\"338\" srcset=\"https:\/\/i0.wp.com\/eltrabajo.cl\/portal\/wp-content\/uploads\/2012\/09\/atropello-maulen5.jpg?w=529&amp;ssl=1 529w, https:\/\/i0.wp.com\/eltrabajo.cl\/portal\/wp-content\/uploads\/2012\/09\/atropello-maulen5.jpg?resize=200%2C127&amp;ssl=1 200w, https:\/\/i0.wp.com\/eltrabajo.cl\/portal\/wp-content\/uploads\/2012\/09\/atropello-maulen5.jpg?resize=300%2C191&amp;ssl=1 300w, https:\/\/i0.wp.com\/eltrabajo.cl\/portal\/wp-content\/uploads\/2012\/09\/atropello-maulen5.jpg?resize=150%2C95&amp;ssl=1 150w, https:\/\/i0.wp.com\/eltrabajo.cl\/portal\/wp-content\/uploads\/2012\/09\/atropello-maulen5.jpg?resize=400%2C255&amp;ssl=1 400w\" sizes=\"auto, (max-width: 529px) 100vw, 529px\" \/><\/a><\/p>\n<ul>\n<li><strong>Uniformado habr\u00eda efectuado una maniobra de adelantamiento perdiendo el control del m\u00f3vil.<\/strong><\/li>\n<\/ul>\n<p><strong>LOS ANDES.<\/strong>&#8211; Un conocido vecino del sector Los Chacayes en el camino internacional, muri\u00f3 la ma\u00f1ana de ayer martes al ser arrollado por un autom\u00f3vil conducido por un funcionario del Ej\u00e9rcito.<\/p>\n<p>El accidente se produjo pasadas las 10.15 horas, a la altura del kil\u00f3metro 17 de la ruta internacional 60 CH, cuando Bernardo Maul\u00e9n Urtubia, de 67 a\u00f1os de edad, caminaba por la vereda a fin de ir a dejar bolsas con basura.<\/p>\n<p>En esos instantes se desplazaba de oriente a poniente por esa ruta, el autom\u00f3vil station wagon Citroen Xsara, matr\u00edcula VY 45-22, conducido por Carlos Fidel Mu\u00f1oz Ojeda, quien al efectuar una maniobra de adelantamiento a un cami\u00f3n recolector de basura que estaba detenido en la orilla, perdi\u00f3 el control, cruz\u00f3 el eje de la calzada y se fue contra la vereda sur arrollando a Maul\u00e9n.<\/p>\n<p>Producto de la violencia del impacto, el cuerpo del jubilado fue lanzado a m\u00e1s de 15 metros, falleciendo de forma instant\u00e1nea, mientras el auto sigui\u00f3 su carrera cayendo por la ladera del cerro.<\/p>\n<p>El conductor del auto salv\u00f3 con lesiones menores, siendo asistido por personal del SAMU que acudi\u00f3 al lugar.<\/p>\n<p>En tanto, Carabineros se constituy\u00f3 en el lugar a fin de realizar los peritajes de rigor y determinar la responsabilidad del conductor.<\/p>\n<p><strong>\u00a0Exceso de velocidad<\/strong><\/p>\n<p>Javier Espinoza, vecino y testigo del hecho, relat\u00f3 a nuestro medio que el autom\u00f3vil adelant\u00f3 a gran velocidad al cami\u00f3n de la basura que estaba detenido recogiendo bolsas.<\/p>\n<p>\u201cEl conductor por sacarse el cami\u00f3n se va para el lado izquierdo y ah\u00ed veo que agarra una persona que tir\u00f3 por el aire casi 15 metros y yo no sab\u00eda qui\u00e9n era, pero despu\u00e9s baj\u00e9 a ver y se trataba de mi amigo Bernardo Maul\u00e9n\u201d, coment\u00f3.<\/p>\n<p>Espinoza reiter\u00f3 la molestia de los vecinos por el exceso de velocidad con que circulan los veh\u00edculos, asegurando que en este caso el conductor del auto ten\u00eda bastante espacio para haber adelantado sin problemas, \u201cpero el auto se la gan\u00f3 al chofer\u201d.<\/p>\n<p>Se\u00f1al\u00f3 finalmente que \u201chace mucho tiempo que est\u00e1n ocurriendo estos accidentes y tenemos que andar con un cuidado \u00fanico con nuestros ni\u00f1os peque\u00f1os, porque aqu\u00ed los veh\u00edculos circulan a mucha velocidad, sobre todo los camiones\u201d.<\/p>\n<div class=\"tiled-gallery type-rectangular tiled-gallery-unresized\" data-original-width=\"640\" data-carousel-extra='null' itemscope itemtype=\"http:\/\/schema.org\/ImageGallery\" > <div class=\"gallery-row\" style=\"width: 640px; height: 203px;\" data-original-width=\"640\" data-original-height=\"203\" > <div class=\"gallery-group images-1\" style=\"width: 315px; height: 203px;\" data-original-width=\"315\" data-original-height=\"203\" > <div class=\"tiled-gallery-item tiled-gallery-item-large\" itemprop=\"associatedMedia\" itemscope itemtype=\"http:\/\/schema.org\/ImageObject\"> <a href=\"https:\/\/i0.wp.com\/eltrabajo.cl\/portal\/wp-content\/uploads\/2012\/09\/atropello-maulen5.jpg?ssl=1\" border=\"0\" itemprop=\"url\"> <meta itemprop=\"width\" content=\"311\"> <meta itemprop=\"height\" content=\"199\"> <img decoding=\"async\" class=\"\" data-attachment-id=\"23754\" data-orig-file=\"https:\/\/eltrabajo.cl\/portal\/wp-content\/uploads\/2012\/09\/atropello-maulen5.jpg\" data-orig-size=\"529,338\" data-comments-opened=\"1\" data-image-meta=\"{&quot;aperture&quot;:&quot;0&quot;,&quot;credit&quot;:&quot;&quot;,&quot;camera&quot;:&quot;&quot;,&quot;caption&quot;:&quot;&quot;,&quot;created_timestamp&quot;:&quot;0&quot;,&quot;copyright&quot;:&quot;&quot;,&quot;focal_length&quot;:&quot;0&quot;,&quot;iso&quot;:&quot;0&quot;,&quot;shutter_speed&quot;:&quot;0&quot;,&quot;title&quot;:&quot;&quot;}\" data-image-title=\"Conmoci\u00f3n provoc\u00f3 entre vecinos del sector el tr\u00e1gico accidente que cost\u00f3 la vida a Bernardo Maul\u00e9n Urtubia, de 67 a\u00f1os de edad, quien caminaba por la vereda a fin de ir a dejar bolsas con basura. \" data-image-description=\"\" data-medium-file=\"https:\/\/i0.wp.com\/eltrabajo.cl\/portal\/wp-content\/uploads\/2012\/09\/atropello-maulen5.jpg?fit=300%2C191&#038;ssl=1\" data-large-file=\"https:\/\/i0.wp.com\/eltrabajo.cl\/portal\/wp-content\/uploads\/2012\/09\/atropello-maulen5.jpg?fit=529%2C338&#038;ssl=1\" src=\"https:\/\/i0.wp.com\/eltrabajo.cl\/portal\/wp-content\/uploads\/2012\/09\/atropello-maulen5.jpg?w=311&#038;h=199&#038;ssl=1\" srcset=\"https:\/\/i0.wp.com\/eltrabajo.cl\/portal\/wp-content\/uploads\/2012\/09\/atropello-maulen5.jpg?w=529&amp;ssl=1 529w, https:\/\/i0.wp.com\/eltrabajo.cl\/portal\/wp-content\/uploads\/2012\/09\/atropello-maulen5.jpg?resize=200%2C127&amp;ssl=1 200w, https:\/\/i0.wp.com\/eltrabajo.cl\/portal\/wp-content\/uploads\/2012\/09\/atropello-maulen5.jpg?resize=300%2C191&amp;ssl=1 300w, https:\/\/i0.wp.com\/eltrabajo.cl\/portal\/wp-content\/uploads\/2012\/09\/atropello-maulen5.jpg?resize=150%2C95&amp;ssl=1 150w, https:\/\/i0.wp.com\/eltrabajo.cl\/portal\/wp-content\/uploads\/2012\/09\/atropello-maulen5.jpg?resize=400%2C255&amp;ssl=1 400w\" width=\"311\" height=\"199\" loading=\"lazy\" data-original-width=\"311\" data-original-height=\"199\" itemprop=\"http:\/\/schema.org\/image\" title=\"Conmoci\u00f3n provoc\u00f3 entre vecinos del sector el tr\u00e1gico accidente que cost\u00f3 la vida a Bernardo Maul\u00e9n Urtubia, de 67 a\u00f1os de edad, quien caminaba por la vereda a fin de ir a dejar bolsas con basura. \" alt=\"Conmoci\u00f3n provoc\u00f3 entre vecinos del sector el tr\u00e1gico accidente que cost\u00f3 la vida a Bernardo Maul\u00e9n Urtubia, de 67 a\u00f1os de edad, quien caminaba por la vereda a fin de ir a dejar bolsas con basura.\" style=\"width: 311px; height: 199px;\" \/> <\/a> <\/div> <\/div> <!-- close group --> <div class=\"gallery-group images-1\" style=\"width: 325px; height: 203px;\" data-original-width=\"325\" data-original-height=\"203\" > <div class=\"tiled-gallery-item tiled-gallery-item-large\" itemprop=\"associatedMedia\" itemscope itemtype=\"http:\/\/schema.org\/ImageObject\"> <a href=\"https:\/\/i0.wp.com\/eltrabajo.cl\/portal\/wp-content\/uploads\/2012\/09\/atropello-maulen1.jpg?ssl=1\" border=\"0\" itemprop=\"url\"> <meta itemprop=\"width\" content=\"321\"> <meta itemprop=\"height\" content=\"199\"> <img decoding=\"async\" class=\"\" data-attachment-id=\"23755\" data-orig-file=\"https:\/\/eltrabajo.cl\/portal\/wp-content\/uploads\/2012\/09\/atropello-maulen1.jpg\" data-orig-size=\"529,327\" data-comments-opened=\"1\" data-image-meta=\"{&quot;aperture&quot;:&quot;0&quot;,&quot;credit&quot;:&quot;&quot;,&quot;camera&quot;:&quot;&quot;,&quot;caption&quot;:&quot;&quot;,&quot;created_timestamp&quot;:&quot;0&quot;,&quot;copyright&quot;:&quot;&quot;,&quot;focal_length&quot;:&quot;0&quot;,&quot;iso&quot;:&quot;0&quot;,&quot;shutter_speed&quot;:&quot;0&quot;,&quot;title&quot;:&quot;&quot;}\" data-image-title=\"Tras el impacto el auto sigui\u00f3 su carrera cayendo por la ladera del cerro, poniendo en peligro incluso la vivienda existente en el lugar. \" data-image-description=\"\" data-medium-file=\"https:\/\/i0.wp.com\/eltrabajo.cl\/portal\/wp-content\/uploads\/2012\/09\/atropello-maulen1.jpg?fit=300%2C185&#038;ssl=1\" data-large-file=\"https:\/\/i0.wp.com\/eltrabajo.cl\/portal\/wp-content\/uploads\/2012\/09\/atropello-maulen1.jpg?fit=529%2C327&#038;ssl=1\" src=\"https:\/\/i0.wp.com\/eltrabajo.cl\/portal\/wp-content\/uploads\/2012\/09\/atropello-maulen1.jpg?w=321&#038;h=199&#038;ssl=1\" srcset=\"https:\/\/i0.wp.com\/eltrabajo.cl\/portal\/wp-content\/uploads\/2012\/09\/atropello-maulen1.jpg?w=529&amp;ssl=1 529w, https:\/\/i0.wp.com\/eltrabajo.cl\/portal\/wp-content\/uploads\/2012\/09\/atropello-maulen1.jpg?resize=200%2C123&amp;ssl=1 200w, https:\/\/i0.wp.com\/eltrabajo.cl\/portal\/wp-content\/uploads\/2012\/09\/atropello-maulen1.jpg?resize=300%2C185&amp;ssl=1 300w, https:\/\/i0.wp.com\/eltrabajo.cl\/portal\/wp-content\/uploads\/2012\/09\/atropello-maulen1.jpg?resize=150%2C92&amp;ssl=1 150w, https:\/\/i0.wp.com\/eltrabajo.cl\/portal\/wp-content\/uploads\/2012\/09\/atropello-maulen1.jpg?resize=400%2C247&amp;ssl=1 400w\" width=\"321\" height=\"199\" loading=\"lazy\" data-original-width=\"321\" data-original-height=\"199\" itemprop=\"http:\/\/schema.org\/image\" title=\"Tras el impacto el auto sigui\u00f3 su carrera cayendo por la ladera del cerro, poniendo en peligro incluso la vivienda existente en el lugar. \" alt=\"Tras el impacto el auto sigui\u00f3 su carrera cayendo por la ladera del cerro, poniendo en peligro incluso la vivienda existente en el lugar.\" style=\"width: 321px; height: 199px;\" \/> <\/a> <\/div> <\/div> <!-- close group --> <\/div> <!-- close row --> <\/div>\n","protected":false},"excerpt":{"rendered":"<p>Uniformado habr\u00eda efectuado una maniobra de adelantamiento perdiendo el control del m\u00f3vil. LOS ANDES.&#8211; Un conocido vecino del sector Los Chacayes en el camino internacional, muri\u00f3 la ma\u00f1ana de ayer martes al&#8230;<\/p>\n","protected":false},"author":482,"featured_media":23754,"comment_status":"open","ping_status":"closed","sticky":false,"template":"","format":"standard","meta":{"advanced_seo_description":"","jetpack_seo_html_title":"","jetpack_seo_noindex":false,"_jetpack_memberships_contains_paid_content":false,"footnotes":""},"categories":[21],"tags":[],"class_list":["post-23753","post","type-post","status-publish","format-standard","has-post-thumbnail","hentry","category-policial"],"jetpack_featured_media_url":"https:\/\/i0.wp.com\/eltrabajo.cl\/portal\/wp-content\/uploads\/2012\/09\/atropello-maulen5.jpg?fit=529%2C338&ssl=1","jetpack_sharing_enabled":true,"jetpack_likes_enabled":true,"jetpack-related-posts":[],"_links":{"self":[{"href":"https:\/\/eltrabajo.cl\/portal\/wp-json\/wp\/v2\/posts\/23753","targetHints":{"allow":["GET"]}}],"collection":[{"href":"https:\/\/eltrabajo.cl\/portal\/wp-json\/wp\/v2\/posts"}],"about":[{"href":"https:\/\/eltrabajo.cl\/portal\/wp-json\/wp\/v2\/types\/post"}],"author":[{"embeddable":true,"href":"https:\/\/eltrabajo.cl\/portal\/wp-json\/wp\/v2\/users\/482"}],"replies":[{"embeddable":true,"href":"https:\/\/eltrabajo.cl\/portal\/wp-json\/wp\/v2\/comments?post=23753"}],"version-history":[{"count":0,"href":"https:\/\/eltrabajo.cl\/portal\/wp-json\/wp\/v2\/posts\/23753\/revisions"}],"wp:featuredmedia":[{"embeddable":true,"href":"https:\/\/eltrabajo.cl\/portal\/wp-json\/wp\/v2\/media\/23754"}],"wp:attachment":[{"href":"https:\/\/eltrabajo.cl\/portal\/wp-json\/wp\/v2\/media?parent=23753"}],"wp:term":[{"taxonomy":"category","embeddable":true,"href":"https:\/\/eltrabajo.cl\/portal\/wp-json\/wp\/v2\/categories?post=23753"},{"taxonomy":"post_tag","embeddable":true,"href":"https:\/\/eltrabajo.cl\/portal\/wp-json\/wp\/v2\/tags?post=23753"}],"curies":[{"name":"wp","href":"https:\/\/api.w.org\/{rel}","templated":true}]}}