{"id":23759,"date":"2012-09-12T10:04:57","date_gmt":"2012-09-12T13:04:57","guid":{"rendered":"http:\/\/www.eltrabajo.cl\/portal\/?p=23759"},"modified":"2012-09-12T10:04:57","modified_gmt":"2012-09-12T13:04:57","slug":"bebe-abandonada-en-la-calle-permanecera-internada-en-hospital-san-camilo","status":"publish","type":"post","link":"https:\/\/eltrabajo.cl\/portal\/bebe-abandonada-en-la-calle-permanecera-internada-en-hospital-san-camilo\/","title":{"rendered":"Beb\u00e9 abandonada en la calle permanecer\u00e1 internada en hospital San Camilo"},"content":{"rendered":"<p><a href=\"http:\/\/www.eltrabajo.cl\/portal\/2012\/09\/bebe-abandonada-en-la-calle-permanecera-internada-en-hospital-san-camilo\/bebe-2\/\" rel=\"attachment wp-att-23760\"><img data-recalc-dims=\"1\" loading=\"lazy\" decoding=\"async\" class=\"alignleft size-medium wp-image-23760\" title=\"Esta foto fue captada poco despu\u00e9s del hallazgo, cuando ya los j\u00f3venes lograron estabilizarla despu\u00e9s de proceder a cortar en forma adecuada el cord\u00f3n umbilical.\" src=\"https:\/\/i0.wp.com\/www.eltrabajo.cl\/portal\/wp-content\/uploads\/2012\/09\/bebe-2-300x225.jpg?resize=300%2C225\" alt=\"\" width=\"300\" height=\"225\" srcset=\"https:\/\/i0.wp.com\/eltrabajo.cl\/portal\/wp-content\/uploads\/2012\/09\/bebe-2.jpg?resize=300%2C225&amp;ssl=1 300w, https:\/\/i0.wp.com\/eltrabajo.cl\/portal\/wp-content\/uploads\/2012\/09\/bebe-2.jpg?resize=200%2C150&amp;ssl=1 200w, https:\/\/i0.wp.com\/eltrabajo.cl\/portal\/wp-content\/uploads\/2012\/09\/bebe-2.jpg?resize=150%2C112&amp;ssl=1 150w, https:\/\/i0.wp.com\/eltrabajo.cl\/portal\/wp-content\/uploads\/2012\/09\/bebe-2.jpg?resize=400%2C300&amp;ssl=1 400w, https:\/\/i0.wp.com\/eltrabajo.cl\/portal\/wp-content\/uploads\/2012\/09\/bebe-2.jpg?w=529&amp;ssl=1 529w\" sizes=\"auto, (max-width: 300px) 100vw, 300px\" \/><\/a><\/p>\n<ul>\n<li><strong>J\u00f3venes que la encontraron quedaron choqueados con la situaci\u00f3n, pero de inmediato realizaron las acciones para estabilizarla, ya que ven\u00eda ba\u00f1ada en sangre y con cord\u00f3n umbilical mal cortado.<\/strong><\/li>\n<\/ul>\n<p>Aproximadamente con 41 semanas de gestaci\u00f3n y con un peso de 2 kilos 900 gramos lleg\u00f3 a este mundo la beb\u00e9 que la noche del lunes fue abandonada en la puerta de una residencial universitaria ubicada en calle Dardignac N\u00ba 10, a pocos metros de la Segunda Comisar\u00eda de San Felipe.<\/p>\n<p>La reci\u00e9n nacida, que se encuentra internada en la unidad de Neonatolog\u00eda del hospital San Camilo, lleg\u00f3 con signos de una hipotermia leve al centro asistencial y con el paso de las horas que ha permanecido hospitalizada ha podido regular su temperatura.<\/p>\n<p>Esta es una paciente de riesgo, debido especialmente al no saber en las condiciones en que naci\u00f3 la menor, por lo que existe la posibilidad de que desarrolle alguna infecci\u00f3n.<\/p>\n<p>\u00abElla est\u00e1 en este servicio de Neonatolog\u00eda, internada en la unidad de intermedio. Es relativo (el tiempo que deber\u00eda permanecer ah\u00ed) y no depende solo de nosotros, desde el punto de vista m\u00e9dico, esta es una paciente que requiere no solamente de una evaluaci\u00f3n cl\u00ednica, sino de hacer algunos ex\u00e1menes para ver que la paciente no tenga alguna infecci\u00f3n, desde el punto de vista m\u00e9dico es una paciente que tiene que pasar unos d\u00edas en la unidad\u00bb, dijo el doctor Gast\u00f3n del Solar, Jefe de Neonatolog\u00eda.<\/p>\n<p>La situaci\u00f3n de la menor tambi\u00e9n la analizar\u00e1 el Juzgado de Familia, entidad que deber\u00e1 establecer donde deber\u00e1 ser derivada. De hecho el Servicio Nacional de Menores interpuso durante la tarde de este martes un recurso de protecci\u00f3n en el Juzgado de Familia de esta comuna, a favor de la lactante.<\/p>\n<p><strong>MOMENTO EN QUE LA ENCUENTRAN<\/strong><\/p>\n<p>La menor fue encontrada cerca de las 21 horas por Cristi\u00e1n Vergara, un estudiante de Tecnolog\u00eda M\u00e9dica que vive en la residencial ubicada en calle Dardignac N\u00ba10.<\/p>\n<p>Esa noche se encontraba en la residencia cuando escucharon que tocaban el timbre y se dirigi\u00f3 a abrir la puerta, encontr\u00e1ndose con un bulto movi\u00e9ndose.<\/p>\n<p>\u00abPens\u00e9 que era un animal abandonado, pero luego, vi la cara de la beb\u00e9 y sin llanto y veo para todos lados a ver si estaba la madre\u00bb.<\/p>\n<p>Ayudado por dos pensionistas m\u00e1s que son estudiantes de enfermer\u00eda, entraron a la reci\u00e9n nacida y la acercaron a la estufa para que no perdiera la temperatura. Los j\u00f3venes constataron que la menor se encontraba con vida, la limpiaron y trenzaron el cord\u00f3n umbilical, que ven\u00eda cortado de manera irregular con un cuchillo de casa, seg\u00fan Cristi\u00e1n.<\/p>\n<p>\u00abNosotros calculamos que no ten\u00eda m\u00e1s de una hora de vida, estaba envuelta en una toalla, con bastante sangre\u00bb, sostuvo Cristi\u00e1n, lo que hace pensar a estos estudiantes que la madre podr\u00eda haber tenido una hemorragia en el momento del parto, lo que har\u00eda suponer que en cualquier momento se presente en un centro asistencial, por el peligro de producir alguna infecci\u00f3n.<\/p>\n<p>Luego de estabilizar a la menor, los j\u00f3venes llamaron a Carabineros y al Samu, quienes se hicieron presentes en el lugar, trasladando a la reci\u00e9n nacida al hospital San Camilo, donde fue evaluada y hospitalizada para realizarle distintos ex\u00e1menes.<\/p>\n<p><strong>CHOQUEADOS<\/strong><\/p>\n<p>Cristi\u00e1n sostuvo que producto del impacto que le produjo la situaci\u00f3n, no alcanz\u00f3 a ver quien podr\u00eda haber dejado a la ni\u00f1a en la casa, aunque alcanz\u00f3 a percatarse de la presencia de una joven en la esquina de la calle, quien se mov\u00eda de un lugar a otro, pero al intentar auxiliar a la menor en ese momento, de inmediato ingres\u00f3 a su domicilio.<\/p>\n<p>\u00abMuchos quedamos preocupados por saber c\u00f3mo estaba, en qu\u00e9 situaci\u00f3n lleg\u00f3 al hospital, la mayor\u00eda quedamos choqueados en el momento, porque no todos los d\u00edas recibes una beb\u00e9 en la puerta de la casa, a s\u00f3lo horas de nacida\u00bb.<\/p>\n<p>En tanto la PDI, encargada por el fiscal Osvaldo Basso de seguir con el procedimiento, contin\u00faa con la investigaci\u00f3n para determinar la identidad y el paradero de la madre de la menor.<\/p>\n<div class=\"tiled-gallery type-rectangular tiled-gallery-unresized\" data-original-width=\"640\" data-carousel-extra='null' itemscope itemtype=\"http:\/\/schema.org\/ImageGallery\" > <div class=\"gallery-row\" style=\"width: 640px; height: 324px;\" data-original-width=\"640\" data-original-height=\"324\" > <div class=\"gallery-group images-1\" style=\"width: 431px; height: 324px;\" data-original-width=\"431\" data-original-height=\"324\" > <div class=\"tiled-gallery-item tiled-gallery-item-large\" itemprop=\"associatedMedia\" itemscope itemtype=\"http:\/\/schema.org\/ImageObject\"> <a href=\"https:\/\/i0.wp.com\/eltrabajo.cl\/portal\/wp-content\/uploads\/2012\/09\/bebe-2.jpg?ssl=1\" border=\"0\" itemprop=\"url\"> <meta itemprop=\"width\" content=\"427\"> <meta itemprop=\"height\" content=\"320\"> <img decoding=\"async\" class=\"\" data-attachment-id=\"23760\" data-orig-file=\"https:\/\/eltrabajo.cl\/portal\/wp-content\/uploads\/2012\/09\/bebe-2.jpg\" data-orig-size=\"529,397\" data-comments-opened=\"1\" data-image-meta=\"{&quot;aperture&quot;:&quot;0&quot;,&quot;credit&quot;:&quot;&quot;,&quot;camera&quot;:&quot;&quot;,&quot;caption&quot;:&quot;&quot;,&quot;created_timestamp&quot;:&quot;0&quot;,&quot;copyright&quot;:&quot;&quot;,&quot;focal_length&quot;:&quot;0&quot;,&quot;iso&quot;:&quot;0&quot;,&quot;shutter_speed&quot;:&quot;0&quot;,&quot;title&quot;:&quot;&quot;}\" data-image-title=\"Esta foto fue captada poco despu\u00e9s del hallazgo, cuando ya los j\u00f3venes lograron estabilizarla despu\u00e9s de proceder a cortar en forma adecuada el cord\u00f3n umbilical.\" data-image-description=\"\" data-medium-file=\"https:\/\/i0.wp.com\/eltrabajo.cl\/portal\/wp-content\/uploads\/2012\/09\/bebe-2.jpg?fit=300%2C225&#038;ssl=1\" data-large-file=\"https:\/\/i0.wp.com\/eltrabajo.cl\/portal\/wp-content\/uploads\/2012\/09\/bebe-2.jpg?fit=529%2C397&#038;ssl=1\" src=\"https:\/\/i0.wp.com\/eltrabajo.cl\/portal\/wp-content\/uploads\/2012\/09\/bebe-2.jpg?w=427&#038;h=320&#038;ssl=1\" srcset=\"https:\/\/i0.wp.com\/eltrabajo.cl\/portal\/wp-content\/uploads\/2012\/09\/bebe-2.jpg?w=529&amp;ssl=1 529w, https:\/\/i0.wp.com\/eltrabajo.cl\/portal\/wp-content\/uploads\/2012\/09\/bebe-2.jpg?resize=200%2C150&amp;ssl=1 200w, https:\/\/i0.wp.com\/eltrabajo.cl\/portal\/wp-content\/uploads\/2012\/09\/bebe-2.jpg?resize=300%2C225&amp;ssl=1 300w, https:\/\/i0.wp.com\/eltrabajo.cl\/portal\/wp-content\/uploads\/2012\/09\/bebe-2.jpg?resize=150%2C112&amp;ssl=1 150w, https:\/\/i0.wp.com\/eltrabajo.cl\/portal\/wp-content\/uploads\/2012\/09\/bebe-2.jpg?resize=400%2C300&amp;ssl=1 400w\" width=\"427\" height=\"320\" loading=\"lazy\" data-original-width=\"427\" data-original-height=\"320\" itemprop=\"http:\/\/schema.org\/image\" title=\"Esta foto fue captada poco despu\u00e9s del hallazgo, cuando ya los j\u00f3venes lograron estabilizarla despu\u00e9s de proceder a cortar en forma adecuada el cord\u00f3n umbilical.\" alt=\"Esta foto fue captada poco despu\u00e9s del hallazgo, cuando ya los j\u00f3venes lograron estabilizarla despu\u00e9s de proceder a cortar en forma adecuada el cord\u00f3n umbilical.\" style=\"width: 427px; height: 320px;\" \/> <\/a> <\/div> <\/div> <!-- close group --> <div class=\"gallery-group images-2\" style=\"width: 209px; height: 324px;\" data-original-width=\"209\" data-original-height=\"324\" > <div class=\"tiled-gallery-item tiled-gallery-item-small\" itemprop=\"associatedMedia\" itemscope itemtype=\"http:\/\/schema.org\/ImageObject\"> <a href=\"https:\/\/i0.wp.com\/eltrabajo.cl\/portal\/wp-content\/uploads\/2012\/09\/equipo-medico-2.jpg?ssl=1\" border=\"0\" itemprop=\"url\"> <meta itemprop=\"width\" content=\"205\"> <meta itemprop=\"height\" content=\"154\"> <img decoding=\"async\" class=\"\" data-attachment-id=\"23761\" data-orig-file=\"https:\/\/eltrabajo.cl\/portal\/wp-content\/uploads\/2012\/09\/equipo-medico-2.jpg\" data-orig-size=\"529,397\" data-comments-opened=\"1\" data-image-meta=\"{&quot;aperture&quot;:&quot;0&quot;,&quot;credit&quot;:&quot;&quot;,&quot;camera&quot;:&quot;&quot;,&quot;caption&quot;:&quot;&quot;,&quot;created_timestamp&quot;:&quot;0&quot;,&quot;copyright&quot;:&quot;&quot;,&quot;focal_length&quot;:&quot;0&quot;,&quot;iso&quot;:&quot;0&quot;,&quot;shutter_speed&quot;:&quot;0&quot;,&quot;title&quot;:&quot;&quot;}\" data-image-title=\"Este es el equipo m\u00e9dico que est\u00e1 a cargo de monitorear a la menor, que fue abandonada s\u00f3lo con horas de vida.\" data-image-description=\"\" data-medium-file=\"https:\/\/i0.wp.com\/eltrabajo.cl\/portal\/wp-content\/uploads\/2012\/09\/equipo-medico-2.jpg?fit=300%2C225&#038;ssl=1\" data-large-file=\"https:\/\/i0.wp.com\/eltrabajo.cl\/portal\/wp-content\/uploads\/2012\/09\/equipo-medico-2.jpg?fit=529%2C397&#038;ssl=1\" src=\"https:\/\/i0.wp.com\/eltrabajo.cl\/portal\/wp-content\/uploads\/2012\/09\/equipo-medico-2.jpg?w=205&#038;h=154&#038;ssl=1\" srcset=\"https:\/\/i0.wp.com\/eltrabajo.cl\/portal\/wp-content\/uploads\/2012\/09\/equipo-medico-2.jpg?w=529&amp;ssl=1 529w, https:\/\/i0.wp.com\/eltrabajo.cl\/portal\/wp-content\/uploads\/2012\/09\/equipo-medico-2.jpg?resize=200%2C150&amp;ssl=1 200w, https:\/\/i0.wp.com\/eltrabajo.cl\/portal\/wp-content\/uploads\/2012\/09\/equipo-medico-2.jpg?resize=300%2C225&amp;ssl=1 300w, https:\/\/i0.wp.com\/eltrabajo.cl\/portal\/wp-content\/uploads\/2012\/09\/equipo-medico-2.jpg?resize=150%2C112&amp;ssl=1 150w, https:\/\/i0.wp.com\/eltrabajo.cl\/portal\/wp-content\/uploads\/2012\/09\/equipo-medico-2.jpg?resize=400%2C300&amp;ssl=1 400w\" width=\"205\" height=\"154\" loading=\"lazy\" data-original-width=\"205\" data-original-height=\"154\" itemprop=\"http:\/\/schema.org\/image\" title=\"Este es el equipo m\u00e9dico que est\u00e1 a cargo de monitorear a la menor, que fue abandonada s\u00f3lo con horas de vida.\" alt=\"Este es el equipo m\u00e9dico que est\u00e1 a cargo de monitorear a la menor, que fue abandonada s\u00f3lo con horas de vida.\" style=\"width: 205px; height: 154px;\" \/> <\/a> <\/div> <div class=\"tiled-gallery-item tiled-gallery-item-small\" itemprop=\"associatedMedia\" itemscope itemtype=\"http:\/\/schema.org\/ImageObject\"> <a href=\"https:\/\/i0.wp.com\/eltrabajo.cl\/portal\/wp-content\/uploads\/2012\/09\/gaston-del-solar-2.jpg?ssl=1\" border=\"0\" itemprop=\"url\"> <meta itemprop=\"width\" content=\"205\"> <meta itemprop=\"height\" content=\"162\"> <img decoding=\"async\" class=\"\" data-attachment-id=\"23762\" data-orig-file=\"https:\/\/eltrabajo.cl\/portal\/wp-content\/uploads\/2012\/09\/gaston-del-solar-2.jpg\" data-orig-size=\"529,419\" data-comments-opened=\"1\" data-image-meta=\"{&quot;aperture&quot;:&quot;0&quot;,&quot;credit&quot;:&quot;&quot;,&quot;camera&quot;:&quot;&quot;,&quot;caption&quot;:&quot;&quot;,&quot;created_timestamp&quot;:&quot;0&quot;,&quot;copyright&quot;:&quot;&quot;,&quot;focal_length&quot;:&quot;0&quot;,&quot;iso&quot;:&quot;0&quot;,&quot;shutter_speed&quot;:&quot;0&quot;,&quot;title&quot;:&quot;&quot;}\" data-image-title=\"Gaston del Solar, jefe de Neonatolog\u00eda, inform\u00f3 que la menor ingres\u00f3 con una leve hipotermia, pero que con el transcurso de las horas recuper\u00f3 la temperatura.\" data-image-description=\"\" data-medium-file=\"https:\/\/i0.wp.com\/eltrabajo.cl\/portal\/wp-content\/uploads\/2012\/09\/gaston-del-solar-2.jpg?fit=300%2C237&#038;ssl=1\" data-large-file=\"https:\/\/i0.wp.com\/eltrabajo.cl\/portal\/wp-content\/uploads\/2012\/09\/gaston-del-solar-2.jpg?fit=529%2C419&#038;ssl=1\" src=\"https:\/\/i0.wp.com\/eltrabajo.cl\/portal\/wp-content\/uploads\/2012\/09\/gaston-del-solar-2.jpg?w=205&#038;h=162&#038;ssl=1\" srcset=\"https:\/\/i0.wp.com\/eltrabajo.cl\/portal\/wp-content\/uploads\/2012\/09\/gaston-del-solar-2.jpg?w=529&amp;ssl=1 529w, https:\/\/i0.wp.com\/eltrabajo.cl\/portal\/wp-content\/uploads\/2012\/09\/gaston-del-solar-2.jpg?resize=189%2C150&amp;ssl=1 189w, https:\/\/i0.wp.com\/eltrabajo.cl\/portal\/wp-content\/uploads\/2012\/09\/gaston-del-solar-2.jpg?resize=300%2C237&amp;ssl=1 300w, https:\/\/i0.wp.com\/eltrabajo.cl\/portal\/wp-content\/uploads\/2012\/09\/gaston-del-solar-2.jpg?resize=150%2C118&amp;ssl=1 150w, https:\/\/i0.wp.com\/eltrabajo.cl\/portal\/wp-content\/uploads\/2012\/09\/gaston-del-solar-2.jpg?resize=400%2C316&amp;ssl=1 400w\" width=\"205\" height=\"162\" loading=\"lazy\" data-original-width=\"205\" data-original-height=\"162\" itemprop=\"http:\/\/schema.org\/image\" title=\"Gaston del Solar, jefe de Neonatolog\u00eda, inform\u00f3 que la menor ingres\u00f3 con una leve hipotermia, pero que con el transcurso de las horas recuper\u00f3 la temperatura.\" alt=\"Gaston del Solar, jefe de Neonatolog\u00eda, inform\u00f3 que la menor ingres\u00f3 con una leve hipotermia, pero que con el transcurso de las horas recuper\u00f3 la temperatura.\" style=\"width: 205px; height: 162px;\" \/> <\/a> <\/div> <\/div> <!-- close group --> <\/div> <!-- close row --> <\/div>\n","protected":false},"excerpt":{"rendered":"<p>J\u00f3venes que la encontraron quedaron choqueados con la situaci\u00f3n, pero de inmediato realizaron las acciones para estabilizarla, ya que ven\u00eda ba\u00f1ada en sangre y con cord\u00f3n umbilical mal cortado. Aproximadamente con 41&#8230;<\/p>\n","protected":false},"author":482,"featured_media":23760,"comment_status":"open","ping_status":"closed","sticky":false,"template":"","format":"standard","meta":{"advanced_seo_description":"","jetpack_seo_html_title":"","jetpack_seo_noindex":false,"_jetpack_memberships_contains_paid_content":false,"footnotes":""},"categories":[21],"tags":[],"class_list":["post-23759","post","type-post","status-publish","format-standard","has-post-thumbnail","hentry","category-policial"],"jetpack_featured_media_url":"https:\/\/i0.wp.com\/eltrabajo.cl\/portal\/wp-content\/uploads\/2012\/09\/bebe-2.jpg?fit=529%2C397&ssl=1","jetpack_sharing_enabled":true,"jetpack_likes_enabled":true,"jetpack-related-posts":[],"_links":{"self":[{"href":"https:\/\/eltrabajo.cl\/portal\/wp-json\/wp\/v2\/posts\/23759","targetHints":{"allow":["GET"]}}],"collection":[{"href":"https:\/\/eltrabajo.cl\/portal\/wp-json\/wp\/v2\/posts"}],"about":[{"href":"https:\/\/eltrabajo.cl\/portal\/wp-json\/wp\/v2\/types\/post"}],"author":[{"embeddable":true,"href":"https:\/\/eltrabajo.cl\/portal\/wp-json\/wp\/v2\/users\/482"}],"replies":[{"embeddable":true,"href":"https:\/\/eltrabajo.cl\/portal\/wp-json\/wp\/v2\/comments?post=23759"}],"version-history":[{"count":0,"href":"https:\/\/eltrabajo.cl\/portal\/wp-json\/wp\/v2\/posts\/23759\/revisions"}],"wp:featuredmedia":[{"embeddable":true,"href":"https:\/\/eltrabajo.cl\/portal\/wp-json\/wp\/v2\/media\/23760"}],"wp:attachment":[{"href":"https:\/\/eltrabajo.cl\/portal\/wp-json\/wp\/v2\/media?parent=23759"}],"wp:term":[{"taxonomy":"category","embeddable":true,"href":"https:\/\/eltrabajo.cl\/portal\/wp-json\/wp\/v2\/categories?post=23759"},{"taxonomy":"post_tag","embeddable":true,"href":"https:\/\/eltrabajo.cl\/portal\/wp-json\/wp\/v2\/tags?post=23759"}],"curies":[{"name":"wp","href":"https:\/\/api.w.org\/{rel}","templated":true}]}}