{"id":23780,"date":"2012-09-13T09:15:34","date_gmt":"2012-09-13T12:15:34","guid":{"rendered":"http:\/\/www.eltrabajo.cl\/portal\/?p=23780"},"modified":"2012-09-13T09:15:34","modified_gmt":"2012-09-13T12:15:34","slug":"alumnos-upla-de-pedagogia-basica-rural-protestaron-por-termino-de-carrera","status":"publish","type":"post","link":"https:\/\/eltrabajo.cl\/portal\/alumnos-upla-de-pedagogia-basica-rural-protestaron-por-termino-de-carrera\/","title":{"rendered":"Alumnos Upla de Pedagog\u00eda B\u00e1sica Rural protestaron por t\u00e9rmino de carrera"},"content":{"rendered":"<figure id=\"attachment_23781\" aria-describedby=\"caption-attachment-23781\" style=\"width: 529px\" class=\"wp-caption alignnone\"><a href=\"http:\/\/www.eltrabajo.cl\/portal\/2012\/09\/alumnos-upla-de-pedagogia-basica-rural-protestaron-por-termino-de-carrera\/protesta-1\/\" rel=\"attachment wp-att-23781\"><img data-recalc-dims=\"1\" loading=\"lazy\" decoding=\"async\" class=\"size-full wp-image-23781\" title=\"Los estudiantes protestaron por la decisi\u00f3n de la Universidad de terminar con la carrera a partir del a\u00f1o 2013. \" src=\"https:\/\/i0.wp.com\/www.eltrabajo.cl\/portal\/wp-content\/uploads\/2012\/09\/protesta-1.jpg?resize=529%2C397\" alt=\"\" width=\"529\" height=\"397\" srcset=\"https:\/\/i0.wp.com\/eltrabajo.cl\/portal\/wp-content\/uploads\/2012\/09\/protesta-1.jpg?w=529&amp;ssl=1 529w, https:\/\/i0.wp.com\/eltrabajo.cl\/portal\/wp-content\/uploads\/2012\/09\/protesta-1.jpg?resize=200%2C150&amp;ssl=1 200w, https:\/\/i0.wp.com\/eltrabajo.cl\/portal\/wp-content\/uploads\/2012\/09\/protesta-1.jpg?resize=300%2C225&amp;ssl=1 300w, https:\/\/i0.wp.com\/eltrabajo.cl\/portal\/wp-content\/uploads\/2012\/09\/protesta-1.jpg?resize=150%2C112&amp;ssl=1 150w, https:\/\/i0.wp.com\/eltrabajo.cl\/portal\/wp-content\/uploads\/2012\/09\/protesta-1.jpg?resize=400%2C300&amp;ssl=1 400w\" sizes=\"auto, (max-width: 529px) 100vw, 529px\" \/><\/a><figcaption id=\"caption-attachment-23781\" class=\"wp-caption-text\">Los estudiantes protestaron por la decisi\u00f3n de la Universidad de terminar con la carrera a partir del a\u00f1o 2013.<\/figcaption><\/figure>\n<p>Los estudiantes de la carrera de Educaci\u00f3n B\u00e1sica con menci\u00f3n en ruralidad de la Universidad de Playa Ancha en San Felipe, realizaron una manifestaci\u00f3n pac\u00edfica en la Plaza C\u00edvica para protestar por el t\u00e9rmino de la especialidad para el pr\u00f3ximo a\u00f1o.<\/p>\n<p>Seg\u00fan explicaron los alumnos, que llegaron con un lienzo para protestar por la decisi\u00f3n, la medida habr\u00eda sido tomada por los decanos de la casa central en Valpara\u00edso, sin entregar argumentos s\u00f3lidos de la situaci\u00f3n.<\/p>\n<p>La decisi\u00f3n gener\u00f3 preocupaci\u00f3n entre los alumnos, quienes aunque no se ven afectados, ya que ellos ya se encuentran cursando estudios, protestaron ya que para el a\u00f1o 2013 se termina la especialidad, la que les permite desarrollarse en las escuelas del \u00e1rea rural, donde las condiciones de trabajo con los ni\u00f1os son bastante distintas al \u00e1rea urbana.<\/p>\n<p>Los j\u00f3venes organizados se trasladar\u00e1n a Valpara\u00edso este jueves para poder revertir la decisi\u00f3n, que seg\u00fan argumentan, tomaron los decanos sin conocer la realidad de la zona.<\/p>\n<p>Esa decisi\u00f3n se fundamentar\u00eda en la baja matr\u00edcula que se produce todos los a\u00f1os con esta menci\u00f3n, a diferencia de lo que ocurre en Pedagog\u00eda en Educaci\u00f3n B\u00e1sica, donde entran m\u00e1s alumnos.<\/p>\n<p>Los j\u00f3venes se encuentran molestos, ya que, seg\u00fan argumentan, los estudios que han cursado les permiten desempe\u00f1arse en cursos combinados, con ni\u00f1os de distintas edades y niveles en una misma sala, una situaci\u00f3n bastante com\u00fan en el \u00e1rea rural, a diferencia de lo que ocurre con profesores de Ense\u00f1anza General B\u00e1sica, que no tienen esa preparaci\u00f3n.<\/p>\n<p>&nbsp;<\/p>\n<p>&nbsp;<\/p>\n","protected":false},"excerpt":{"rendered":"<p>Los estudiantes de la carrera de Educaci\u00f3n B\u00e1sica con menci\u00f3n en ruralidad de la Universidad de Playa Ancha en San Felipe, realizaron una manifestaci\u00f3n pac\u00edfica en la Plaza C\u00edvica para protestar por&#8230;<\/p>\n","protected":false},"author":482,"featured_media":23781,"comment_status":"open","ping_status":"closed","sticky":false,"template":"","format":"standard","meta":{"advanced_seo_description":"","jetpack_seo_html_title":"","jetpack_seo_noindex":false,"_jetpack_memberships_contains_paid_content":false,"footnotes":""},"categories":[15],"tags":[],"class_list":["post-23780","post","type-post","status-publish","format-standard","has-post-thumbnail","hentry","category-comunidad"],"jetpack_featured_media_url":"https:\/\/i0.wp.com\/eltrabajo.cl\/portal\/wp-content\/uploads\/2012\/09\/protesta-1.jpg?fit=529%2C397&ssl=1","jetpack_sharing_enabled":true,"jetpack_likes_enabled":true,"jetpack-related-posts":[],"_links":{"self":[{"href":"https:\/\/eltrabajo.cl\/portal\/wp-json\/wp\/v2\/posts\/23780","targetHints":{"allow":["GET"]}}],"collection":[{"href":"https:\/\/eltrabajo.cl\/portal\/wp-json\/wp\/v2\/posts"}],"about":[{"href":"https:\/\/eltrabajo.cl\/portal\/wp-json\/wp\/v2\/types\/post"}],"author":[{"embeddable":true,"href":"https:\/\/eltrabajo.cl\/portal\/wp-json\/wp\/v2\/users\/482"}],"replies":[{"embeddable":true,"href":"https:\/\/eltrabajo.cl\/portal\/wp-json\/wp\/v2\/comments?post=23780"}],"version-history":[{"count":0,"href":"https:\/\/eltrabajo.cl\/portal\/wp-json\/wp\/v2\/posts\/23780\/revisions"}],"wp:featuredmedia":[{"embeddable":true,"href":"https:\/\/eltrabajo.cl\/portal\/wp-json\/wp\/v2\/media\/23781"}],"wp:attachment":[{"href":"https:\/\/eltrabajo.cl\/portal\/wp-json\/wp\/v2\/media?parent=23780"}],"wp:term":[{"taxonomy":"category","embeddable":true,"href":"https:\/\/eltrabajo.cl\/portal\/wp-json\/wp\/v2\/categories?post=23780"},{"taxonomy":"post_tag","embeddable":true,"href":"https:\/\/eltrabajo.cl\/portal\/wp-json\/wp\/v2\/tags?post=23780"}],"curies":[{"name":"wp","href":"https:\/\/api.w.org\/{rel}","templated":true}]}}