{"id":23784,"date":"2012-09-13T09:21:44","date_gmt":"2012-09-13T12:21:44","guid":{"rendered":"http:\/\/www.eltrabajo.cl\/portal\/?p=23784"},"modified":"2012-09-13T09:21:44","modified_gmt":"2012-09-13T12:21:44","slug":"abuela-de-83-anos-organiza-la-mejor-fiesta-huasa-en-el-rincon-troyano","status":"publish","type":"post","link":"https:\/\/eltrabajo.cl\/portal\/abuela-de-83-anos-organiza-la-mejor-fiesta-huasa-en-el-rincon-troyano\/","title":{"rendered":"Abuela de 83 a\u00f1os organiza la mejor fiesta huasa en el Rinc\u00f3n Troyano"},"content":{"rendered":"<p><a href=\"http:\/\/www.eltrabajo.cl\/portal\/2012\/09\/abuela-de-83-anos-organiza-la-mejor-fiesta-huasa-en-el-rincon-troyano\/troyano1\/\" rel=\"attachment wp-att-23785\"><img data-recalc-dims=\"1\" loading=\"lazy\" decoding=\"async\" class=\"alignnone size-full wp-image-23785\" title=\"Los huasos Ernesto y Guillermo Guti\u00e9rrez acompa\u00f1an a su madre In\u00e9s Jim\u00e9nez, de 83 a\u00f1os, en estas jornadas campestres que ya son tradici\u00f3n en La Troya de San Felipe. \" src=\"https:\/\/i0.wp.com\/www.eltrabajo.cl\/portal\/wp-content\/uploads\/2012\/09\/troyano1.jpg?resize=528%2C393\" alt=\"\" width=\"528\" height=\"393\" srcset=\"https:\/\/i0.wp.com\/eltrabajo.cl\/portal\/wp-content\/uploads\/2012\/09\/troyano1.jpg?w=528&amp;ssl=1 528w, https:\/\/i0.wp.com\/eltrabajo.cl\/portal\/wp-content\/uploads\/2012\/09\/troyano1.jpg?resize=200%2C148&amp;ssl=1 200w, https:\/\/i0.wp.com\/eltrabajo.cl\/portal\/wp-content\/uploads\/2012\/09\/troyano1.jpg?resize=300%2C223&amp;ssl=1 300w, https:\/\/i0.wp.com\/eltrabajo.cl\/portal\/wp-content\/uploads\/2012\/09\/troyano1.jpg?resize=150%2C111&amp;ssl=1 150w, https:\/\/i0.wp.com\/eltrabajo.cl\/portal\/wp-content\/uploads\/2012\/09\/troyano1.jpg?resize=400%2C297&amp;ssl=1 400w\" sizes=\"auto, (max-width: 528px) 100vw, 528px\" \/><\/a><\/p>\n<p>Roberto Gonz\u00e1lez Short &#8211; rgonzalez@eltrabajo.cl<\/p>\n<p>La costumbre de realizar fiestas huasas con trillas y ramadas todos los a\u00f1os en el conocido Rinc\u00f3n Troyano y en las que este s\u00e1bado 15 tambi\u00e9n se honrar\u00e1n los dos siglos de nuestra Independencia, siguen vigentes y usted no puede perd\u00e9rselas. Iniciar\u00e1n el s\u00e1bado a las 21:00 horas y continuar\u00e1n hasta el martes 18 de septiembre.<\/p>\n<p>\u201cMi abuelo inici\u00f3 las trillas y fiestas huasas hace muchos a\u00f1os en el Valle de Aconcagua, mis padres continuaron con esa tradici\u00f3n y ahora las realizamos mis dos hermanos y nuestra madre\u201d, coment\u00f3 a Diario El Trabajo Guillermo Guti\u00e9rrez, organizador de estas actividades del Rinc\u00f3n Troyano.<\/p>\n<p>\u201cYo aprend\u00ed a fabricar vinos, licores, chicha, tragos como \u2018El Canelita\u2019, \u2018Mistela\u2019, \u2018Terremoto\u2019 y \u2018Apiao\u2019. Mis hijos y yo seguimos esta tradici\u00f3n y esperamos que lleguen unas 1.000 personas, las autoridades estar\u00e1n aqu\u00ed el s\u00e1bado para inaugurar la fiesta huasa\u201d, detall\u00f3 la se\u00f1ora In\u00e9s Jim\u00e9nez.<\/p>\n<p>Efectivamente, estas actividades se inaugurar\u00e1n a las nueve de la noche del s\u00e1bado, el domingo y lunes desde las 16:00 horas son las fiestas huasas y el martes el jolgorio ser\u00e1 desde las diez de la ma\u00f1ana, habr\u00e1n juegos para los ni\u00f1os y pruebas ecuestres durante todos los d\u00edas.<\/p>\n<p>\u201cHabr\u00e1n premios \u2018sorpresa\u2019, tendremos tambi\u00e9n la participaci\u00f3n de los grupos musicales Fragua, Los Parranderos y el Club de Huasos, estos artistas regionales animar\u00e1n y actuar\u00e1n para los presentes\u201d, agreg\u00f3 Guillermo Guti\u00e9rrez.<\/p>\n<p>\u2018Los Guti\u00e9rrez\u2019 es una tradicional familia de huasos que vive en La Troya, realizan actividades propiamente campesinas, aunque desde 2003 cuando muri\u00f3 El Huaso Guti\u00e9rrez\u2019 el inter\u00e9s por estas ramadas hab\u00eda bajado un poco, nuevamente los huasos Juan, Ernesto y Guillermo Guti\u00e9rrez, ofrecen esta tradicional convocatoria.<\/p>\n<div class=\"tiled-gallery type-rectangular tiled-gallery-unresized\" data-original-width=\"640\" data-carousel-extra='null' itemscope itemtype=\"http:\/\/schema.org\/ImageGallery\" > <div class=\"gallery-row\" style=\"width: 640px; height: 233px;\" data-original-width=\"640\" data-original-height=\"233\" > <div class=\"gallery-group images-1\" style=\"width: 312px; height: 233px;\" data-original-width=\"312\" data-original-height=\"233\" > <div class=\"tiled-gallery-item tiled-gallery-item-large\" itemprop=\"associatedMedia\" itemscope itemtype=\"http:\/\/schema.org\/ImageObject\"> <a href=\"https:\/\/i0.wp.com\/eltrabajo.cl\/portal\/wp-content\/uploads\/2012\/09\/troyano1.jpg?ssl=1\" border=\"0\" itemprop=\"url\"> <meta itemprop=\"width\" content=\"308\"> <meta itemprop=\"height\" content=\"229\"> <img decoding=\"async\" class=\"\" data-attachment-id=\"23785\" data-orig-file=\"https:\/\/eltrabajo.cl\/portal\/wp-content\/uploads\/2012\/09\/troyano1.jpg\" data-orig-size=\"528,393\" data-comments-opened=\"1\" data-image-meta=\"{&quot;aperture&quot;:&quot;0&quot;,&quot;credit&quot;:&quot;&quot;,&quot;camera&quot;:&quot;&quot;,&quot;caption&quot;:&quot;&quot;,&quot;created_timestamp&quot;:&quot;0&quot;,&quot;copyright&quot;:&quot;&quot;,&quot;focal_length&quot;:&quot;0&quot;,&quot;iso&quot;:&quot;0&quot;,&quot;shutter_speed&quot;:&quot;0&quot;,&quot;title&quot;:&quot;&quot;}\" data-image-title=\"Los huasos Ernesto y Guillermo Guti\u00e9rrez acompa\u00f1an a su madre In\u00e9s Jim\u00e9nez, de 83 a\u00f1os, en estas jornadas campestres que ya son tradici\u00f3n en La Troya de San Felipe. \" data-image-description=\"\" data-medium-file=\"https:\/\/i0.wp.com\/eltrabajo.cl\/portal\/wp-content\/uploads\/2012\/09\/troyano1.jpg?fit=300%2C223&#038;ssl=1\" data-large-file=\"https:\/\/i0.wp.com\/eltrabajo.cl\/portal\/wp-content\/uploads\/2012\/09\/troyano1.jpg?fit=528%2C393&#038;ssl=1\" src=\"https:\/\/i0.wp.com\/eltrabajo.cl\/portal\/wp-content\/uploads\/2012\/09\/troyano1.jpg?w=308&#038;h=229&#038;ssl=1\" srcset=\"https:\/\/i0.wp.com\/eltrabajo.cl\/portal\/wp-content\/uploads\/2012\/09\/troyano1.jpg?w=528&amp;ssl=1 528w, https:\/\/i0.wp.com\/eltrabajo.cl\/portal\/wp-content\/uploads\/2012\/09\/troyano1.jpg?resize=200%2C148&amp;ssl=1 200w, https:\/\/i0.wp.com\/eltrabajo.cl\/portal\/wp-content\/uploads\/2012\/09\/troyano1.jpg?resize=300%2C223&amp;ssl=1 300w, https:\/\/i0.wp.com\/eltrabajo.cl\/portal\/wp-content\/uploads\/2012\/09\/troyano1.jpg?resize=150%2C111&amp;ssl=1 150w, https:\/\/i0.wp.com\/eltrabajo.cl\/portal\/wp-content\/uploads\/2012\/09\/troyano1.jpg?resize=400%2C297&amp;ssl=1 400w\" width=\"308\" height=\"229\" loading=\"lazy\" data-original-width=\"308\" data-original-height=\"229\" itemprop=\"http:\/\/schema.org\/image\" title=\"Los huasos Ernesto y Guillermo Guti\u00e9rrez acompa\u00f1an a su madre In\u00e9s Jim\u00e9nez, de 83 a\u00f1os, en estas jornadas campestres que ya son tradici\u00f3n en La Troya de San Felipe. \" alt=\"Los huasos Ernesto y Guillermo Guti\u00e9rrez acompa\u00f1an a su madre In\u00e9s Jim\u00e9nez, de 83 a\u00f1os, en estas jornadas campestres que ya son tradici\u00f3n en La Troya de San Felipe.\" style=\"width: 308px; height: 229px;\" \/> <\/a> <\/div> <\/div> <!-- close group --> <div class=\"gallery-group images-1\" style=\"width: 328px; height: 233px;\" data-original-width=\"328\" data-original-height=\"233\" > <div class=\"tiled-gallery-item tiled-gallery-item-large\" itemprop=\"associatedMedia\" itemscope itemtype=\"http:\/\/schema.org\/ImageObject\"> <a href=\"https:\/\/i0.wp.com\/eltrabajo.cl\/portal\/wp-content\/uploads\/2012\/09\/ramada1.jpg?ssl=1\" border=\"0\" itemprop=\"url\"> <meta itemprop=\"width\" content=\"324\"> <meta itemprop=\"height\" content=\"229\"> <img decoding=\"async\" class=\"\" data-attachment-id=\"23786\" data-orig-file=\"https:\/\/eltrabajo.cl\/portal\/wp-content\/uploads\/2012\/09\/ramada1.jpg\" data-orig-size=\"529,375\" data-comments-opened=\"1\" data-image-meta=\"{&quot;aperture&quot;:&quot;0&quot;,&quot;credit&quot;:&quot;&quot;,&quot;camera&quot;:&quot;&quot;,&quot;caption&quot;:&quot;&quot;,&quot;created_timestamp&quot;:&quot;0&quot;,&quot;copyright&quot;:&quot;&quot;,&quot;focal_length&quot;:&quot;0&quot;,&quot;iso&quot;:&quot;0&quot;,&quot;shutter_speed&quot;:&quot;0&quot;,&quot;title&quot;:&quot;&quot;}\" data-image-title=\"La ramada del Rinc\u00f3n Troyano ya est\u00e1 lista para recibir a su p\u00fablico durante estos cuatro d\u00edas de fiestas huasas en La Troya. \" data-image-description=\"\" data-medium-file=\"https:\/\/i0.wp.com\/eltrabajo.cl\/portal\/wp-content\/uploads\/2012\/09\/ramada1.jpg?fit=300%2C212&#038;ssl=1\" data-large-file=\"https:\/\/i0.wp.com\/eltrabajo.cl\/portal\/wp-content\/uploads\/2012\/09\/ramada1.jpg?fit=529%2C375&#038;ssl=1\" src=\"https:\/\/i0.wp.com\/eltrabajo.cl\/portal\/wp-content\/uploads\/2012\/09\/ramada1.jpg?w=324&#038;h=229&#038;ssl=1\" srcset=\"https:\/\/i0.wp.com\/eltrabajo.cl\/portal\/wp-content\/uploads\/2012\/09\/ramada1.jpg?w=529&amp;ssl=1 529w, https:\/\/i0.wp.com\/eltrabajo.cl\/portal\/wp-content\/uploads\/2012\/09\/ramada1.jpg?resize=200%2C141&amp;ssl=1 200w, https:\/\/i0.wp.com\/eltrabajo.cl\/portal\/wp-content\/uploads\/2012\/09\/ramada1.jpg?resize=300%2C212&amp;ssl=1 300w, https:\/\/i0.wp.com\/eltrabajo.cl\/portal\/wp-content\/uploads\/2012\/09\/ramada1.jpg?resize=150%2C106&amp;ssl=1 150w, https:\/\/i0.wp.com\/eltrabajo.cl\/portal\/wp-content\/uploads\/2012\/09\/ramada1.jpg?resize=400%2C283&amp;ssl=1 400w\" width=\"324\" height=\"229\" loading=\"lazy\" data-original-width=\"324\" data-original-height=\"229\" itemprop=\"http:\/\/schema.org\/image\" title=\"La ramada del Rinc\u00f3n Troyano ya est\u00e1 lista para recibir a su p\u00fablico durante estos cuatro d\u00edas de fiestas huasas en La Troya. \" alt=\"La ramada del Rinc\u00f3n Troyano ya est\u00e1 lista para recibir a su p\u00fablico durante estos cuatro d\u00edas de fiestas huasas en La Troya.\" style=\"width: 324px; height: 229px;\" \/> <\/a> <\/div> <\/div> <!-- close group --> <\/div> <!-- close row --> <\/div>\n","protected":false},"excerpt":{"rendered":"<p>Roberto Gonz\u00e1lez Short &#8211; rgonzalez@eltrabajo.cl La costumbre de realizar fiestas huasas con trillas y ramadas todos los a\u00f1os en el conocido Rinc\u00f3n Troyano y en las que este s\u00e1bado 15 tambi\u00e9n se&#8230;<\/p>\n","protected":false},"author":482,"featured_media":23785,"comment_status":"open","ping_status":"closed","sticky":false,"template":"","format":"standard","meta":{"advanced_seo_description":"","jetpack_seo_html_title":"","jetpack_seo_noindex":false,"_jetpack_memberships_contains_paid_content":false,"footnotes":""},"categories":[15],"tags":[],"class_list":["post-23784","post","type-post","status-publish","format-standard","has-post-thumbnail","hentry","category-comunidad"],"jetpack_featured_media_url":"https:\/\/i0.wp.com\/eltrabajo.cl\/portal\/wp-content\/uploads\/2012\/09\/troyano1.jpg?fit=528%2C393&ssl=1","jetpack_sharing_enabled":true,"jetpack_likes_enabled":true,"jetpack-related-posts":[],"_links":{"self":[{"href":"https:\/\/eltrabajo.cl\/portal\/wp-json\/wp\/v2\/posts\/23784","targetHints":{"allow":["GET"]}}],"collection":[{"href":"https:\/\/eltrabajo.cl\/portal\/wp-json\/wp\/v2\/posts"}],"about":[{"href":"https:\/\/eltrabajo.cl\/portal\/wp-json\/wp\/v2\/types\/post"}],"author":[{"embeddable":true,"href":"https:\/\/eltrabajo.cl\/portal\/wp-json\/wp\/v2\/users\/482"}],"replies":[{"embeddable":true,"href":"https:\/\/eltrabajo.cl\/portal\/wp-json\/wp\/v2\/comments?post=23784"}],"version-history":[{"count":0,"href":"https:\/\/eltrabajo.cl\/portal\/wp-json\/wp\/v2\/posts\/23784\/revisions"}],"wp:featuredmedia":[{"embeddable":true,"href":"https:\/\/eltrabajo.cl\/portal\/wp-json\/wp\/v2\/media\/23785"}],"wp:attachment":[{"href":"https:\/\/eltrabajo.cl\/portal\/wp-json\/wp\/v2\/media?parent=23784"}],"wp:term":[{"taxonomy":"category","embeddable":true,"href":"https:\/\/eltrabajo.cl\/portal\/wp-json\/wp\/v2\/categories?post=23784"},{"taxonomy":"post_tag","embeddable":true,"href":"https:\/\/eltrabajo.cl\/portal\/wp-json\/wp\/v2\/tags?post=23784"}],"curies":[{"name":"wp","href":"https:\/\/api.w.org\/{rel}","templated":true}]}}