{"id":32361,"date":"2013-03-25T09:15:11","date_gmt":"2013-03-25T13:15:11","guid":{"rendered":"http:\/\/www.eltrabajo.cl\/portal\/?p=32361"},"modified":"2013-03-25T09:15:21","modified_gmt":"2013-03-25T13:15:21","slug":"exigen-al-municipio-fiscalizar-ordenanza-sobre-el-cableado-en-san-felipe","status":"publish","type":"post","link":"https:\/\/eltrabajo.cl\/portal\/exigen-al-municipio-fiscalizar-ordenanza-sobre-el-cableado-en-san-felipe\/","title":{"rendered":"Exigen al municipio fiscalizar ordenanza sobre el cableado en San Felipe"},"content":{"rendered":"<p><a href=\"http:\/\/www.eltrabajo.cl\/portal\/2013\/03\/exigen-al-municipio-fiscalizar-ordenanza-sobre-el-cableado-en-san-felipe\/rodolfo-silva-6\/\" rel=\"attachment wp-att-32363\"><img data-recalc-dims=\"1\" loading=\"lazy\" decoding=\"async\" class=\"alignleft size-medium wp-image-32363\" title=\"Concejal Rodolfo Silva Gonz\u00e1lez, pide al municipio fiscalizar ordenanza del cableado.\" src=\"https:\/\/i0.wp.com\/www.eltrabajo.cl\/portal\/wp-content\/uploads\/2013\/03\/rodolfo-silva1-300x259.jpg?resize=300%2C259\" alt=\"\" width=\"300\" height=\"259\" srcset=\"https:\/\/i0.wp.com\/eltrabajo.cl\/portal\/wp-content\/uploads\/2013\/03\/rodolfo-silva1.jpg?resize=300%2C259&amp;ssl=1 300w, https:\/\/i0.wp.com\/eltrabajo.cl\/portal\/wp-content\/uploads\/2013\/03\/rodolfo-silva1.jpg?resize=173%2C150&amp;ssl=1 173w, https:\/\/i0.wp.com\/eltrabajo.cl\/portal\/wp-content\/uploads\/2013\/03\/rodolfo-silva1.jpg?resize=150%2C129&amp;ssl=1 150w, https:\/\/i0.wp.com\/eltrabajo.cl\/portal\/wp-content\/uploads\/2013\/03\/rodolfo-silva1.jpg?resize=400%2C345&amp;ssl=1 400w, https:\/\/i0.wp.com\/eltrabajo.cl\/portal\/wp-content\/uploads\/2013\/03\/rodolfo-silva1.jpg?w=529&amp;ssl=1 529w\" sizes=\"auto, (max-width: 300px) 100vw, 300px\" \/><\/a><\/p>\n<p>En una de las \u00faltimas sesiones del Concejo Municipal, el Concejal RN Rodolfo Silva Gonz\u00e1lez trat\u00f3 el tema del cableado en San Felipe. Esto a prop\u00f3sito de las \u00faltimas observaciones hechas por el ex dirigente vecinal H\u00e9ctor Mu\u00f1oz, pionera en reclamar por la nula acci\u00f3n del municipio en cuanto a la fiscalizaci\u00f3n. Coment\u00f3 el Concejal Silva Gonz\u00e1lez, que es bueno que haya una ordenanza desarrollada en el a\u00f1o 2012, publicada en es \u00e9poca, que entr\u00f3 en vigencia despu\u00e9s de seis meses, es decir ya est\u00e1n en vigencia.<\/p>\n<p>Sin embargo, el edil echa de menos una f\u00e9rrea fiscalizaci\u00f3n de esa norma, porque muchas veces uno se encuentra con cables cortados, no sabiendo de que empresa es.<\/p>\n<p>\u00abEsa fiscalizaci\u00f3n la echo de menos, no sabemos si el peso que lleva el cableado es reglamentario para que sean soportados por el poste, que est\u00e1n siendo utilizados\u2026si est\u00e1n a la altura correspondiente que son 4, 2 metros, todos sabemos que eso no existe no se cumple, y ah\u00ed el municipio est\u00e1 perdiendo recursos, porque todo eso tiene un pago cuando las empresas privadas no cumplen con lo correspondiente, poniendo incluso el riesgo de las vidas de las personas\u00bb, sostuvo Silva.<\/p>\n<p>El funcionario recalc\u00f3 que hay problemas cuando hay incendios, emergencias, los bomberos no puede llegar a las casas, en forma adecuada , especialmente en los segundos pisos, \u00abporque hay tendidos el\u00e9ctricos, incluso an\u00f3malos, no bien dise\u00f1ados, por lo tanto mientras esa norma no se cumpla vamos a estar en alerta para que esa ordenanza se haga efectiva, lo otro que me alegro es que se est\u00e9 pensando en un cableado subterr\u00e1neo, porque eso es lo moderno eso es lo que se tiene que efectuar y obligar\u00bb.<\/p>\n<p>Sobre el fallo judicial favorable en Los Andes, el edil se\u00f1al\u00f3 que es bueno, porque se genera una jurisprudencia que ampara al municipio, en el caso que alguna empresa privada se oponga a cumplir esta ordenanza ya se tiene el fallo en Los Andes, \u00abtambi\u00e9n hay un fallo en Valdivia, a favor de los cobros que se tiene que hacer, pero lamentable el cobro no se puede hacer directamente por el municipio, sino que se tienen que hacer a trav\u00e9s de las empresas concesionadas, pero si se puede fiscalizar el cumplimiento de la norma, hasta que el municipio dise\u00f1e los cableados subterr\u00e1neos, ah\u00ed si el costo, como las obras son municipal, el pago va a tener que ser al municipio por parte de las empresas concesionadas\u00bb. Esto en referencias a las obras que se tienen que hacer por el proyecto de mejoramiento del centro que incluye los estacionamientos subterr\u00e1neos. Al finalizar, el edil reiter\u00f3 que el municipio con toda la intervenci\u00f3n hecha durante el concejo debiera comenzar a fiscalizar.<\/p>\n<div class=\"tiled-gallery type-rectangular tiled-gallery-unresized\" data-original-width=\"640\" data-carousel-extra='null' itemscope itemtype=\"http:\/\/schema.org\/ImageGallery\" > <div class=\"gallery-row\" style=\"width: 640px; height: 258px;\" data-original-width=\"640\" data-original-height=\"258\" > <div class=\"gallery-group images-1\" style=\"width: 342px; height: 258px;\" data-original-width=\"342\" data-original-height=\"258\" > <div class=\"tiled-gallery-item tiled-gallery-item-large\" itemprop=\"associatedMedia\" itemscope itemtype=\"http:\/\/schema.org\/ImageObject\"> <a href=\"https:\/\/i0.wp.com\/eltrabajo.cl\/portal\/wp-content\/uploads\/2013\/03\/cableados.jpg?ssl=1\" border=\"0\" itemprop=\"url\"> <meta itemprop=\"width\" content=\"338\"> <meta itemprop=\"height\" content=\"254\"> <img decoding=\"async\" class=\"\" data-attachment-id=\"32362\" data-orig-file=\"https:\/\/eltrabajo.cl\/portal\/wp-content\/uploads\/2013\/03\/cableados.jpg\" data-orig-size=\"529,397\" data-comments-opened=\"1\" data-image-meta=\"{&quot;aperture&quot;:&quot;0&quot;,&quot;credit&quot;:&quot;&quot;,&quot;camera&quot;:&quot;&quot;,&quot;caption&quot;:&quot;&quot;,&quot;created_timestamp&quot;:&quot;0&quot;,&quot;copyright&quot;:&quot;&quot;,&quot;focal_length&quot;:&quot;0&quot;,&quot;iso&quot;:&quot;0&quot;,&quot;shutter_speed&quot;:&quot;0&quot;,&quot;title&quot;:&quot;&quot;}\" data-image-title=\"Este es la contaminaci\u00f3n visual que hace referencia el Concejal Rodolfo Silva Gonz\u00e1lez.\" data-image-description=\"\" data-medium-file=\"https:\/\/i0.wp.com\/eltrabajo.cl\/portal\/wp-content\/uploads\/2013\/03\/cableados.jpg?fit=300%2C225&#038;ssl=1\" data-large-file=\"https:\/\/i0.wp.com\/eltrabajo.cl\/portal\/wp-content\/uploads\/2013\/03\/cableados.jpg?fit=529%2C397&#038;ssl=1\" src=\"https:\/\/i0.wp.com\/eltrabajo.cl\/portal\/wp-content\/uploads\/2013\/03\/cableados.jpg?w=338&#038;h=254&#038;ssl=1\" srcset=\"https:\/\/i0.wp.com\/eltrabajo.cl\/portal\/wp-content\/uploads\/2013\/03\/cableados.jpg?w=529&amp;ssl=1 529w, https:\/\/i0.wp.com\/eltrabajo.cl\/portal\/wp-content\/uploads\/2013\/03\/cableados.jpg?resize=200%2C150&amp;ssl=1 200w, https:\/\/i0.wp.com\/eltrabajo.cl\/portal\/wp-content\/uploads\/2013\/03\/cableados.jpg?resize=300%2C225&amp;ssl=1 300w, https:\/\/i0.wp.com\/eltrabajo.cl\/portal\/wp-content\/uploads\/2013\/03\/cableados.jpg?resize=150%2C112&amp;ssl=1 150w, https:\/\/i0.wp.com\/eltrabajo.cl\/portal\/wp-content\/uploads\/2013\/03\/cableados.jpg?resize=400%2C300&amp;ssl=1 400w\" width=\"338\" height=\"254\" loading=\"lazy\" data-original-width=\"338\" data-original-height=\"254\" itemprop=\"http:\/\/schema.org\/image\" title=\"Este es la contaminaci\u00f3n visual que hace referencia el Concejal Rodolfo Silva Gonz\u00e1lez.\" alt=\"Este es la contaminaci\u00f3n visual que hace referencia el Concejal Rodolfo Silva Gonz\u00e1lez.\" style=\"width: 338px; height: 254px;\" \/> <\/a> <\/div> <\/div> <!-- close group --> <div class=\"gallery-group images-1\" style=\"width: 298px; height: 258px;\" data-original-width=\"298\" data-original-height=\"258\" > <div class=\"tiled-gallery-item tiled-gallery-item-large\" itemprop=\"associatedMedia\" itemscope itemtype=\"http:\/\/schema.org\/ImageObject\"> <a href=\"https:\/\/i0.wp.com\/eltrabajo.cl\/portal\/wp-content\/uploads\/2013\/03\/rodolfo-silva1.jpg?ssl=1\" border=\"0\" itemprop=\"url\"> <meta itemprop=\"width\" content=\"294\"> <meta itemprop=\"height\" content=\"254\"> <img decoding=\"async\" class=\"\" data-attachment-id=\"32363\" data-orig-file=\"https:\/\/eltrabajo.cl\/portal\/wp-content\/uploads\/2013\/03\/rodolfo-silva1.jpg\" data-orig-size=\"529,457\" data-comments-opened=\"1\" data-image-meta=\"{&quot;aperture&quot;:&quot;0&quot;,&quot;credit&quot;:&quot;&quot;,&quot;camera&quot;:&quot;&quot;,&quot;caption&quot;:&quot;&quot;,&quot;created_timestamp&quot;:&quot;0&quot;,&quot;copyright&quot;:&quot;&quot;,&quot;focal_length&quot;:&quot;0&quot;,&quot;iso&quot;:&quot;0&quot;,&quot;shutter_speed&quot;:&quot;0&quot;,&quot;title&quot;:&quot;&quot;}\" data-image-title=\"Concejal Rodolfo Silva Gonz\u00e1lez, pide al municipio fiscalizar ordenanza del cableado.\" data-image-description=\"\" data-medium-file=\"https:\/\/i0.wp.com\/eltrabajo.cl\/portal\/wp-content\/uploads\/2013\/03\/rodolfo-silva1.jpg?fit=300%2C259&#038;ssl=1\" data-large-file=\"https:\/\/i0.wp.com\/eltrabajo.cl\/portal\/wp-content\/uploads\/2013\/03\/rodolfo-silva1.jpg?fit=529%2C457&#038;ssl=1\" src=\"https:\/\/i0.wp.com\/eltrabajo.cl\/portal\/wp-content\/uploads\/2013\/03\/rodolfo-silva1.jpg?w=294&#038;h=254&#038;ssl=1\" srcset=\"https:\/\/i0.wp.com\/eltrabajo.cl\/portal\/wp-content\/uploads\/2013\/03\/rodolfo-silva1.jpg?w=529&amp;ssl=1 529w, https:\/\/i0.wp.com\/eltrabajo.cl\/portal\/wp-content\/uploads\/2013\/03\/rodolfo-silva1.jpg?resize=173%2C150&amp;ssl=1 173w, https:\/\/i0.wp.com\/eltrabajo.cl\/portal\/wp-content\/uploads\/2013\/03\/rodolfo-silva1.jpg?resize=300%2C259&amp;ssl=1 300w, https:\/\/i0.wp.com\/eltrabajo.cl\/portal\/wp-content\/uploads\/2013\/03\/rodolfo-silva1.jpg?resize=150%2C129&amp;ssl=1 150w, https:\/\/i0.wp.com\/eltrabajo.cl\/portal\/wp-content\/uploads\/2013\/03\/rodolfo-silva1.jpg?resize=400%2C345&amp;ssl=1 400w\" width=\"294\" height=\"254\" loading=\"lazy\" data-original-width=\"294\" data-original-height=\"254\" itemprop=\"http:\/\/schema.org\/image\" title=\"Concejal Rodolfo Silva Gonz\u00e1lez, pide al municipio fiscalizar ordenanza del cableado.\" alt=\"Concejal Rodolfo Silva Gonz\u00e1lez, pide al municipio fiscalizar ordenanza del cableado.\" style=\"width: 294px; height: 254px;\" \/> <\/a> <\/div> <\/div> <!-- close group --> <\/div> <!-- close row --> <\/div>\n","protected":false},"excerpt":{"rendered":"<p>En una de las \u00faltimas sesiones del Concejo Municipal, el Concejal RN Rodolfo Silva Gonz\u00e1lez trat\u00f3 el tema del cableado en San Felipe. Esto a prop\u00f3sito de las \u00faltimas observaciones hechas por&#8230;<\/p>\n","protected":false},"author":482,"featured_media":32363,"comment_status":"open","ping_status":"closed","sticky":false,"template":"","format":"standard","meta":{"advanced_seo_description":"","jetpack_seo_html_title":"","jetpack_seo_noindex":false,"_jetpack_memberships_contains_paid_content":false,"footnotes":""},"categories":[1],"tags":[],"class_list":["post-32361","post","type-post","status-publish","format-standard","has-post-thumbnail","hentry","category-cronica"],"jetpack_featured_media_url":"https:\/\/i0.wp.com\/eltrabajo.cl\/portal\/wp-content\/uploads\/2013\/03\/rodolfo-silva1.jpg?fit=529%2C457&ssl=1","jetpack_sharing_enabled":true,"jetpack_likes_enabled":true,"jetpack-related-posts":[],"_links":{"self":[{"href":"https:\/\/eltrabajo.cl\/portal\/wp-json\/wp\/v2\/posts\/32361","targetHints":{"allow":["GET"]}}],"collection":[{"href":"https:\/\/eltrabajo.cl\/portal\/wp-json\/wp\/v2\/posts"}],"about":[{"href":"https:\/\/eltrabajo.cl\/portal\/wp-json\/wp\/v2\/types\/post"}],"author":[{"embeddable":true,"href":"https:\/\/eltrabajo.cl\/portal\/wp-json\/wp\/v2\/users\/482"}],"replies":[{"embeddable":true,"href":"https:\/\/eltrabajo.cl\/portal\/wp-json\/wp\/v2\/comments?post=32361"}],"version-history":[{"count":0,"href":"https:\/\/eltrabajo.cl\/portal\/wp-json\/wp\/v2\/posts\/32361\/revisions"}],"wp:featuredmedia":[{"embeddable":true,"href":"https:\/\/eltrabajo.cl\/portal\/wp-json\/wp\/v2\/media\/32363"}],"wp:attachment":[{"href":"https:\/\/eltrabajo.cl\/portal\/wp-json\/wp\/v2\/media?parent=32361"}],"wp:term":[{"taxonomy":"category","embeddable":true,"href":"https:\/\/eltrabajo.cl\/portal\/wp-json\/wp\/v2\/categories?post=32361"},{"taxonomy":"post_tag","embeddable":true,"href":"https:\/\/eltrabajo.cl\/portal\/wp-json\/wp\/v2\/tags?post=32361"}],"curies":[{"name":"wp","href":"https:\/\/api.w.org\/{rel}","templated":true}]}}