{"id":34693,"date":"2013-05-28T09:18:21","date_gmt":"2013-05-28T13:18:21","guid":{"rendered":"http:\/\/www.eltrabajo.cl\/portal\/?p=34693"},"modified":"2013-05-28T09:18:21","modified_gmt":"2013-05-28T13:18:21","slug":"departamento-medio-ambiente-de-panquehue-realizo-campana-un-nino-un-arbol","status":"publish","type":"post","link":"https:\/\/eltrabajo.cl\/portal\/departamento-medio-ambiente-de-panquehue-realizo-campana-un-nino-un-arbol\/","title":{"rendered":"Departamento Medio Ambiente de Panquehue realiz\u00f3 campa\u00f1a \u2018Un Ni\u00f1o un \u00c1rbol\u2019"},"content":{"rendered":"<figure id=\"attachment_34694\" aria-describedby=\"caption-attachment-34694\" style=\"width: 529px\" class=\"wp-caption alignnone\"><a href=\"https:\/\/i0.wp.com\/www.eltrabajo.cl\/portal\/wp-content\/uploads\/2013\/05\/arbol.jpg\"><img data-recalc-dims=\"1\" loading=\"lazy\" decoding=\"async\" class=\"size-full wp-image-34694\" title=\"Los hijos de los vecinos de la organizaci\u00f3n comunitaria disfrutaron de plantar un \u00e1rbol, el cual era bautizado con el nombre del ni\u00f1o o ni\u00f1a que lo plant\u00f3.\" alt=\"Los hijos de los vecinos de la organizaci\u00f3n comunitaria disfrutaron de plantar un \u00e1rbol, el cual era bautizado con el nombre del ni\u00f1o o ni\u00f1a que lo plant\u00f3.\" src=\"https:\/\/i0.wp.com\/www.eltrabajo.cl\/portal\/wp-content\/uploads\/2013\/05\/arbol.jpg?resize=529%2C397\" width=\"529\" height=\"397\" srcset=\"https:\/\/i0.wp.com\/eltrabajo.cl\/portal\/wp-content\/uploads\/2013\/05\/arbol.jpg?w=529&amp;ssl=1 529w, https:\/\/i0.wp.com\/eltrabajo.cl\/portal\/wp-content\/uploads\/2013\/05\/arbol.jpg?resize=200%2C150&amp;ssl=1 200w, https:\/\/i0.wp.com\/eltrabajo.cl\/portal\/wp-content\/uploads\/2013\/05\/arbol.jpg?resize=300%2C225&amp;ssl=1 300w, https:\/\/i0.wp.com\/eltrabajo.cl\/portal\/wp-content\/uploads\/2013\/05\/arbol.jpg?resize=150%2C112&amp;ssl=1 150w, https:\/\/i0.wp.com\/eltrabajo.cl\/portal\/wp-content\/uploads\/2013\/05\/arbol.jpg?resize=400%2C300&amp;ssl=1 400w\" sizes=\"auto, (max-width: 529px) 100vw, 529px\" \/><\/a><figcaption id=\"caption-attachment-34694\" class=\"wp-caption-text\">Los hijos de los vecinos de la organizaci\u00f3n comunitaria disfrutaron de plantar un \u00e1rbol, el cual era bautizado con el nombre del ni\u00f1o o ni\u00f1a que lo plant\u00f3.<\/figcaption><\/figure>\n<ul>\n<li><strong>En la actividad se don\u00f3 50 \u00e1rboles a la Junta de Vecinos Villa El Bosque.<\/strong><\/li>\n<\/ul>\n<p>Con la finalidad de arborizar m\u00e1s sectores de la comuna, el Departamento de Medio Ambiente de Panquehue efectu\u00f3 la campa\u00f1a \u2018Un Ni\u00f1o un \u00c1rbol\u2019, en la que pobladores de la Junta de Vecinos Villa El Bosques plantaron 50 \u00e1rboles el pasado domingo.<\/p>\n<p>Los vecinos de la organizaci\u00f3n comunitaria participaron activamente con sus respectivos hijos, quienes disfrutaron de plantar un \u00e1rbol, el cual era bautizado con el nombre del ni\u00f1o o ni\u00f1a que lo plant\u00f3.<\/p>\n<p>El presidente de la Junta de Vecinos, Jaime Lazo, se mostr\u00f3 contento con esta iniciativa, porque \u201cnuestra poblaci\u00f3n se ver\u00e1 con m\u00e1s vida y esto contribuir\u00e1 a una variedad de trabajos que efectuaremos para mejorar nuestra poblaci\u00f3n\u201d.<\/p>\n<p>El Alcalde Luis Pradenas particip\u00f3 activamente de la iniciativa y coment\u00f3 que \u201cgracias a la coordinaci\u00f3n del Municipio con la Junta de Vecinos se efectu\u00f3 esta reforestaci\u00f3n, en donde participamos todos en plantar un arbolito en el sector de Villa El Bosque. Adem\u00e1s cada \u00e1rbol lleva el nombre del ni\u00f1o o ni\u00f1a que lo plant\u00f3, lo que ser\u00e1 a\u00fan m\u00e1s significativo que ese ni\u00f1o o ni\u00f1a ver\u00e1 con su respectivo cuidado como va creciendo su \u00e1rbol\u201d.<\/p>\n<p>Entre las especies que se plantaron hab\u00eda Jacarand\u00e1, Liquid\u00e1mbar, entre otras. Ahora se espera continuar con este tipo de actividad colaborando con otras Juntas de Vecinos.<\/p>\n<p>&nbsp;<\/p>\n","protected":false},"excerpt":{"rendered":"<p>En la actividad se don\u00f3 50 \u00e1rboles a la Junta de Vecinos Villa El Bosque. Con la finalidad de arborizar m\u00e1s sectores de la comuna, el Departamento de Medio Ambiente de Panquehue&#8230;<\/p>\n","protected":false},"author":482,"featured_media":34694,"comment_status":"open","ping_status":"closed","sticky":false,"template":"","format":"standard","meta":{"advanced_seo_description":"","jetpack_seo_html_title":"","jetpack_seo_noindex":false,"_jetpack_memberships_contains_paid_content":false,"footnotes":""},"categories":[15],"tags":[],"class_list":["post-34693","post","type-post","status-publish","format-standard","has-post-thumbnail","hentry","category-comunidad"],"jetpack_featured_media_url":"https:\/\/i0.wp.com\/eltrabajo.cl\/portal\/wp-content\/uploads\/2013\/05\/arbol.jpg?fit=529%2C397&ssl=1","jetpack_sharing_enabled":true,"jetpack_likes_enabled":true,"jetpack-related-posts":[],"_links":{"self":[{"href":"https:\/\/eltrabajo.cl\/portal\/wp-json\/wp\/v2\/posts\/34693","targetHints":{"allow":["GET"]}}],"collection":[{"href":"https:\/\/eltrabajo.cl\/portal\/wp-json\/wp\/v2\/posts"}],"about":[{"href":"https:\/\/eltrabajo.cl\/portal\/wp-json\/wp\/v2\/types\/post"}],"author":[{"embeddable":true,"href":"https:\/\/eltrabajo.cl\/portal\/wp-json\/wp\/v2\/users\/482"}],"replies":[{"embeddable":true,"href":"https:\/\/eltrabajo.cl\/portal\/wp-json\/wp\/v2\/comments?post=34693"}],"version-history":[{"count":0,"href":"https:\/\/eltrabajo.cl\/portal\/wp-json\/wp\/v2\/posts\/34693\/revisions"}],"wp:featuredmedia":[{"embeddable":true,"href":"https:\/\/eltrabajo.cl\/portal\/wp-json\/wp\/v2\/media\/34694"}],"wp:attachment":[{"href":"https:\/\/eltrabajo.cl\/portal\/wp-json\/wp\/v2\/media?parent=34693"}],"wp:term":[{"taxonomy":"category","embeddable":true,"href":"https:\/\/eltrabajo.cl\/portal\/wp-json\/wp\/v2\/categories?post=34693"},{"taxonomy":"post_tag","embeddable":true,"href":"https:\/\/eltrabajo.cl\/portal\/wp-json\/wp\/v2\/tags?post=34693"}],"curies":[{"name":"wp","href":"https:\/\/api.w.org\/{rel}","templated":true}]}}