{"id":34804,"date":"2013-05-30T09:40:30","date_gmt":"2013-05-30T13:40:30","guid":{"rendered":"http:\/\/www.eltrabajo.cl\/portal\/?p=34804"},"modified":"2013-05-30T09:40:30","modified_gmt":"2013-05-30T13:40:30","slug":"candidato-presidencial-marcel-claude-visito-radio-10-y-diario-el-trabajo","status":"publish","type":"post","link":"https:\/\/eltrabajo.cl\/portal\/candidato-presidencial-marcel-claude-visito-radio-10-y-diario-el-trabajo\/","title":{"rendered":"Candidato Presidencial Marcel Claude visit\u00f3 Radio 10 y Diario El Trabajo"},"content":{"rendered":"<figure id=\"attachment_34805\" aria-describedby=\"caption-attachment-34805\" style=\"width: 370px\" class=\"wp-caption alignleft\"><a href=\"https:\/\/i0.wp.com\/www.eltrabajo.cl\/portal\/wp-content\/uploads\/2013\/05\/marcel-claude-en-radio10.jpg\"><img data-recalc-dims=\"1\" loading=\"lazy\" decoding=\"async\" class=\" wp-image-34805 \" title=\"En los estudios de Radio 10 y con un ejemplar de Diario El Trabajo frente a \u00e9l, el candidato presidencial Marcel Claude se explay\u00f3 sobre su visi\u00f3n de la sociedad a la que aspira, junto con demostrar que estaba bastante interiorizado de la problem\u00e1tica local.\" alt=\"En los estudios de Radio 10 y con un ejemplar de Diario El Trabajo frente a \u00e9l, el candidato presidencial Marcel Claude se explay\u00f3 sobre su visi\u00f3n de la sociedad a la que aspira, junto con demostrar que estaba bastante interiorizado de la problem\u00e1tica local.\" src=\"https:\/\/i0.wp.com\/www.eltrabajo.cl\/portal\/wp-content\/uploads\/2013\/05\/marcel-claude-en-radio10.jpg?resize=370%2C375\" width=\"370\" height=\"375\" srcset=\"https:\/\/i0.wp.com\/eltrabajo.cl\/portal\/wp-content\/uploads\/2013\/05\/marcel-claude-en-radio10.jpg?w=529&amp;ssl=1 529w, https:\/\/i0.wp.com\/eltrabajo.cl\/portal\/wp-content\/uploads\/2013\/05\/marcel-claude-en-radio10.jpg?resize=148%2C150&amp;ssl=1 148w, https:\/\/i0.wp.com\/eltrabajo.cl\/portal\/wp-content\/uploads\/2013\/05\/marcel-claude-en-radio10.jpg?resize=296%2C300&amp;ssl=1 296w, https:\/\/i0.wp.com\/eltrabajo.cl\/portal\/wp-content\/uploads\/2013\/05\/marcel-claude-en-radio10.jpg?resize=400%2C404&amp;ssl=1 400w\" sizes=\"auto, (max-width: 370px) 100vw, 370px\" \/><\/a><figcaption id=\"caption-attachment-34805\" class=\"wp-caption-text\">En los estudios de Radio 10 y con un ejemplar de Diario El Trabajo frente a \u00e9l, el candidato presidencial Marcel Claude se explay\u00f3 sobre su visi\u00f3n de la sociedad a la que aspira, junto con demostrar que estaba bastante interiorizado de la problem\u00e1tica local.<\/figcaption><\/figure>\n<ul>\n<li><strong>En visita a nuestras oficinas propuso un nuevo C\u00f3digo de Aguas y del Trabajo para enfrentar la sequ\u00eda y los abusos contra los temporeros.<\/strong><\/li>\n<\/ul>\n<p>Contrastando completamente con todo lo que fue el alboroto y empujones de la visita de la candidata Michelle Bachelet a San Felipe, ayer vino a la ciudad el candidato presidencial Marcel Claude, con la finalidad de poder interiorizarse de los problemas del Valle de Aconcagua.<\/p>\n<p>El candidato lleg\u00f3 cerca del medio d\u00eda de ayer a la plaza de armas, donde r\u00e1pidamente se reuni\u00f3 con un grupo de simpatizantes del Partido Humanista que lo esperaban en el principal paseo peatonal de San Felipe.<\/p>\n<p>Luego de eso se reuni\u00f3 con los medios de comunicaci\u00f3n dando a conocer los motivos de su visita a esta ciudad, se\u00f1alando de inmediato que ha estado ac\u00e1 en varias oportunidades, recordando que hizo asesor\u00edas a los trabajadores de Codelco Divisi\u00f3n Andina. Tambi\u00e9n ha venido a dar conferencia a los estudiantes universitarios hace un tiempo.<\/p>\n<p>Sobre el Valle de Aconcagua dijo que ac\u00e1 hay varios problemas como la actividad agr\u00edcola en particular, el problema del agua.<\/p>\n<p>Otro tema que est\u00e1 muy presente es el proyecto 244 de Andina: \u201cAc\u00e1 a nuestro juicio deben plantearse varias l\u00edneas de acci\u00f3n, en primer lugar hay que enfrentar el problema de los trabajadores temporeros, a nosotros nos parece que las situaciones como ellos trabajan, como est\u00e1 regulada la actividad de los trabajadores, es insatisfactoria, ah\u00ed hemos planteado la necesidad de un nuevo C\u00f3digo Laboral, que regule la relaci\u00f3n entre el trabajo y la empresa\u201d, dijo Claude.<\/p>\n<p>Que se establezca el derecho a huelga, equilibren los salarios entre los subcontratistas y los de planta y fin al multirut.<\/p>\n<p>\u201cNosotros queremos fortalecer la capacidad de negociaci\u00f3n de los temporeros, adem\u00e1s no preocupa todo lo que tiene que ver con los pesticidas que afecta el trabajo temporero, eso no est\u00e1 bien regulado\u201d, dijo Claude.<\/p>\n<p>Despu\u00e9s de visitar al alcalde Patricio Freire Canto, se traslad\u00f3 hasta los estudios de la Radio Diez y del Diario El Trabajo, donde indic\u00f3 que no va a participar de las primarias sino que estar\u00e1 en la papeleta de noviembre.<\/p>\n<p>&nbsp;<\/p>\n","protected":false},"excerpt":{"rendered":"<p>En visita a nuestras oficinas propuso un nuevo C\u00f3digo de Aguas y del Trabajo para enfrentar la sequ\u00eda y los abusos contra los temporeros. Contrastando completamente con todo lo que fue el&#8230;<\/p>\n","protected":false},"author":482,"featured_media":34805,"comment_status":"open","ping_status":"closed","sticky":false,"template":"","format":"standard","meta":{"advanced_seo_description":"","jetpack_seo_html_title":"","jetpack_seo_noindex":false,"_jetpack_memberships_contains_paid_content":false,"footnotes":""},"categories":[1],"tags":[],"class_list":["post-34804","post","type-post","status-publish","format-standard","has-post-thumbnail","hentry","category-cronica"],"jetpack_featured_media_url":"https:\/\/i0.wp.com\/eltrabajo.cl\/portal\/wp-content\/uploads\/2013\/05\/marcel-claude-en-radio10.jpg?fit=529%2C535&ssl=1","jetpack_sharing_enabled":true,"jetpack_likes_enabled":true,"jetpack-related-posts":[],"_links":{"self":[{"href":"https:\/\/eltrabajo.cl\/portal\/wp-json\/wp\/v2\/posts\/34804","targetHints":{"allow":["GET"]}}],"collection":[{"href":"https:\/\/eltrabajo.cl\/portal\/wp-json\/wp\/v2\/posts"}],"about":[{"href":"https:\/\/eltrabajo.cl\/portal\/wp-json\/wp\/v2\/types\/post"}],"author":[{"embeddable":true,"href":"https:\/\/eltrabajo.cl\/portal\/wp-json\/wp\/v2\/users\/482"}],"replies":[{"embeddable":true,"href":"https:\/\/eltrabajo.cl\/portal\/wp-json\/wp\/v2\/comments?post=34804"}],"version-history":[{"count":0,"href":"https:\/\/eltrabajo.cl\/portal\/wp-json\/wp\/v2\/posts\/34804\/revisions"}],"wp:featuredmedia":[{"embeddable":true,"href":"https:\/\/eltrabajo.cl\/portal\/wp-json\/wp\/v2\/media\/34805"}],"wp:attachment":[{"href":"https:\/\/eltrabajo.cl\/portal\/wp-json\/wp\/v2\/media?parent=34804"}],"wp:term":[{"taxonomy":"category","embeddable":true,"href":"https:\/\/eltrabajo.cl\/portal\/wp-json\/wp\/v2\/categories?post=34804"},{"taxonomy":"post_tag","embeddable":true,"href":"https:\/\/eltrabajo.cl\/portal\/wp-json\/wp\/v2\/tags?post=34804"}],"curies":[{"name":"wp","href":"https:\/\/api.w.org\/{rel}","templated":true}]}}