{"id":34988,"date":"2013-06-06T09:21:02","date_gmt":"2013-06-06T13:21:02","guid":{"rendered":"http:\/\/www.eltrabajo.cl\/portal\/?p=34988"},"modified":"2013-06-06T09:21:02","modified_gmt":"2013-06-06T13:21:02","slug":"luis-quezada-se-hara-cargo-de-la-seleccion-de-futbol-amateur-de-san-felipe","status":"publish","type":"post","link":"https:\/\/eltrabajo.cl\/portal\/luis-quezada-se-hara-cargo-de-la-seleccion-de-futbol-amateur-de-san-felipe\/","title":{"rendered":"Luis Quezada se har\u00e1 cargo de la Selecci\u00f3n de F\u00fatbol Amateur de San Felipe"},"content":{"rendered":"<figure id=\"attachment_34989\" aria-describedby=\"caption-attachment-34989\" style=\"width: 317px\" class=\"wp-caption alignleft\"><a href=\"https:\/\/i0.wp.com\/www.eltrabajo.cl\/portal\/wp-content\/uploads\/2013\/06\/lucho-quezada-001.jpg\"><img data-recalc-dims=\"1\" loading=\"lazy\" decoding=\"async\" class=\" wp-image-34989 \" title=\"Despu\u00e9s de estar varios a\u00f1os en el f\u00fatbol de Putaendo, el t\u00e9cnico Luis Quezada asumir\u00e1 la direcci\u00f3n t\u00e9cnica del seleccionado de f\u00fatbol aficionado de San Felipe.\" alt=\"Despu\u00e9s de estar varios a\u00f1os en el f\u00fatbol de Putaendo, el t\u00e9cnico Luis Quezada asumir\u00e1 la direcci\u00f3n t\u00e9cnica del seleccionado de f\u00fatbol aficionado de San Felipe.\" src=\"https:\/\/i0.wp.com\/www.eltrabajo.cl\/portal\/wp-content\/uploads\/2013\/06\/lucho-quezada-001.jpg?resize=317%2C293\" width=\"317\" height=\"293\" srcset=\"https:\/\/i0.wp.com\/eltrabajo.cl\/portal\/wp-content\/uploads\/2013\/06\/lucho-quezada-001.jpg?w=529&amp;ssl=1 529w, https:\/\/i0.wp.com\/eltrabajo.cl\/portal\/wp-content\/uploads\/2013\/06\/lucho-quezada-001.jpg?resize=162%2C150&amp;ssl=1 162w, https:\/\/i0.wp.com\/eltrabajo.cl\/portal\/wp-content\/uploads\/2013\/06\/lucho-quezada-001.jpg?resize=300%2C276&amp;ssl=1 300w, https:\/\/i0.wp.com\/eltrabajo.cl\/portal\/wp-content\/uploads\/2013\/06\/lucho-quezada-001.jpg?resize=150%2C138&amp;ssl=1 150w, https:\/\/i0.wp.com\/eltrabajo.cl\/portal\/wp-content\/uploads\/2013\/06\/lucho-quezada-001.jpg?resize=400%2C368&amp;ssl=1 400w\" sizes=\"auto, (max-width: 317px) 100vw, 317px\" \/><\/a><figcaption id=\"caption-attachment-34989\" class=\"wp-caption-text\">Despu\u00e9s de estar varios a\u00f1os en el f\u00fatbol de Putaendo, el t\u00e9cnico Luis Quezada asumir\u00e1 la direcci\u00f3n t\u00e9cnica del seleccionado de f\u00fatbol aficionado de San Felipe.<\/figcaption><\/figure>\n<p>El destacado t\u00e9cnico Luis Quezada ser\u00e1 el entrenador de la Selecci\u00f3n de F\u00fatbol Amateur de San Felipe. La decisi\u00f3n fue tomada por el directorio del ente rector del balompi\u00e9 aficionado sanfelipe\u00f1o, luego de una reuni\u00f3n con el estratega que tuvo lugar la noche del martes reci\u00e9n pasado.<\/p>\n<p>El ahora t\u00e9cnico del combinado sanfelipe\u00f1o estuvo durante muchos a\u00f1os ligado al f\u00fatbol de Putaendo, y reci\u00e9n esta temporada se incorpor\u00f3 al torneo sanfelipe\u00f1o, cuando asumi\u00f3 funciones al llegar al club Independiente de Almendral.<\/p>\n<p>El adiestrador del combinado de honor de San Felipe deber\u00e1 trabajar contra el tiempo, porque la n\u00f3mina oficial debe entregarse a m\u00e1s tardar el jueves 20 de junio. Es decir, y si el clima lo permite, Quezada s\u00f3lo tendr\u00e1 dos fechas para ver los a los jugadores que integrar\u00e1n el equipo que afrontar\u00e1 las clasificatorias al Nacional de Molina del pr\u00f3ximo a\u00f1o.<\/p>\n<p>El Trabajo Deportivo tuvo la ocasi\u00f3n de conversar con Luis Quezada a las pocas horas despu\u00e9s que se confirm\u00f3 su llegada a la banca de la selecci\u00f3n de San Felipe.<\/p>\n<p>&#8211; Despu\u00e9s de varios a\u00f1os fuera del balompi\u00e9 de San Felipe, le corresponde asumir una tarea dif\u00edcil y muy importante.<\/p>\n<p>\u00abLa noche del martes conversamos con la directiva de la Asociaci\u00f3n, y llegamos a un acuerdo para comenzar a trabajar este domingo, donde observaremos a algunos jugadores que citaremos el martes, que es el d\u00eda en que comenzaremos los entrenamientos. El jueves ya haremos f\u00fatbol, para ir viendo y determinar la n\u00f3mina definitiva. Tenemos poco tiempo, pero es una labor interesante y muy atractiva que tomo de la mejor manera\u00bb.<\/p>\n<p>&#8211; Tendr\u00e1 muy poco tiempo para ver el material humano con el que cuenta.<\/p>\n<p>\u00abTenemos muy claro eso. Esta noche (ayer), la asociaci\u00f3n conversar\u00eda con Mario Craviolatti para ver si es posible que se haga cargo de la parte f\u00edsica. Es verdad que hay poco tiempo, pero tengo muchas ganas de hacer un buen trabajo. Es muy motivante para m\u00ed estar a cargo de la selecci\u00f3n, porque es un lindo desaf\u00edo\u00bb.<\/p>\n<p>&#8211; \u00bfYa tiene en su mente a los posibles convocados?<\/p>\n<p>\u00abTengo la suerte de trabajar en mi escuela de f\u00fatbol con dos entrenadores (Julio Barrera y \u2018Checho\u2019 L\u00f3pez), que est\u00e1n en clubes de la asociaci\u00f3n de San Felipe. Ellos conocen a la mayor\u00eda de los jugadores. Yo tambi\u00e9n conozco a varios elementos de Mario Inostroza, Uni\u00f3n Delicias y Ulises Vera; tambi\u00e9n hay unos en El Tambo que ubico bien y en mi club hay tres o cuatro jugadores que pueden servir. Iremos viendo con calma, la idea es que todos los equipos participen\u00bb.<\/p>\n<p>&#8211; Usted es un t\u00e9cnico exitoso y muy exigente. \u00bfNecesitar\u00e1 jugadores muy comprometidos?<\/p>\n<p>\u00abYo siempre le digo a mis jugadores que hay que ser serios para trabajar. El futbolista, para poder responder, tiene que tener piernas y mente en perfectas condiciones, por eso deben cuidarse. Yo respeto mucho a los jugadores, pero exijo el mismo respeto hacia mi labor y persona. Una vez que ya tengamos listo el grupo conversaremos, porque la idea es hacer una buena campa\u00f1a, no s\u00f3lo participar\u00bb.<\/p>\n<p>&#8211; \u00bfCree que hay jugadores para pelear una clasificaci\u00f3n al Nacional?<\/p>\n<p>\u00abDe todas maneras. En San Felipe hay muy buenos jugadores, ex profesionales que a\u00fan son j\u00f3venes, como el portero del Pentzke, un jugador de excelentes condiciones y que tiene la suerte de poder jugar en el amateur, porque hay algunos que no se pueden recalificar, adem\u00e1s que les va pesando la edad. Por ejemplo, en Uni\u00f3n Sargento Aldea est\u00e1n Mario Craviolatti y Luis Corval\u00e1n, quienes ser\u00edan un tremendo aporte, pero est\u00e1n pasados en la edad. No tengo dudas que haremos un gran equipo\u00bb.<\/p>\n<p>&nbsp;<\/p>\n","protected":false},"excerpt":{"rendered":"<p>El destacado t\u00e9cnico Luis Quezada ser\u00e1 el entrenador de la Selecci\u00f3n de F\u00fatbol Amateur de San Felipe. La decisi\u00f3n fue tomada por el directorio del ente rector del balompi\u00e9 aficionado sanfelipe\u00f1o, luego&#8230;<\/p>\n","protected":false},"author":482,"featured_media":34989,"comment_status":"open","ping_status":"closed","sticky":false,"template":"","format":"standard","meta":{"advanced_seo_description":"","jetpack_seo_html_title":"","jetpack_seo_noindex":false,"_jetpack_memberships_contains_paid_content":false,"footnotes":""},"categories":[19],"tags":[],"class_list":["post-34988","post","type-post","status-publish","format-standard","has-post-thumbnail","hentry","category-deportes"],"jetpack_featured_media_url":"https:\/\/i0.wp.com\/eltrabajo.cl\/portal\/wp-content\/uploads\/2013\/06\/lucho-quezada-001.jpg?fit=529%2C488&ssl=1","jetpack_sharing_enabled":true,"jetpack_likes_enabled":true,"jetpack-related-posts":[],"_links":{"self":[{"href":"https:\/\/eltrabajo.cl\/portal\/wp-json\/wp\/v2\/posts\/34988","targetHints":{"allow":["GET"]}}],"collection":[{"href":"https:\/\/eltrabajo.cl\/portal\/wp-json\/wp\/v2\/posts"}],"about":[{"href":"https:\/\/eltrabajo.cl\/portal\/wp-json\/wp\/v2\/types\/post"}],"author":[{"embeddable":true,"href":"https:\/\/eltrabajo.cl\/portal\/wp-json\/wp\/v2\/users\/482"}],"replies":[{"embeddable":true,"href":"https:\/\/eltrabajo.cl\/portal\/wp-json\/wp\/v2\/comments?post=34988"}],"version-history":[{"count":0,"href":"https:\/\/eltrabajo.cl\/portal\/wp-json\/wp\/v2\/posts\/34988\/revisions"}],"wp:featuredmedia":[{"embeddable":true,"href":"https:\/\/eltrabajo.cl\/portal\/wp-json\/wp\/v2\/media\/34989"}],"wp:attachment":[{"href":"https:\/\/eltrabajo.cl\/portal\/wp-json\/wp\/v2\/media?parent=34988"}],"wp:term":[{"taxonomy":"category","embeddable":true,"href":"https:\/\/eltrabajo.cl\/portal\/wp-json\/wp\/v2\/categories?post=34988"},{"taxonomy":"post_tag","embeddable":true,"href":"https:\/\/eltrabajo.cl\/portal\/wp-json\/wp\/v2\/tags?post=34988"}],"curies":[{"name":"wp","href":"https:\/\/api.w.org\/{rel}","templated":true}]}}