{"id":35021,"date":"2013-06-06T09:43:41","date_gmt":"2013-06-06T13:43:41","guid":{"rendered":"http:\/\/www.eltrabajo.cl\/portal\/?p=35021"},"modified":"2013-06-06T09:47:31","modified_gmt":"2013-06-06T13:47:31","slug":"juan-carlos-manriquez-defensor-de-guzman-asegura-que-su-cliente-no-asesino-a-carol-gonzalez","status":"publish","type":"post","link":"https:\/\/eltrabajo.cl\/portal\/juan-carlos-manriquez-defensor-de-guzman-asegura-que-su-cliente-no-asesino-a-carol-gonzalez\/","title":{"rendered":"Defensor de Guzm\u00e1n asegura que su cliente no asesin\u00f3 a Carol Gonz\u00e1lez"},"content":{"rendered":"<figure id=\"attachment_35022\" aria-describedby=\"caption-attachment-35022\" style=\"width: 317px\" class=\"wp-caption alignleft\"><a href=\"https:\/\/i0.wp.com\/www.eltrabajo.cl\/portal\/wp-content\/uploads\/2013\/06\/juan-carlos-manriquez-.jpg\"><img data-recalc-dims=\"1\" loading=\"lazy\" decoding=\"async\" class=\" wp-image-35022 \" title=\"Juan Carlos Manr\u00edquez, abogado defensor del imputado del monstruoso crimen, Ricardo Guzm\u00e1n Garc\u00eda.\" alt=\"Juan Carlos Manr\u00edquez, abogado defensor del imputado del monstruoso crimen, Ricardo Guzm\u00e1n Garc\u00eda.\" src=\"https:\/\/i0.wp.com\/www.eltrabajo.cl\/portal\/wp-content\/uploads\/2013\/06\/juan-carlos-manriquez-.jpg?resize=317%2C257\" width=\"317\" height=\"257\" srcset=\"https:\/\/i0.wp.com\/eltrabajo.cl\/portal\/wp-content\/uploads\/2013\/06\/juan-carlos-manriquez-.jpg?w=528&amp;ssl=1 528w, https:\/\/i0.wp.com\/eltrabajo.cl\/portal\/wp-content\/uploads\/2013\/06\/juan-carlos-manriquez-.jpg?resize=184%2C150&amp;ssl=1 184w, https:\/\/i0.wp.com\/eltrabajo.cl\/portal\/wp-content\/uploads\/2013\/06\/juan-carlos-manriquez-.jpg?resize=300%2C243&amp;ssl=1 300w, https:\/\/i0.wp.com\/eltrabajo.cl\/portal\/wp-content\/uploads\/2013\/06\/juan-carlos-manriquez-.jpg?resize=150%2C121&amp;ssl=1 150w, https:\/\/i0.wp.com\/eltrabajo.cl\/portal\/wp-content\/uploads\/2013\/06\/juan-carlos-manriquez-.jpg?resize=400%2C325&amp;ssl=1 400w\" sizes=\"auto, (max-width: 317px) 100vw, 317px\" \/><\/a><figcaption id=\"caption-attachment-35022\" class=\"wp-caption-text\">Juan Carlos Manr\u00edquez, abogado defensor del imputado del monstruoso crimen, Ricardo Guzm\u00e1n Garc\u00eda.<\/figcaption><\/figure>\n<ul>\n<li><strong>\u201cRicardo Guzm\u00e1n no ha cometido el homicidio respecto de la se\u00f1ora Carol Gonz\u00e1lez, y tampoco el acto de incendiar su autom\u00f3vil\u201d, asegur\u00f3 el abogado defensor.<\/strong><\/li>\n<\/ul>\n<p>El martes reci\u00e9n pasado en la segunda sala del Tribunal de Garant\u00eda de San Felipe se dio a inicio a la realizaci\u00f3n de la preparaci\u00f3n de juicio oral por el cruel asesinato de Carol Gonz\u00e1lez Cortez, hecho ocurrido el d\u00eda 17 de abril del a\u00f1o pasado.<\/p>\n<p>En la audiencia estaban presentes el Ministerio P\u00fablico representado por el fiscal Osvaldo Basso Cerda, la familia de la v\u00edctima representada por el abogado Julio \u00c1lvarez, mientras que por la defensa del imputado Ricardo Guzm\u00e1n Garc\u00eda, lo hizo su abogado particular Juan Carlos Manr\u00edquez.<\/p>\n<p>La audiencia tiene por objeto reparar los posibles errores formales en las acusaciones de la fiscal\u00eda, del querellante particular y de su demanda civil, adem\u00e1s de otros objetivos como recibir la oferta probatoria de la defensa.<\/p>\n<p>El abogado Juan Carlos Manr\u00edquez dijo que la teor\u00eda de ellos en este caso es clara y concisa: \u201cNosotros estamos sosteniendo que Ricardo Guzm\u00e1n no ha cometido el homicidio respecto de la se\u00f1ora Carol Gonz\u00e1lez, y tampoco el acto de incendiar su autom\u00f3vil\u201d, se\u00f1al\u00f3.<\/p>\n<p>Agreg\u00f3 que los est\u00e1ndares de persecuci\u00f3n que se llevaron adelante, enti\u00e9ndase los informes periciales, la labor forense, est\u00e1 te\u00f1ida de una serie de \u2018tachas\u2019, no solo formales sino que tambi\u00e9n de insuficiencias que a nivel de est\u00e1ndares de juicio oral, para un caso tan excepcional como \u00e9ste, son m\u00ednimas; \u201cpor tanto deber\u00e1n ser sometidas a un enorme escrutinio por parte del Tribunal Oral en lo Penal, nosotros vamos a ser muy exigentes en que el est\u00e1ndar de control sobre esa prueba sea muy alta\u201d, sostuvo el abogado Manr\u00edquez.<\/p>\n<p>Prosigui\u00f3 diciendo que este caso como lo ha visto la opini\u00f3n p\u00fablica y de acuerdo a las estad\u00edsticas, es planteado de una manera muy excepcional, \u201cdel total de femicidios en Chile, solo uno ha sido cometido en la regi\u00f3n por incendio el a\u00f1o 2012 entre ex pololos, eso es un caso, tiene que llamar a la reflexi\u00f3n al Tribunal para responder las preguntas principales: qui\u00e9n lo hizo, para qu\u00e9 lo hizo, y c\u00f3mo lo hizo. A nuestro entender estas tres preguntas no est\u00e1n resueltas en la investigaci\u00f3n\u201d, dijo el abogado.<\/p>\n<p>A\u00f1adi\u00f3 que su defendido se posiciona en el lugar del hecho y da una versi\u00f3n, la que va a sostener en el juicio y por eso ellos como defensa est\u00e1n dispuestos a confrontar sus pruebas con las del Ministerio P\u00fablico y el querellante, \u201cen un juego leal y limpio, pero bastante intenso como son estas cosas, donde definitivamente esperamos que un tribunal imparcial valore la totalidad de la prueba, nosotros pensamos que es muy razonable que en un r\u00e9gimen de pruebas libres que hoy d\u00eda rige, un tribunal oral eleve los niveles de necesidad de convicci\u00f3n de una prueba, sobre todo cuando se est\u00e1 pidiendo un perpetuo calificado\u201d, sostuvo Manr\u00edquez.<\/p>\n<p>No quiso adelantar detalles de la versi\u00f3n que conoce de parte de su defendido hasta entregarla al Tribunal.<\/p>\n<p>&nbsp;<\/p>\n","protected":false},"excerpt":{"rendered":"<p>\u201cRicardo Guzm\u00e1n no ha cometido el homicidio respecto de la se\u00f1ora Carol Gonz\u00e1lez, y tampoco el acto de incendiar su autom\u00f3vil\u201d, asegur\u00f3 el abogado defensor. El martes reci\u00e9n pasado en la segunda&#8230;<\/p>\n","protected":false},"author":482,"featured_media":35022,"comment_status":"open","ping_status":"closed","sticky":false,"template":"","format":"standard","meta":{"advanced_seo_description":"","jetpack_seo_html_title":"","jetpack_seo_noindex":false,"_jetpack_memberships_contains_paid_content":false,"footnotes":""},"categories":[21],"tags":[],"class_list":["post-35021","post","type-post","status-publish","format-standard","has-post-thumbnail","hentry","category-policial"],"jetpack_featured_media_url":"https:\/\/i0.wp.com\/eltrabajo.cl\/portal\/wp-content\/uploads\/2013\/06\/juan-carlos-manriquez-.jpg?fit=528%2C429&ssl=1","jetpack_sharing_enabled":true,"jetpack_likes_enabled":true,"jetpack-related-posts":[],"_links":{"self":[{"href":"https:\/\/eltrabajo.cl\/portal\/wp-json\/wp\/v2\/posts\/35021","targetHints":{"allow":["GET"]}}],"collection":[{"href":"https:\/\/eltrabajo.cl\/portal\/wp-json\/wp\/v2\/posts"}],"about":[{"href":"https:\/\/eltrabajo.cl\/portal\/wp-json\/wp\/v2\/types\/post"}],"author":[{"embeddable":true,"href":"https:\/\/eltrabajo.cl\/portal\/wp-json\/wp\/v2\/users\/482"}],"replies":[{"embeddable":true,"href":"https:\/\/eltrabajo.cl\/portal\/wp-json\/wp\/v2\/comments?post=35021"}],"version-history":[{"count":0,"href":"https:\/\/eltrabajo.cl\/portal\/wp-json\/wp\/v2\/posts\/35021\/revisions"}],"wp:featuredmedia":[{"embeddable":true,"href":"https:\/\/eltrabajo.cl\/portal\/wp-json\/wp\/v2\/media\/35022"}],"wp:attachment":[{"href":"https:\/\/eltrabajo.cl\/portal\/wp-json\/wp\/v2\/media?parent=35021"}],"wp:term":[{"taxonomy":"category","embeddable":true,"href":"https:\/\/eltrabajo.cl\/portal\/wp-json\/wp\/v2\/categories?post=35021"},{"taxonomy":"post_tag","embeddable":true,"href":"https:\/\/eltrabajo.cl\/portal\/wp-json\/wp\/v2\/tags?post=35021"}],"curies":[{"name":"wp","href":"https:\/\/api.w.org\/{rel}","templated":true}]}}