{"id":35370,"date":"2013-06-21T09:22:52","date_gmt":"2013-06-21T13:22:52","guid":{"rendered":"http:\/\/www.eltrabajo.cl\/portal\/?p=35370"},"modified":"2013-06-21T09:22:52","modified_gmt":"2013-06-21T13:22:52","slug":"luis-quezada-quiero-volcar-toda-mi-experiencia-en-la-seleccion","status":"publish","type":"post","link":"https:\/\/eltrabajo.cl\/portal\/luis-quezada-quiero-volcar-toda-mi-experiencia-en-la-seleccion\/","title":{"rendered":"Luis Quezada: \u201cQuiero volcar toda mi experiencia en la selecci\u00f3n\u201d"},"content":{"rendered":"<figure id=\"attachment_35371\" aria-describedby=\"caption-attachment-35371\" style=\"width: 317px\" class=\"wp-caption alignleft\"><a href=\"https:\/\/i0.wp.com\/www.eltrabajo.cl\/portal\/wp-content\/uploads\/2013\/06\/luis-quezada.jpg\"><img data-recalc-dims=\"1\" loading=\"lazy\" decoding=\"async\" class=\" wp-image-35371 \" title=\"El seleccionado sanfelipe\u00f1o har\u00e1 su debut en las clasificatorias al nacional de Honor de Molina el s\u00e1bado 20 de julio.\" alt=\"El seleccionado sanfelipe\u00f1o har\u00e1 su debut en las clasificatorias al nacional de Honor de Molina el s\u00e1bado 20 de julio.\" src=\"https:\/\/i0.wp.com\/www.eltrabajo.cl\/portal\/wp-content\/uploads\/2013\/06\/luis-quezada.jpg?resize=317%2C302\" width=\"317\" height=\"302\" srcset=\"https:\/\/i0.wp.com\/eltrabajo.cl\/portal\/wp-content\/uploads\/2013\/06\/luis-quezada.jpg?w=528&amp;ssl=1 528w, https:\/\/i0.wp.com\/eltrabajo.cl\/portal\/wp-content\/uploads\/2013\/06\/luis-quezada.jpg?resize=157%2C150&amp;ssl=1 157w, https:\/\/i0.wp.com\/eltrabajo.cl\/portal\/wp-content\/uploads\/2013\/06\/luis-quezada.jpg?resize=300%2C286&amp;ssl=1 300w, https:\/\/i0.wp.com\/eltrabajo.cl\/portal\/wp-content\/uploads\/2013\/06\/luis-quezada.jpg?resize=150%2C143&amp;ssl=1 150w, https:\/\/i0.wp.com\/eltrabajo.cl\/portal\/wp-content\/uploads\/2013\/06\/luis-quezada.jpg?resize=400%2C381&amp;ssl=1 400w\" sizes=\"auto, (max-width: 317px) 100vw, 317px\" \/><\/a><figcaption id=\"caption-attachment-35371\" class=\"wp-caption-text\">El seleccionado sanfelipe\u00f1o har\u00e1 su debut en las clasificatorias al nacional de Honor de Molina el s\u00e1bado 20 de julio.<\/figcaption><\/figure>\n<p>Ya con la n\u00f3mina definida y definitiva de los jugadores que conformar\u00e1n la selecci\u00f3n de f\u00fatbol amateur de San Felipe, el entrenador sanfelipe\u00f1o Luis Quezada hizo un alto en su ajetreada agenda para dialogar con El Trabajo Deportivo.<\/p>\n<p>Ahora entregamos a nuestros fieles lectores los extractos m\u00e1s importantes del di\u00e1logo sostenido con el estratega.<\/p>\n<p>El adiestrador, a pesar de tener muy poco tiempo de trabajo con el combinado local, est\u00e1 confiado en lo que puedan hacer sus hombres en las clasificatorias regionales que dar\u00e1n al ganador los pasajes para el Nacional de Molina 2014. \u201cHay buenos elementos. Algunos incluso tienen un paso y formaci\u00f3n por Uni\u00f3n San Felipe, lo cual en instancias como \u00e9sta adquieren mucha importancia, adem\u00e1s hay varios jugadores con experiencia en el f\u00fatbol amateur, as\u00ed que espero que puedan rendir bien en la selecci\u00f3n\u201d, lanza de entrada el ex jugador del Un\u00ed Un\u00ed.<\/p>\n<p>Para Quezada es fundamental poder jugar partidos amistosos, \u201cEsto permite plantear y parar el equipo de la forma que queremos que jueguen t\u00e1cticamente. Jugamos con Santa Mar\u00eda y tenemos agendados duelos con Putaendo y Catemu. La idea es llegar al debut del 20 de julio en buena forma\u201d, agrega el coach, que conf\u00eda en lo que puedan hacer sus dirigidos en una clasificatoria que se ve muy dif\u00edcil. \u201cCuando asum\u00ed, lo hice porque tras de m\u00ed hay un gran equipo de trabajo. Un preparador f\u00edsico y gente de mi escuela de f\u00fatbol. Esto hay que tomarlo con seriedad. Yo quiero volcar toda mi experiencia en la selecci\u00f3n\u201d, indica Luis Quezada, quien en final aporta un dato importante. \u201cEste es un buen grupo, donde el respeto entre todos es muy importante. Aqu\u00ed todos asumimos que el f\u00fatbol hay que tomarlo muy en serio, pero al mismo, tiempo debe jugarse con alegr\u00eda; y en la cancha debe expresarse eso\u201d.<\/p>\n<p>&nbsp;<\/p>\n","protected":false},"excerpt":{"rendered":"<p>Ya con la n\u00f3mina definida y definitiva de los jugadores que conformar\u00e1n la selecci\u00f3n de f\u00fatbol amateur de San Felipe, el entrenador sanfelipe\u00f1o Luis Quezada hizo un alto en su ajetreada agenda&#8230;<\/p>\n","protected":false},"author":482,"featured_media":35371,"comment_status":"open","ping_status":"closed","sticky":false,"template":"","format":"standard","meta":{"advanced_seo_description":"","jetpack_seo_html_title":"","jetpack_seo_noindex":false,"_jetpack_memberships_contains_paid_content":false,"footnotes":""},"categories":[19],"tags":[],"class_list":["post-35370","post","type-post","status-publish","format-standard","has-post-thumbnail","hentry","category-deportes"],"jetpack_featured_media_url":"https:\/\/i0.wp.com\/eltrabajo.cl\/portal\/wp-content\/uploads\/2013\/06\/luis-quezada.jpg?fit=528%2C504&ssl=1","jetpack_sharing_enabled":true,"jetpack_likes_enabled":true,"jetpack-related-posts":[],"_links":{"self":[{"href":"https:\/\/eltrabajo.cl\/portal\/wp-json\/wp\/v2\/posts\/35370","targetHints":{"allow":["GET"]}}],"collection":[{"href":"https:\/\/eltrabajo.cl\/portal\/wp-json\/wp\/v2\/posts"}],"about":[{"href":"https:\/\/eltrabajo.cl\/portal\/wp-json\/wp\/v2\/types\/post"}],"author":[{"embeddable":true,"href":"https:\/\/eltrabajo.cl\/portal\/wp-json\/wp\/v2\/users\/482"}],"replies":[{"embeddable":true,"href":"https:\/\/eltrabajo.cl\/portal\/wp-json\/wp\/v2\/comments?post=35370"}],"version-history":[{"count":0,"href":"https:\/\/eltrabajo.cl\/portal\/wp-json\/wp\/v2\/posts\/35370\/revisions"}],"wp:featuredmedia":[{"embeddable":true,"href":"https:\/\/eltrabajo.cl\/portal\/wp-json\/wp\/v2\/media\/35371"}],"wp:attachment":[{"href":"https:\/\/eltrabajo.cl\/portal\/wp-json\/wp\/v2\/media?parent=35370"}],"wp:term":[{"taxonomy":"category","embeddable":true,"href":"https:\/\/eltrabajo.cl\/portal\/wp-json\/wp\/v2\/categories?post=35370"},{"taxonomy":"post_tag","embeddable":true,"href":"https:\/\/eltrabajo.cl\/portal\/wp-json\/wp\/v2\/tags?post=35370"}],"curies":[{"name":"wp","href":"https:\/\/api.w.org\/{rel}","templated":true}]}}