{"id":35467,"date":"2013-06-24T09:52:57","date_gmt":"2013-06-24T13:52:57","guid":{"rendered":"http:\/\/www.eltrabajo.cl\/portal\/?p=35467"},"modified":"2013-06-24T09:52:57","modified_gmt":"2013-06-24T13:52:57","slug":"de-cancer-pulmonar-muere-el-director-del-orfeon-de-aconcagua","status":"publish","type":"post","link":"https:\/\/eltrabajo.cl\/portal\/de-cancer-pulmonar-muere-el-director-del-orfeon-de-aconcagua\/","title":{"rendered":"De c\u00e1ncer pulmonar muere el Director del Orfe\u00f3n de Aconcagua"},"content":{"rendered":"<figure id=\"attachment_35468\" aria-describedby=\"caption-attachment-35468\" style=\"width: 317px\" class=\"wp-caption alignleft\"><a href=\"https:\/\/i0.wp.com\/www.eltrabajo.cl\/portal\/wp-content\/uploads\/2013\/06\/nelson-enrique-sepulveda-leiva.jpg\"><img data-recalc-dims=\"1\" loading=\"lazy\" decoding=\"async\" class=\" wp-image-35468 \" title=\"Director Musical del Orfe\u00f3n de Aconcagua, Nelson Sep\u00falveda Leiva, muri\u00f3 a los 57 a\u00f1os.\" alt=\"Director Musical del Orfe\u00f3n de Aconcagua, Nelson Sep\u00falveda Leiva, muri\u00f3 a los 57 a\u00f1os.\" src=\"https:\/\/i0.wp.com\/www.eltrabajo.cl\/portal\/wp-content\/uploads\/2013\/06\/nelson-enrique-sepulveda-leiva.jpg?resize=317%2C269\" width=\"317\" height=\"269\" srcset=\"https:\/\/i0.wp.com\/eltrabajo.cl\/portal\/wp-content\/uploads\/2013\/06\/nelson-enrique-sepulveda-leiva.jpg?w=529&amp;ssl=1 529w, https:\/\/i0.wp.com\/eltrabajo.cl\/portal\/wp-content\/uploads\/2013\/06\/nelson-enrique-sepulveda-leiva.jpg?resize=176%2C150&amp;ssl=1 176w, https:\/\/i0.wp.com\/eltrabajo.cl\/portal\/wp-content\/uploads\/2013\/06\/nelson-enrique-sepulveda-leiva.jpg?resize=300%2C254&amp;ssl=1 300w, https:\/\/i0.wp.com\/eltrabajo.cl\/portal\/wp-content\/uploads\/2013\/06\/nelson-enrique-sepulveda-leiva.jpg?resize=150%2C127&amp;ssl=1 150w, https:\/\/i0.wp.com\/eltrabajo.cl\/portal\/wp-content\/uploads\/2013\/06\/nelson-enrique-sepulveda-leiva.jpg?resize=400%2C339&amp;ssl=1 400w\" sizes=\"auto, (max-width: 317px) 100vw, 317px\" \/><\/a><figcaption id=\"caption-attachment-35468\" class=\"wp-caption-text\">Director Musical del Orfe\u00f3n de Aconcagua, Nelson Sep\u00falveda Leiva, muri\u00f3 a los 57 a\u00f1os.<\/figcaption><\/figure>\n<p>Este viernes en horas de la noche, muri\u00f3 el Director Musical del Orfe\u00f3n de Aconcagua, Nelson Sep\u00falveda Leiva a los 57 a\u00f1os de edad, v\u00edctima de un c\u00e1ncer pulmonar. Sus funerales se realizaron ayer domingo en la ma\u00f1ana, comenzando con el traslado de sus restos hasta la Iglesia Catedral de la ciudad, custodiado por el orfe\u00f3n y sus m\u00fasicos a quien dirigi\u00f3 por a\u00f1os.<\/p>\n<p>La Misa fue oficiada por el Padre Cortez Piufatt, bajo un imponente marco de p\u00fablico que replet\u00f3 las aposentadur\u00edas del principal templo cat\u00f3lico de San Felipe, como es la catedral.<\/p>\n<p>Los discursos y canciones causaron mucha emoci\u00f3n especialmente entre los familiares directos del hoy fallecido, que al hacer uso de la palabra reconocieron lo buen padre, \u2018tata\u2019, amigo que hab\u00eda sido en vida Nelson Sep\u00falveda Leiva. Entre los asistentes a parte de los familiares, hubo autoridades locales, provinciales, sus propios compa\u00f1eros de tantas tocatas realizadas en los tradicionales desfiles de la ciudad, del d\u00eda domingo en el Ode\u00f3n de la plaza de armas.<\/p>\n<p>La informaci\u00f3n de la muerte de Nelson Sep\u00falveda Leiva cal\u00f3 hondo en la comunidad, especialmente en el mundo de la m\u00fasica. Al m\u00fasico ya se le pudo ver deteriorado f\u00edsicamente durante una de sus \u00faltimas presentaciones del orfe\u00f3n, como fue la ceremonia por los 100 a\u00f1os del Colegio Santa Juana de Arco, donde para la gente que lo conoci\u00f3 por a\u00f1os, ya divis\u00f3 ese deterioro, sin embargo pese a esa dificultad de todas maneras particip\u00f3 del acto dirigiendo a su querido Orfe\u00f3n. Adolfo Pizarro, uno de los m\u00fasicos dirigidos por Sep\u00falveda Leiva, dijo que a aparte de ser su profesor de m\u00fasica era un gran amigo, \u00ablos que compartimos el sentimiento por la m\u00fasica estamos con un tremendo dolor y tambi\u00e9n con la alegr\u00eda de saber que est\u00e1 ahora compartiendo en lenguaje de los \u00e1ngeles\u00bb, dijo Pizarro.<\/p>\n<p>Otro que lo conoci\u00f3 en vida fue Juan Palacios, a quien le toc\u00f3 muchas veces como chofer transportarlo, \u00abtengo recuerdos muy bonitos de \u00e9l, un hombre muy derecho, se va un buen hombre para el Cielo\u00bb, concluy\u00f3 Palacios. Una hija y una nieta, Andrea y B\u00e1rbara, dijeron que su padre y abuelo era un gran hombre, \u00abun hombre que estuvo con nosotros en las buenas y en las malas, que am\u00f3 a mi hijo como su tata\u00bb, dijo Andrea emocionada agradeciendo adem\u00e1s la gran cantidad de p\u00fablico con fue a despedir a su padre.<\/p>\n<p>El cortejo se detuvo frente al Ode\u00f3n y Plaza C\u00edvica, lugares en donde Sep\u00falveda Leiva tantas veces dirigi\u00f3 a sus m\u00fasicos, ya sea en los desfiles de aniversario, tocas de los domingos etc. Sus compa\u00f1eros m\u00fasicos interpretaron Lili Marlene, Himno Aconcagua, Yo ten\u00eda un Camarada, mientras la familia emocionada apreciaba este homenaje brindando a su director musical. Una vez finalizada esta actividad, el cortejo f\u00fanebre sigui\u00f3 hasta el Cementerio Almendral.<\/p>\n<figure id=\"attachment_35469\" aria-describedby=\"caption-attachment-35469\" style=\"width: 529px\" class=\"wp-caption alignnone\"><a href=\"https:\/\/i0.wp.com\/www.eltrabajo.cl\/portal\/wp-content\/uploads\/2013\/06\/orfeon-2.jpg\"><img data-recalc-dims=\"1\" loading=\"lazy\" decoding=\"async\" class=\"size-full wp-image-35469\" title=\"Familiares del m\u00fasico observan los homenajes a Nelson Sep\u00falveda, antes de ser sepultado.\" alt=\"Familiares del m\u00fasico observan los homenajes a Nelson Sep\u00falveda, antes de ser sepultado.\" src=\"https:\/\/i0.wp.com\/www.eltrabajo.cl\/portal\/wp-content\/uploads\/2013\/06\/orfeon-2.jpg?resize=529%2C397\" width=\"529\" height=\"397\" srcset=\"https:\/\/i0.wp.com\/eltrabajo.cl\/portal\/wp-content\/uploads\/2013\/06\/orfeon-2.jpg?w=529&amp;ssl=1 529w, https:\/\/i0.wp.com\/eltrabajo.cl\/portal\/wp-content\/uploads\/2013\/06\/orfeon-2.jpg?resize=200%2C150&amp;ssl=1 200w, https:\/\/i0.wp.com\/eltrabajo.cl\/portal\/wp-content\/uploads\/2013\/06\/orfeon-2.jpg?resize=300%2C225&amp;ssl=1 300w, https:\/\/i0.wp.com\/eltrabajo.cl\/portal\/wp-content\/uploads\/2013\/06\/orfeon-2.jpg?resize=150%2C112&amp;ssl=1 150w, https:\/\/i0.wp.com\/eltrabajo.cl\/portal\/wp-content\/uploads\/2013\/06\/orfeon-2.jpg?resize=400%2C300&amp;ssl=1 400w\" sizes=\"auto, (max-width: 529px) 100vw, 529px\" \/><\/a><figcaption id=\"caption-attachment-35469\" class=\"wp-caption-text\">Familiares del m\u00fasico observan los homenajes a Nelson Sep\u00falveda, antes de ser sepultado.<\/figcaption><\/figure>\n<p>&nbsp;<\/p>\n","protected":false},"excerpt":{"rendered":"<p>Este viernes en horas de la noche, muri\u00f3 el Director Musical del Orfe\u00f3n de Aconcagua, Nelson Sep\u00falveda Leiva a los 57 a\u00f1os de edad, v\u00edctima de un c\u00e1ncer pulmonar. Sus funerales se&#8230;<\/p>\n","protected":false},"author":482,"featured_media":35468,"comment_status":"open","ping_status":"closed","sticky":false,"template":"","format":"standard","meta":{"advanced_seo_description":"","jetpack_seo_html_title":"","jetpack_seo_noindex":false,"_jetpack_memberships_contains_paid_content":false,"footnotes":""},"categories":[15],"tags":[],"class_list":["post-35467","post","type-post","status-publish","format-standard","has-post-thumbnail","hentry","category-comunidad"],"jetpack_featured_media_url":"https:\/\/i0.wp.com\/eltrabajo.cl\/portal\/wp-content\/uploads\/2013\/06\/nelson-enrique-sepulveda-leiva.jpg?fit=529%2C449&ssl=1","jetpack_sharing_enabled":true,"jetpack_likes_enabled":true,"jetpack-related-posts":[],"_links":{"self":[{"href":"https:\/\/eltrabajo.cl\/portal\/wp-json\/wp\/v2\/posts\/35467","targetHints":{"allow":["GET"]}}],"collection":[{"href":"https:\/\/eltrabajo.cl\/portal\/wp-json\/wp\/v2\/posts"}],"about":[{"href":"https:\/\/eltrabajo.cl\/portal\/wp-json\/wp\/v2\/types\/post"}],"author":[{"embeddable":true,"href":"https:\/\/eltrabajo.cl\/portal\/wp-json\/wp\/v2\/users\/482"}],"replies":[{"embeddable":true,"href":"https:\/\/eltrabajo.cl\/portal\/wp-json\/wp\/v2\/comments?post=35467"}],"version-history":[{"count":0,"href":"https:\/\/eltrabajo.cl\/portal\/wp-json\/wp\/v2\/posts\/35467\/revisions"}],"wp:featuredmedia":[{"embeddable":true,"href":"https:\/\/eltrabajo.cl\/portal\/wp-json\/wp\/v2\/media\/35468"}],"wp:attachment":[{"href":"https:\/\/eltrabajo.cl\/portal\/wp-json\/wp\/v2\/media?parent=35467"}],"wp:term":[{"taxonomy":"category","embeddable":true,"href":"https:\/\/eltrabajo.cl\/portal\/wp-json\/wp\/v2\/categories?post=35467"},{"taxonomy":"post_tag","embeddable":true,"href":"https:\/\/eltrabajo.cl\/portal\/wp-json\/wp\/v2\/tags?post=35467"}],"curies":[{"name":"wp","href":"https:\/\/api.w.org\/{rel}","templated":true}]}}