{"id":36688,"date":"2013-08-05T10:12:03","date_gmt":"2013-08-05T14:12:03","guid":{"rendered":"http:\/\/www.eltrabajo.cl\/portal\/?p=36688"},"modified":"2013-08-05T10:12:03","modified_gmt":"2013-08-05T14:12:03","slug":"natalia-duco-va-al-mundial-de-rusia","status":"publish","type":"post","link":"https:\/\/eltrabajo.cl\/portal\/natalia-duco-va-al-mundial-de-rusia\/","title":{"rendered":"Natalia Duco va al Mundial de Rusia"},"content":{"rendered":"<figure id=\"attachment_36689\" aria-describedby=\"caption-attachment-36689\" style=\"width: 529px\" class=\"wp-caption alignnone\"><a href=\"https:\/\/i0.wp.com\/www.eltrabajo.cl\/portal\/wp-content\/uploads\/2013\/08\/natalia-duco-con-presidente-pinera.jpg\"><img data-recalc-dims=\"1\" loading=\"lazy\" decoding=\"async\" class=\"size-full wp-image-36689\" title=\"La balista sanfelipe\u00f1a (en foto de archivo con Presidente Pi\u00f1era) confirm\u00f3 a La Tercera que ser\u00e1 parte del Mundial de Atletismo de Mosc\u00fa, que parte este s\u00e1bado.\" alt=\"La balista sanfelipe\u00f1a (en foto de archivo con Presidente Pi\u00f1era) confirm\u00f3 a La Tercera que ser\u00e1 parte del Mundial de Atletismo de Mosc\u00fa, que parte este s\u00e1bado.\" src=\"https:\/\/i0.wp.com\/www.eltrabajo.cl\/portal\/wp-content\/uploads\/2013\/08\/natalia-duco-con-presidente-pinera.jpg?resize=529%2C357\" width=\"529\" height=\"357\" srcset=\"https:\/\/i0.wp.com\/eltrabajo.cl\/portal\/wp-content\/uploads\/2013\/08\/natalia-duco-con-presidente-pinera.jpg?w=529&amp;ssl=1 529w, https:\/\/i0.wp.com\/eltrabajo.cl\/portal\/wp-content\/uploads\/2013\/08\/natalia-duco-con-presidente-pinera.jpg?resize=200%2C134&amp;ssl=1 200w, https:\/\/i0.wp.com\/eltrabajo.cl\/portal\/wp-content\/uploads\/2013\/08\/natalia-duco-con-presidente-pinera.jpg?resize=300%2C202&amp;ssl=1 300w, https:\/\/i0.wp.com\/eltrabajo.cl\/portal\/wp-content\/uploads\/2013\/08\/natalia-duco-con-presidente-pinera.jpg?resize=150%2C101&amp;ssl=1 150w, https:\/\/i0.wp.com\/eltrabajo.cl\/portal\/wp-content\/uploads\/2013\/08\/natalia-duco-con-presidente-pinera.jpg?resize=400%2C269&amp;ssl=1 400w\" sizes=\"auto, (max-width: 529px) 100vw, 529px\" \/><\/a><figcaption id=\"caption-attachment-36689\" class=\"wp-caption-text\">La balista sanfelipe\u00f1a (en foto de archivo con Presidente Pi\u00f1era) confirm\u00f3 a La Tercera que ser\u00e1 parte del Mundial de Atletismo de Mosc\u00fa, que parte este s\u00e1bado.<\/figcaption><\/figure>\n<p>Luego de algunas dudas en relaci\u00f3n a su participaci\u00f3n en la cita atl\u00e9tica planetaria que tendr\u00e1 lugar en Mosc\u00fa, la que comenzar\u00e1 el pr\u00f3ximo s\u00e1bado, la balista sanfelipe\u00f1a despejo las inc\u00f3gnitas y confirm\u00f3 a Diario La Tercera, que ser\u00e1 parte del importante evento deportivo planetario \u00abHemos evaluado mi situaci\u00f3n y llegamos a la conclusi\u00f3n que puedo estar en el Mundial\u00bb, dijo la atleta sanfelipe\u00f1a que hace dos semanas atr\u00e1s termin\u00f3 s\u00e9ptima en la fecha de la Diamond League en Londres. Duco se encuentra en un periodo de recuperaci\u00f3n y conf\u00eda en poder dejar atr\u00e1s este duro momento. \u00abEstoy en una situaci\u00f3n adversa, pero la vida me ha ense\u00f1ado que s\u00f3lo las grandes personas pueden decidir, no me dar\u00e9 por vencida e ir\u00e9 al Mundial. No me retirar\u00e9 de una batalla cuando la guerra a\u00fan no ha comenzado\u00bb, indic\u00f3 con fuerza la aconcag\u00fcina.<\/p>\n<p>Natalia Duc\u00f3 tambi\u00e9n se refiri\u00f3 a la situaci\u00f3n de no poder contar con todo su equipo medico mientras se encuentra en Europa y se refiri\u00f3 de esta forma a ese punto. \u00abIdealmente para mis competencias, tengo que viajar con mi equipo medico para evitar este tipo de situaciones. Ahora hace unos d\u00edas de urgencia lleg\u00f3 mi masajista para apoyarme en mi recuperaci\u00f3n y espero poder contar en el futuro con el resto del equipo, pues eso hace la diferencia en llegar en \u00f3ptimas condiciones o no. Estamos haciendo un tratamiento intensivo para llegar en las mejores condiciones posibles\u00bb, explic\u00f3. El Mundial de Mosc\u00fa partir\u00e1 el s\u00e1bado 10 de agosto, en el Estadio Ol\u00edmpico Luzhniki, hasta el domingo 18 del mismo mes.<\/p>\n<p>&nbsp;<\/p>\n","protected":false},"excerpt":{"rendered":"<p>Luego de algunas dudas en relaci\u00f3n a su participaci\u00f3n en la cita atl\u00e9tica planetaria que tendr\u00e1 lugar en Mosc\u00fa, la que comenzar\u00e1 el pr\u00f3ximo s\u00e1bado, la balista sanfelipe\u00f1a despejo las inc\u00f3gnitas y&#8230;<\/p>\n","protected":false},"author":482,"featured_media":36689,"comment_status":"open","ping_status":"closed","sticky":false,"template":"","format":"standard","meta":{"advanced_seo_description":"","jetpack_seo_html_title":"","jetpack_seo_noindex":false,"_jetpack_memberships_contains_paid_content":false,"footnotes":""},"categories":[19],"tags":[],"class_list":["post-36688","post","type-post","status-publish","format-standard","has-post-thumbnail","hentry","category-deportes"],"jetpack_featured_media_url":"https:\/\/i0.wp.com\/eltrabajo.cl\/portal\/wp-content\/uploads\/2013\/08\/natalia-duco-con-presidente-pinera.jpg?fit=529%2C357&ssl=1","jetpack_sharing_enabled":true,"jetpack_likes_enabled":true,"jetpack-related-posts":[],"_links":{"self":[{"href":"https:\/\/eltrabajo.cl\/portal\/wp-json\/wp\/v2\/posts\/36688","targetHints":{"allow":["GET"]}}],"collection":[{"href":"https:\/\/eltrabajo.cl\/portal\/wp-json\/wp\/v2\/posts"}],"about":[{"href":"https:\/\/eltrabajo.cl\/portal\/wp-json\/wp\/v2\/types\/post"}],"author":[{"embeddable":true,"href":"https:\/\/eltrabajo.cl\/portal\/wp-json\/wp\/v2\/users\/482"}],"replies":[{"embeddable":true,"href":"https:\/\/eltrabajo.cl\/portal\/wp-json\/wp\/v2\/comments?post=36688"}],"version-history":[{"count":0,"href":"https:\/\/eltrabajo.cl\/portal\/wp-json\/wp\/v2\/posts\/36688\/revisions"}],"wp:featuredmedia":[{"embeddable":true,"href":"https:\/\/eltrabajo.cl\/portal\/wp-json\/wp\/v2\/media\/36689"}],"wp:attachment":[{"href":"https:\/\/eltrabajo.cl\/portal\/wp-json\/wp\/v2\/media?parent=36688"}],"wp:term":[{"taxonomy":"category","embeddable":true,"href":"https:\/\/eltrabajo.cl\/portal\/wp-json\/wp\/v2\/categories?post=36688"},{"taxonomy":"post_tag","embeddable":true,"href":"https:\/\/eltrabajo.cl\/portal\/wp-json\/wp\/v2\/tags?post=36688"}],"curies":[{"name":"wp","href":"https:\/\/api.w.org\/{rel}","templated":true}]}}