{"id":37669,"date":"2013-09-05T10:13:18","date_gmt":"2013-09-05T14:13:18","guid":{"rendered":"http:\/\/www.eltrabajo.cl\/portal\/?p=37669"},"modified":"2013-09-05T10:13:18","modified_gmt":"2013-09-05T14:13:18","slug":"vecina-pago-credito-en-caja-los-heroes-y-ahora-le-cobran-dos-cuotas-extra","status":"publish","type":"post","link":"https:\/\/eltrabajo.cl\/portal\/vecina-pago-credito-en-caja-los-heroes-y-ahora-le-cobran-dos-cuotas-extra\/","title":{"rendered":"Vecina pag\u00f3 cr\u00e9dito en caja Los H\u00e9roes y ahora le cobran dos cuotas extra"},"content":{"rendered":"<figure id=\"attachment_37670\" aria-describedby=\"caption-attachment-37670\" style=\"width: 317px\" class=\"wp-caption alignleft\"><a href=\"https:\/\/i0.wp.com\/www.eltrabajo.cl\/portal\/wp-content\/uploads\/2013\/09\/eliana-quijanes.jpg\"><img data-recalc-dims=\"1\" loading=\"lazy\" decoding=\"async\" class=\" wp-image-37670 \" title=\"Eliana Quijanes, pensionada de la Caja Los H\u00e9roes.\" alt=\"Eliana Quijanes, pensionada de la Caja Los H\u00e9roes.\" src=\"https:\/\/i0.wp.com\/www.eltrabajo.cl\/portal\/wp-content\/uploads\/2013\/09\/eliana-quijanes.jpg?resize=317%2C238\" width=\"317\" height=\"238\" srcset=\"https:\/\/i0.wp.com\/eltrabajo.cl\/portal\/wp-content\/uploads\/2013\/09\/eliana-quijanes.jpg?w=528&amp;ssl=1 528w, https:\/\/i0.wp.com\/eltrabajo.cl\/portal\/wp-content\/uploads\/2013\/09\/eliana-quijanes.jpg?resize=200%2C150&amp;ssl=1 200w, https:\/\/i0.wp.com\/eltrabajo.cl\/portal\/wp-content\/uploads\/2013\/09\/eliana-quijanes.jpg?resize=300%2C225&amp;ssl=1 300w, https:\/\/i0.wp.com\/eltrabajo.cl\/portal\/wp-content\/uploads\/2013\/09\/eliana-quijanes.jpg?resize=150%2C112&amp;ssl=1 150w, https:\/\/i0.wp.com\/eltrabajo.cl\/portal\/wp-content\/uploads\/2013\/09\/eliana-quijanes.jpg?resize=400%2C300&amp;ssl=1 400w\" sizes=\"auto, (max-width: 317px) 100vw, 317px\" \/><\/a><figcaption id=\"caption-attachment-37670\" class=\"wp-caption-text\">Eliana Quijanes, pensionada de la Caja Los H\u00e9roes.<\/figcaption><\/figure>\n<ul>\n<li><strong>Pidi\u00f3 un mill\u00f3n de pesos pagadero a cinco a\u00f1os y termin\u00f3 cancelando 3 millones de pesos.<\/strong><\/li>\n<\/ul>\n<p>Indignada est\u00e1 la vecina de San Felipe, Eliana Quijanes, pensionada de la Caja de Compensaci\u00f3n Los H\u00e9roes, donde solicit\u00f3 hace cinco a\u00f1os un cr\u00e9dito de un mill\u00f3n de pesos. Esta mujer termin\u00f3 cancelando la suma de tres millones, ya que le otorgaron el dinero bajo un r\u00e9gimen de 60 cuotas, cada una de 50 mil pesos.<\/p>\n<p>Si bien ella manifiesta que en el momento ese dinero le sirvi\u00f3 bastante, ya que mediante cr\u00e9ditos pudo educar a sus hijos, se\u00f1ala que esper\u00f3 con ansias el pago de la \u00faltima cuota, lo que se concret\u00f3 en enero pasado.<\/p>\n<p>El problema, es que hace tres meses que esta mujer est\u00e1 recibiendo llamados de la Caja de Compensaci\u00f3n Los H\u00e9roes, donde le comunican que debe pagar dos cuotas m\u00e1s, lo que no est\u00e1 dentro de lo pactado, insisti\u00e9ndole la ejecutiva que la contacta, que debe cumplir ese compromiso.<\/p>\n<p>\u201cYo acept\u00e9 las condiciones del cr\u00e9dito y pagu\u00e9 lo que correspond\u00eda en el momento que correspond\u00eda. Lo que no acepto es que me est\u00e9n cobrando algo que yo ya pagu\u00e9. Hace como tres meses que me est\u00e1n llamando casi todos los d\u00edas, ayer en la tarde, a las 5 de la tarde me llamaron y me insistieron en que debo pagar esas dos cuotas\u201d, se\u00f1ala Eliana Quijanes.<\/p>\n<p>Lo curioso de todo esto, es que esta pensionada ha ido a la oficina de Quilpu\u00e9 de la Caja de Compensaci\u00f3n Los H\u00e9roes, donde pidi\u00f3 el cr\u00e9dito, y le informan que su deuda est\u00e1 saldada. Lo que dista mucho de aquello que le dicen por tel\u00e9fono, donde la ejecutiva se identifica con nombre y apellido, recalcando que Eliana Quijanes debe pagar las dos cuotas supuestamente pendientes.<\/p>\n<p>\u201cAhora, el jefe que hab\u00eda antes y el que est\u00e1 ahora, me dicen que van a averiguar, pero no pasa nada. Y en el intertanto me siguen llamando para cobrarme\u201d, expres\u00f3 la mujer.<\/p>\n<p>Consultado su parecer en torno a esta situaci\u00f3n, manifest\u00f3 que \u201cyo he pedido muchos cr\u00e9ditos, as\u00ed me las arregl\u00e9 para que mis hijos pudieran estudiar en la universidad. Siempre he sido muy ordenada para pagar y en este caso, me lo descontaban por planilla. Pero la verdad es que estoy hastiada, me tienen muy nerviosa y preocupada, porque yo pagu\u00e9 lo que deb\u00eda y ahora me dicen que tengo que pagar m\u00e1s, me parece ins\u00f3lito\u201d.<\/p>\n<p>Llamamos a la Caja de Compensaci\u00f3n Los H\u00e9roes, sin embargo la administrativa nos dijo que el representante en San Felipe, Leonardo Mu\u00f1oz, se encontraba ocupado, por lo que lamentablemente no pudimos tener respuesta de la entidad.<\/p>\n<p>Se espera que pronto Eliana Quijanes pueda resolver este tema, que la tiene tan complicada y que ojal\u00e1 no est\u00e9 afectando a otros pensionados del valle de Aconcagua.<\/p>\n<p>&nbsp;<\/p>\n","protected":false},"excerpt":{"rendered":"<p>Pidi\u00f3 un mill\u00f3n de pesos pagadero a cinco a\u00f1os y termin\u00f3 cancelando 3 millones de pesos. Indignada est\u00e1 la vecina de San Felipe, Eliana Quijanes, pensionada de la Caja de Compensaci\u00f3n Los&#8230;<\/p>\n","protected":false},"author":482,"featured_media":37670,"comment_status":"open","ping_status":"closed","sticky":false,"template":"","format":"standard","meta":{"advanced_seo_description":"","jetpack_seo_html_title":"","jetpack_seo_noindex":false,"_jetpack_memberships_contains_paid_content":false,"footnotes":""},"categories":[15],"tags":[],"class_list":["post-37669","post","type-post","status-publish","format-standard","has-post-thumbnail","hentry","category-comunidad"],"jetpack_featured_media_url":"https:\/\/i0.wp.com\/eltrabajo.cl\/portal\/wp-content\/uploads\/2013\/09\/eliana-quijanes.jpg?fit=528%2C396&ssl=1","jetpack_sharing_enabled":true,"jetpack_likes_enabled":true,"jetpack-related-posts":[],"_links":{"self":[{"href":"https:\/\/eltrabajo.cl\/portal\/wp-json\/wp\/v2\/posts\/37669","targetHints":{"allow":["GET"]}}],"collection":[{"href":"https:\/\/eltrabajo.cl\/portal\/wp-json\/wp\/v2\/posts"}],"about":[{"href":"https:\/\/eltrabajo.cl\/portal\/wp-json\/wp\/v2\/types\/post"}],"author":[{"embeddable":true,"href":"https:\/\/eltrabajo.cl\/portal\/wp-json\/wp\/v2\/users\/482"}],"replies":[{"embeddable":true,"href":"https:\/\/eltrabajo.cl\/portal\/wp-json\/wp\/v2\/comments?post=37669"}],"version-history":[{"count":0,"href":"https:\/\/eltrabajo.cl\/portal\/wp-json\/wp\/v2\/posts\/37669\/revisions"}],"wp:featuredmedia":[{"embeddable":true,"href":"https:\/\/eltrabajo.cl\/portal\/wp-json\/wp\/v2\/media\/37670"}],"wp:attachment":[{"href":"https:\/\/eltrabajo.cl\/portal\/wp-json\/wp\/v2\/media?parent=37669"}],"wp:term":[{"taxonomy":"category","embeddable":true,"href":"https:\/\/eltrabajo.cl\/portal\/wp-json\/wp\/v2\/categories?post=37669"},{"taxonomy":"post_tag","embeddable":true,"href":"https:\/\/eltrabajo.cl\/portal\/wp-json\/wp\/v2\/tags?post=37669"}],"curies":[{"name":"wp","href":"https:\/\/api.w.org\/{rel}","templated":true}]}}