{"id":37675,"date":"2013-09-05T10:17:16","date_gmt":"2013-09-05T14:17:16","guid":{"rendered":"http:\/\/www.eltrabajo.cl\/portal\/?p=37675"},"modified":"2013-09-05T10:17:16","modified_gmt":"2013-09-05T14:17:16","slug":"ayude-a-fernandita-y-pasela-bien-en-show-bailable-este-sabado","status":"publish","type":"post","link":"https:\/\/eltrabajo.cl\/portal\/ayude-a-fernandita-y-pasela-bien-en-show-bailable-este-sabado\/","title":{"rendered":"Ayude a Fernandita y p\u00e1sela bien en Show bailable este s\u00e1bado"},"content":{"rendered":"<figure id=\"attachment_37676\" aria-describedby=\"caption-attachment-37676\" style=\"width: 370px\" class=\"wp-caption alignleft\"><a href=\"https:\/\/i0.wp.com\/www.eltrabajo.cl\/portal\/wp-content\/uploads\/2013\/09\/fernandita1.jpg\"><img data-recalc-dims=\"1\" loading=\"lazy\" decoding=\"async\" class=\" wp-image-37676 \" title=\"La peque\u00f1a Fernandita P\u00e1ez, de seis meses, actualmente se mantiene entubada y est\u00e1 siendo tratada con quimioterapia.\" alt=\"La peque\u00f1a Fernandita P\u00e1ez, de seis meses, actualmente se mantiene entubada y est\u00e1 siendo tratada con quimioterapia.\" src=\"https:\/\/i0.wp.com\/www.eltrabajo.cl\/portal\/wp-content\/uploads\/2013\/09\/fernandita1.jpg?resize=370%2C287\" width=\"370\" height=\"287\" srcset=\"https:\/\/i0.wp.com\/eltrabajo.cl\/portal\/wp-content\/uploads\/2013\/09\/fernandita1.jpg?w=529&amp;ssl=1 529w, https:\/\/i0.wp.com\/eltrabajo.cl\/portal\/wp-content\/uploads\/2013\/09\/fernandita1.jpg?resize=193%2C150&amp;ssl=1 193w, https:\/\/i0.wp.com\/eltrabajo.cl\/portal\/wp-content\/uploads\/2013\/09\/fernandita1.jpg?resize=300%2C232&amp;ssl=1 300w, https:\/\/i0.wp.com\/eltrabajo.cl\/portal\/wp-content\/uploads\/2013\/09\/fernandita1.jpg?resize=150%2C116&amp;ssl=1 150w, https:\/\/i0.wp.com\/eltrabajo.cl\/portal\/wp-content\/uploads\/2013\/09\/fernandita1.jpg?resize=400%2C310&amp;ssl=1 400w\" sizes=\"auto, (max-width: 370px) 100vw, 370px\" \/><\/a><figcaption id=\"caption-attachment-37676\" class=\"wp-caption-text\">La peque\u00f1a Fernandita P\u00e1ez, de seis meses, actualmente se mantiene entubada y est\u00e1 siendo tratada con quimioterapia.<\/figcaption><\/figure>\n<p>Naci\u00f3 el mi\u00e9rcoles 6 de febrero y desde que pas\u00f3 a formar parte del mundo de los vivos, la peque\u00f1a Fernanda P\u00e1ez Trigo, ahora de seis meses, no conoce el sonido de un pajarito ni ha sentido los ruidos del hogar al que por derecho pertenece. Se trata de una regalona beb\u00e9 que naci\u00f3 con un agresivo c\u00e1ncer cervical, mismo que le fue extirpado en los primeros d\u00edas de nacida, pero a los pocos d\u00edas empez\u00f3 a crecer desproporcionadamente hasta llegar a tener el tama\u00f1o de su propia cabeza.<\/p>\n<p><strong>DE HOSPITAL\u00a0EN HOSPITAL<\/strong><\/p>\n<p>Con miras a invitar a nuestros lectores para que participen en esta cruzada por Fernandita, hoy en Diario El Trabajo publicamos una corta entrevista realizada al hermano de la bebita, Rub\u00e9n P\u00e1ez.<\/p>\n<p><strong>&#8211; \u00bfCu\u00e1l es el panorama de crisis familiar y de la ni\u00f1a?<\/strong><\/p>\n<p>&#8211; \u00abNosotros estamos angustiados por la carga econ\u00f3mica que nos representa la hospitalizaci\u00f3n de la ni\u00f1a, aunque no podemos ocultar la alegr\u00eda de saberla despierta y con muchas ganas de vivir, ella naci\u00f3 por parto de urgencia a sus ocho meses de gestaci\u00f3n en el hospital de Los Andes, cuando vieron los doctores que ella ten\u00eda su cuello duro como el hueso, la pasaron al San Camilo, de ah\u00ed se la llevaron a Santiago, pasados los d\u00edas, la pasaron al Hospital Carlos Van Buren de Valpara\u00edso, luego la pasaron de nuevo a Santiago y despu\u00e9s la volvieron a trasladar a Valpara\u00edso\u00bb.<\/p>\n<figure id=\"attachment_37677\" aria-describedby=\"caption-attachment-37677\" style=\"width: 317px\" class=\"wp-caption alignright\"><a href=\"https:\/\/i0.wp.com\/www.eltrabajo.cl\/portal\/wp-content\/uploads\/2013\/09\/ruben-paez.jpg\"><img data-recalc-dims=\"1\" loading=\"lazy\" decoding=\"async\" class=\" wp-image-37677 \" title=\"Rub\u00e9n P\u00e1ez, hermano de la ni\u00f1a que enfrenta un agresivo c\u00e1ncer cervical.\" alt=\"Rub\u00e9n P\u00e1ez, hermano de la ni\u00f1a que enfrenta un agresivo c\u00e1ncer cervical.\" src=\"https:\/\/i0.wp.com\/www.eltrabajo.cl\/portal\/wp-content\/uploads\/2013\/09\/ruben-paez.jpg?resize=317%2C276\" width=\"317\" height=\"276\" srcset=\"https:\/\/i0.wp.com\/eltrabajo.cl\/portal\/wp-content\/uploads\/2013\/09\/ruben-paez.jpg?w=529&amp;ssl=1 529w, https:\/\/i0.wp.com\/eltrabajo.cl\/portal\/wp-content\/uploads\/2013\/09\/ruben-paez.jpg?resize=172%2C150&amp;ssl=1 172w, https:\/\/i0.wp.com\/eltrabajo.cl\/portal\/wp-content\/uploads\/2013\/09\/ruben-paez.jpg?resize=300%2C260&amp;ssl=1 300w, https:\/\/i0.wp.com\/eltrabajo.cl\/portal\/wp-content\/uploads\/2013\/09\/ruben-paez.jpg?resize=150%2C130&amp;ssl=1 150w, https:\/\/i0.wp.com\/eltrabajo.cl\/portal\/wp-content\/uploads\/2013\/09\/ruben-paez.jpg?resize=400%2C347&amp;ssl=1 400w\" sizes=\"auto, (max-width: 317px) 100vw, 317px\" \/><\/a><figcaption id=\"caption-attachment-37677\" class=\"wp-caption-text\">Rub\u00e9n P\u00e1ez, hermano de la ni\u00f1a que enfrenta un agresivo c\u00e1ncer cervical.<\/figcaption><\/figure>\n<p><strong>&#8211; \u00bfDe cu\u00e1ntos millones de pesos estamos hablando?<\/strong><\/p>\n<p>&#8211; \u00abEs un abismo sin fin, a Fernandita le est\u00e1n aplicando quimioterapia, son diez sesiones al mes y cada una cuesta $2.500.000, o sea, $25 millones al mes, por lo que actualmente debemos $75 millones en los tres meses que ella est\u00e1 recibiendo este tratamiento, adem\u00e1s de esos montos, hay que pagar mensualmente como $600.000 por concepto de hospitalizaci\u00f3n y medicamentos por la ni\u00f1a, por eso es que estamos pidiendo directamente la ayuda de todo Chile y en especial de los aconcag\u00fcinos\u00bb.<\/p>\n<p><strong>&#8211; \u00bfPero est\u00e1n haciendo algo para enfrentar este reto econ\u00f3mico?<\/strong><\/p>\n<p>&#8211; \u00abClaro que estamos haciendo algo, este s\u00e1bado 7 de septiembre realizaremos un show bailable a beneficio de mi hermanita, este s\u00e1bado, las entradas se vender\u00e1n desde las 19:30 horas en el gimnasio de San Esteban, el valor es de $2.000 por persona\u00bb.<\/p>\n<p><strong>&#8211; \u00bfCu\u00e1les artistas estar\u00e1n en este show bailable\u00bb<\/strong><\/p>\n<p>&#8211; \u00abEstar\u00e1n actuando en esa oportunidad Lucero Fern\u00e1ndez; Elizabeth Johnson, Yasna Gallardo y las bandas Nostalgia de Amor; Los hechiceros del amor y el doble oficial de Leo Rey. La animaci\u00f3n estar\u00e1 a cargo de Carlos Zambrano y los interesados en conocer m\u00e1s sobre Fernandita y eventualmente ayudarla, pueden llamar al 5750 9334\u00bb.<\/p>\n<p>Roberto Gonz\u00e1lez Short<\/p>\n<p>rgonzalez@eltrabajo.cl<\/p>\n<p>&nbsp;<\/p>\n","protected":false},"excerpt":{"rendered":"<p>Naci\u00f3 el mi\u00e9rcoles 6 de febrero y desde que pas\u00f3 a formar parte del mundo de los vivos, la peque\u00f1a Fernanda P\u00e1ez Trigo, ahora de seis meses, no conoce el sonido de&#8230;<\/p>\n","protected":false},"author":482,"featured_media":37676,"comment_status":"open","ping_status":"closed","sticky":false,"template":"","format":"standard","meta":{"advanced_seo_description":"","jetpack_seo_html_title":"","jetpack_seo_noindex":false,"_jetpack_memberships_contains_paid_content":false,"footnotes":""},"categories":[15],"tags":[],"class_list":["post-37675","post","type-post","status-publish","format-standard","has-post-thumbnail","hentry","category-comunidad"],"jetpack_featured_media_url":"https:\/\/i0.wp.com\/eltrabajo.cl\/portal\/wp-content\/uploads\/2013\/09\/fernandita1.jpg?fit=529%2C410&ssl=1","jetpack_sharing_enabled":true,"jetpack_likes_enabled":true,"jetpack-related-posts":[],"_links":{"self":[{"href":"https:\/\/eltrabajo.cl\/portal\/wp-json\/wp\/v2\/posts\/37675","targetHints":{"allow":["GET"]}}],"collection":[{"href":"https:\/\/eltrabajo.cl\/portal\/wp-json\/wp\/v2\/posts"}],"about":[{"href":"https:\/\/eltrabajo.cl\/portal\/wp-json\/wp\/v2\/types\/post"}],"author":[{"embeddable":true,"href":"https:\/\/eltrabajo.cl\/portal\/wp-json\/wp\/v2\/users\/482"}],"replies":[{"embeddable":true,"href":"https:\/\/eltrabajo.cl\/portal\/wp-json\/wp\/v2\/comments?post=37675"}],"version-history":[{"count":0,"href":"https:\/\/eltrabajo.cl\/portal\/wp-json\/wp\/v2\/posts\/37675\/revisions"}],"wp:featuredmedia":[{"embeddable":true,"href":"https:\/\/eltrabajo.cl\/portal\/wp-json\/wp\/v2\/media\/37676"}],"wp:attachment":[{"href":"https:\/\/eltrabajo.cl\/portal\/wp-json\/wp\/v2\/media?parent=37675"}],"wp:term":[{"taxonomy":"category","embeddable":true,"href":"https:\/\/eltrabajo.cl\/portal\/wp-json\/wp\/v2\/categories?post=37675"},{"taxonomy":"post_tag","embeddable":true,"href":"https:\/\/eltrabajo.cl\/portal\/wp-json\/wp\/v2\/tags?post=37675"}],"curies":[{"name":"wp","href":"https:\/\/api.w.org\/{rel}","templated":true}]}}