{"id":37691,"date":"2013-09-06T09:45:02","date_gmt":"2013-09-06T13:45:02","guid":{"rendered":"http:\/\/www.eltrabajo.cl\/portal\/?p=37691"},"modified":"2013-09-06T09:45:02","modified_gmt":"2013-09-06T13:45:02","slug":"cruel-envenenamiento-de-al-menos-cuatro-perros-vagos-en-la-ciudad","status":"publish","type":"post","link":"https:\/\/eltrabajo.cl\/portal\/cruel-envenenamiento-de-al-menos-cuatro-perros-vagos-en-la-ciudad\/","title":{"rendered":"Cruel envenenamiento de al menos cuatro perros vagos en la ciudad"},"content":{"rendered":"<figure id=\"attachment_37692\" aria-describedby=\"caption-attachment-37692\" style=\"width: 370px\" class=\"wp-caption alignleft\"><a href=\"https:\/\/i0.wp.com\/www.eltrabajo.cl\/portal\/wp-content\/uploads\/2013\/09\/perro.jpg\"><img data-recalc-dims=\"1\" loading=\"lazy\" decoding=\"async\" class=\" wp-image-37692 \" title=\"Un triste espect\u00e1culo fue el que se pudo apreciar la ma\u00f1ana de ayer, cuando fueron encontrados los perros envenenados.\" alt=\"Un triste espect\u00e1culo fue el que se pudo apreciar la ma\u00f1ana de ayer, cuando fueron encontrados los perros envenenados.\" src=\"https:\/\/i0.wp.com\/www.eltrabajo.cl\/portal\/wp-content\/uploads\/2013\/09\/perro.jpg?resize=370%2C278\" width=\"370\" height=\"278\" srcset=\"https:\/\/i0.wp.com\/eltrabajo.cl\/portal\/wp-content\/uploads\/2013\/09\/perro.jpg?w=529&amp;ssl=1 529w, https:\/\/i0.wp.com\/eltrabajo.cl\/portal\/wp-content\/uploads\/2013\/09\/perro.jpg?resize=200%2C150&amp;ssl=1 200w, https:\/\/i0.wp.com\/eltrabajo.cl\/portal\/wp-content\/uploads\/2013\/09\/perro.jpg?resize=300%2C225&amp;ssl=1 300w, https:\/\/i0.wp.com\/eltrabajo.cl\/portal\/wp-content\/uploads\/2013\/09\/perro.jpg?resize=150%2C112&amp;ssl=1 150w, https:\/\/i0.wp.com\/eltrabajo.cl\/portal\/wp-content\/uploads\/2013\/09\/perro.jpg?resize=400%2C300&amp;ssl=1 400w\" sizes=\"auto, (max-width: 370px) 100vw, 370px\" \/><\/a><figcaption id=\"caption-attachment-37692\" class=\"wp-caption-text\">Un triste espect\u00e1culo fue el que se pudo apreciar la ma\u00f1ana de ayer, cuando fueron encontrados los perros envenenados.<\/figcaption><\/figure>\n<p>Impacto gener\u00f3 entre los muchos transe\u00fantes que circulaban por las calles c\u00e9ntricas de San Felipe en la ma\u00f1ana de ayer, el envenenamiento de al menos cuatro perros vagos.<\/p>\n<p>Fue el vecino de la comuna, Claudio Montecinos, quien prefiri\u00f3 actuar antes de ver sufrir a estos animalitos, llevando al menos a dos de ellos hasta un m\u00e9dico veterinario, quien momentos m\u00e1s tarde de ingresarlos a su centro de atenci\u00f3n, confirm\u00f3 la muerte por envenenamiento.<\/p>\n<p>\u201cEn la ma\u00f1ana iba caminando con mi hija a quien llevaba al colegio y me encontr\u00e9 primero con uno y al final con cuatro perros en evidente estado de presentar envenenamiento. Quiz\u00e1s cu\u00e1ntas horas estaban en esta condici\u00f3n, el hecho concreto es que desde que yo los vi, a las 8 de la ma\u00f1ana, uno termin\u00f3 muriendo a las 10 y el otro a las 11\u201d, se\u00f1al\u00f3 Montecinos.<\/p>\n<p>Consultado su parecer por esta situaci\u00f3n, dijo que \u201cesta es una peque\u00f1a muestra m\u00e1s de la tremenda irresponsabilidad que tenemos todos como sociedad, respecto del tema de los perros abandonados, ya que se trata de buscar una soluci\u00f3n, p\u00e9sima, horrible, m\u00e1s encima aislada y peligrosa\u201d.<\/p>\n<p>A juicio de Claudio Montecinos, este hecho demuestra que en general como sociedad no estamos preparados para enfrentar este problema de la gran cantidad de perros abandonados que existen.<\/p>\n<p>\u201cSi existe este caso, no existe institucionalidad alguna que responda a esa necesidad. A la hora que estaban estos perros envenenados, era la hora de entrada a clases, por lo que al menos 400 ni\u00f1os vieron ese espect\u00e1culo y lo consideran normal\u201d, expres\u00f3.<\/p>\n<p>Claudio Montecinos present\u00f3 la denuncia ante la PDI por el envenenamiento de estos perros, adjuntando el certificado del m\u00e9dico veterinario, que informa las causas del deceso.<\/p>\n<p>Diario El Trabajo intent\u00f3 gestionar en la municipalidad alguna entrevista donde se pronunciaran sobre este hecho, no obstante se indic\u00f3 que no se manejaban los antecedentes, en tanto escuetamente se dijo que se est\u00e1 trabajando en una ordenanza sobre tenencia responsable de mascotas.<\/p>\n","protected":false},"excerpt":{"rendered":"<p>Impacto gener\u00f3 entre los muchos transe\u00fantes que circulaban por las calles c\u00e9ntricas de San Felipe en la ma\u00f1ana de ayer, el envenenamiento de al menos cuatro perros vagos. Fue el vecino de&#8230;<\/p>\n","protected":false},"author":482,"featured_media":37692,"comment_status":"open","ping_status":"closed","sticky":false,"template":"","format":"standard","meta":{"advanced_seo_description":"","jetpack_seo_html_title":"","jetpack_seo_noindex":false,"_jetpack_memberships_contains_paid_content":false,"footnotes":""},"categories":[15],"tags":[],"class_list":["post-37691","post","type-post","status-publish","format-standard","has-post-thumbnail","hentry","category-comunidad"],"jetpack_featured_media_url":"https:\/\/i0.wp.com\/eltrabajo.cl\/portal\/wp-content\/uploads\/2013\/09\/perro.jpg?fit=529%2C397&ssl=1","jetpack_sharing_enabled":true,"jetpack_likes_enabled":true,"jetpack-related-posts":[],"_links":{"self":[{"href":"https:\/\/eltrabajo.cl\/portal\/wp-json\/wp\/v2\/posts\/37691","targetHints":{"allow":["GET"]}}],"collection":[{"href":"https:\/\/eltrabajo.cl\/portal\/wp-json\/wp\/v2\/posts"}],"about":[{"href":"https:\/\/eltrabajo.cl\/portal\/wp-json\/wp\/v2\/types\/post"}],"author":[{"embeddable":true,"href":"https:\/\/eltrabajo.cl\/portal\/wp-json\/wp\/v2\/users\/482"}],"replies":[{"embeddable":true,"href":"https:\/\/eltrabajo.cl\/portal\/wp-json\/wp\/v2\/comments?post=37691"}],"version-history":[{"count":0,"href":"https:\/\/eltrabajo.cl\/portal\/wp-json\/wp\/v2\/posts\/37691\/revisions"}],"wp:featuredmedia":[{"embeddable":true,"href":"https:\/\/eltrabajo.cl\/portal\/wp-json\/wp\/v2\/media\/37692"}],"wp:attachment":[{"href":"https:\/\/eltrabajo.cl\/portal\/wp-json\/wp\/v2\/media?parent=37691"}],"wp:term":[{"taxonomy":"category","embeddable":true,"href":"https:\/\/eltrabajo.cl\/portal\/wp-json\/wp\/v2\/categories?post=37691"},{"taxonomy":"post_tag","embeddable":true,"href":"https:\/\/eltrabajo.cl\/portal\/wp-json\/wp\/v2\/tags?post=37691"}],"curies":[{"name":"wp","href":"https:\/\/api.w.org\/{rel}","templated":true}]}}