{"id":37697,"date":"2013-09-06T09:46:19","date_gmt":"2013-09-06T13:46:19","guid":{"rendered":"http:\/\/www.eltrabajo.cl\/portal\/?p=37697"},"modified":"2013-09-06T09:46:19","modified_gmt":"2013-09-06T13:46:19","slug":"reclaman-a-esval-por-danos-en-viviendas-causadas-por-inundacion","status":"publish","type":"post","link":"https:\/\/eltrabajo.cl\/portal\/reclaman-a-esval-por-danos-en-viviendas-causadas-por-inundacion\/","title":{"rendered":"Reclaman a Esval por da\u00f1os en viviendas causadas por inundaci\u00f3n"},"content":{"rendered":"<figure id=\"attachment_37698\" aria-describedby=\"caption-attachment-37698\" style=\"width: 370px\" class=\"wp-caption alignleft\"><a href=\"https:\/\/i0.wp.com\/www.eltrabajo.cl\/portal\/wp-content\/uploads\/2013\/09\/selfa-antiman.jpg\"><img data-recalc-dims=\"1\" loading=\"lazy\" decoding=\"async\" class=\" wp-image-37698 \" title=\"Selfa Antim\u00e1n, vecina de Santa Mar\u00eda que se siente ultrajada por el accionar de la empresa Esval.\" alt=\"Selfa Antim\u00e1n, vecina de Santa Mar\u00eda que se siente ultrajada por el accionar de la empresa Esval.\" src=\"https:\/\/i0.wp.com\/www.eltrabajo.cl\/portal\/wp-content\/uploads\/2013\/09\/selfa-antiman.jpg?resize=370%2C342\" width=\"370\" height=\"342\" srcset=\"https:\/\/i0.wp.com\/eltrabajo.cl\/portal\/wp-content\/uploads\/2013\/09\/selfa-antiman.jpg?w=529&amp;ssl=1 529w, https:\/\/i0.wp.com\/eltrabajo.cl\/portal\/wp-content\/uploads\/2013\/09\/selfa-antiman.jpg?resize=162%2C150&amp;ssl=1 162w, https:\/\/i0.wp.com\/eltrabajo.cl\/portal\/wp-content\/uploads\/2013\/09\/selfa-antiman.jpg?resize=300%2C276&amp;ssl=1 300w, https:\/\/i0.wp.com\/eltrabajo.cl\/portal\/wp-content\/uploads\/2013\/09\/selfa-antiman.jpg?resize=150%2C138&amp;ssl=1 150w\" sizes=\"auto, (max-width: 370px) 100vw, 370px\" \/><\/a><figcaption id=\"caption-attachment-37698\" class=\"wp-caption-text\">Selfa Antim\u00e1n, vecina de Santa Mar\u00eda que se siente ultrajada por el accionar de la empresa Esval.<\/figcaption><\/figure>\n<p>En una visita realizada a nuestra Sala de Redacci\u00f3n, muy molesta con la empresa Esval dijo estar Selfa Antim\u00e1n, una vecina de Villa Los Aromos de Santa Mar\u00eda, luego que pasaran las semanas desde que arreciaron los aguaceros de invierno y tras una inundaci\u00f3n que afect\u00f3 su cada en Calle Las Encinas 135 a causa de los desperfectos en una de las c\u00e1maras comunes de Esval, su casa se inundara, caus\u00e1ndole p\u00e9rdidas econ\u00f3micas que a\u00fan no son reparadas.<\/p>\n<p>\u00abLa inundaci\u00f3n fue ya de noche, yo estaba reci\u00e9n operada y no pude reaccionar a tiempo, lo que pasa es que el agua subi\u00f3 hasta casi un metro del nivel del piso, da\u00f1\u00e1ndome varios juegos de s\u00e1banas; una aspiradora, libros y muchas cosas personales, yo estoy valorando en unos $300.000 las p\u00e9rdidas en el aspecto comercial, pero hay cosas de gran valor familiar que se destruyeron y ahora son irreparables\u00bb, dijo Antim\u00e1n a Diario El Trabajo.<\/p>\n<p>Seg\u00fan la usuaria, ella inform\u00f3 a Esval sobre el problema, pero las soluciones que esta empresa le dio, son para ella insuficientes.<\/p>\n<p>\u00abEs verdad que una empresa subcontratada por Esval lleg\u00f3 esa noche y al d\u00eda siguiente, a limpiar y desinfectar mi casa de las aguas servidas, pero si el problema fue generado por defectos y fallas en los dispositivos de Esval, entonces es la empresa la que me tiene que retribuir las p\u00e9rdidas que yo tuve en mi casa\u00bb, asegur\u00f3 la mujer. Antim\u00e1n asegura a nuestro medio que ella habl\u00f3 con Alejandro Romero y el Subgerente Zonal de Esval, Hern\u00e1n Berr\u00edos, pero que no le dan una soluci\u00f3n concreta, por lo que es por su indiferencia, que ahora est\u00e1 haciendo p\u00fablico este problema.<\/p>\n","protected":false},"excerpt":{"rendered":"<p>En una visita realizada a nuestra Sala de Redacci\u00f3n, muy molesta con la empresa Esval dijo estar Selfa Antim\u00e1n, una vecina de Villa Los Aromos de Santa Mar\u00eda, luego que pasaran las&#8230;<\/p>\n","protected":false},"author":482,"featured_media":37698,"comment_status":"open","ping_status":"closed","sticky":false,"template":"","format":"standard","meta":{"advanced_seo_description":"","jetpack_seo_html_title":"","jetpack_seo_noindex":false,"_jetpack_memberships_contains_paid_content":false,"footnotes":""},"categories":[15],"tags":[],"class_list":["post-37697","post","type-post","status-publish","format-standard","has-post-thumbnail","hentry","category-comunidad"],"jetpack_featured_media_url":"https:\/\/i0.wp.com\/eltrabajo.cl\/portal\/wp-content\/uploads\/2013\/09\/selfa-antiman.jpg?fit=529%2C488&ssl=1","jetpack_sharing_enabled":true,"jetpack_likes_enabled":true,"jetpack-related-posts":[],"_links":{"self":[{"href":"https:\/\/eltrabajo.cl\/portal\/wp-json\/wp\/v2\/posts\/37697","targetHints":{"allow":["GET"]}}],"collection":[{"href":"https:\/\/eltrabajo.cl\/portal\/wp-json\/wp\/v2\/posts"}],"about":[{"href":"https:\/\/eltrabajo.cl\/portal\/wp-json\/wp\/v2\/types\/post"}],"author":[{"embeddable":true,"href":"https:\/\/eltrabajo.cl\/portal\/wp-json\/wp\/v2\/users\/482"}],"replies":[{"embeddable":true,"href":"https:\/\/eltrabajo.cl\/portal\/wp-json\/wp\/v2\/comments?post=37697"}],"version-history":[{"count":0,"href":"https:\/\/eltrabajo.cl\/portal\/wp-json\/wp\/v2\/posts\/37697\/revisions"}],"wp:featuredmedia":[{"embeddable":true,"href":"https:\/\/eltrabajo.cl\/portal\/wp-json\/wp\/v2\/media\/37698"}],"wp:attachment":[{"href":"https:\/\/eltrabajo.cl\/portal\/wp-json\/wp\/v2\/media?parent=37697"}],"wp:term":[{"taxonomy":"category","embeddable":true,"href":"https:\/\/eltrabajo.cl\/portal\/wp-json\/wp\/v2\/categories?post=37697"},{"taxonomy":"post_tag","embeddable":true,"href":"https:\/\/eltrabajo.cl\/portal\/wp-json\/wp\/v2\/tags?post=37697"}],"curies":[{"name":"wp","href":"https:\/\/api.w.org\/{rel}","templated":true}]}}