{"id":37701,"date":"2013-09-06T09:47:26","date_gmt":"2013-09-06T13:47:26","guid":{"rendered":"http:\/\/www.eltrabajo.cl\/portal\/?p=37701"},"modified":"2013-09-06T09:47:26","modified_gmt":"2013-09-06T13:47:26","slug":"profesores-de-dos-establecimientos-de-san-felipe-adhirieron-al-paro-nacional","status":"publish","type":"post","link":"https:\/\/eltrabajo.cl\/portal\/profesores-de-dos-establecimientos-de-san-felipe-adhirieron-al-paro-nacional\/","title":{"rendered":"Profesores de dos establecimientos de San Felipe adhirieron al paro nacional"},"content":{"rendered":"<figure id=\"attachment_37702\" aria-describedby=\"caption-attachment-37702\" style=\"width: 529px\" class=\"wp-caption alignnone\"><a href=\"https:\/\/i0.wp.com\/www.eltrabajo.cl\/portal\/wp-content\/uploads\/2013\/09\/paro-profesores.jpg\"><img data-recalc-dims=\"1\" loading=\"lazy\" decoding=\"async\" class=\"size-full wp-image-37702\" title=\"Unos 30 profesores realizaron una marcha por las calles de la ciudad ayer pasado el mediod\u00eda en San Felipe, insistiendo en sus demandas de educaci\u00f3n gratuita, de calidad y mejoramiento econ\u00f3mico.\" alt=\"Unos 30 profesores realizaron una marcha por las calles de la ciudad ayer pasado el mediod\u00eda en San Felipe, insistiendo en sus demandas de educaci\u00f3n gratuita, de calidad y mejoramiento econ\u00f3mico.\" src=\"https:\/\/i0.wp.com\/www.eltrabajo.cl\/portal\/wp-content\/uploads\/2013\/09\/paro-profesores.jpg?resize=529%2C397\" width=\"529\" height=\"397\" srcset=\"https:\/\/i0.wp.com\/eltrabajo.cl\/portal\/wp-content\/uploads\/2013\/09\/paro-profesores.jpg?w=529&amp;ssl=1 529w, https:\/\/i0.wp.com\/eltrabajo.cl\/portal\/wp-content\/uploads\/2013\/09\/paro-profesores.jpg?resize=200%2C150&amp;ssl=1 200w, https:\/\/i0.wp.com\/eltrabajo.cl\/portal\/wp-content\/uploads\/2013\/09\/paro-profesores.jpg?resize=300%2C225&amp;ssl=1 300w, https:\/\/i0.wp.com\/eltrabajo.cl\/portal\/wp-content\/uploads\/2013\/09\/paro-profesores.jpg?resize=150%2C112&amp;ssl=1 150w, https:\/\/i0.wp.com\/eltrabajo.cl\/portal\/wp-content\/uploads\/2013\/09\/paro-profesores.jpg?resize=400%2C300&amp;ssl=1 400w\" sizes=\"auto, (max-width: 529px) 100vw, 529px\" \/><\/a><figcaption id=\"caption-attachment-37702\" class=\"wp-caption-text\">Unos 30 profesores realizaron una marcha por las calles de la ciudad ayer pasado el mediod\u00eda en San Felipe, insistiendo en sus demandas de educaci\u00f3n gratuita, de calidad y mejoramiento econ\u00f3mico.<\/figcaption><\/figure>\n<ul>\n<li><strong>En el resto de la provincia de San Felipe, las clases fueron normales; mientras que en la provincia de Los Andes, la comuna cabecera, adem\u00e1s de Calle Larga y San Esteban, adhirieron a la movilizaci\u00f3n.<\/strong><\/li>\n<\/ul>\n<p>El cien por ciento de los profesores de la Escuela Bernardo O\u2019Higgins, y el 55 por ciento de los docentes de la Escuela Jos\u00e9 de San Mart\u00edn, adhirieron ayer a la movilizaci\u00f3n nacional, paralizando sus actividades, lo que deriv\u00f3 en que en el primer establecimiento educacional fuesen suspendidas las clases.<\/p>\n<p>La informaci\u00f3n fue confirmada por el abogado del DAEM de San Felipe, William Galaz, quien se\u00f1al\u00f3 que \u201cen la Escuela Bernardo O\u2019Higgins, todos sus profesores participaron del paro, por lo que se tom\u00f3 la decisi\u00f3n de suspender las actividades educativas y deber\u00e1n recuperarse las clases, mientras que en la Escuela Jos\u00e9 de San Mart\u00edn, hay una adhesi\u00f3n de 55 por ciento, pero las actividades se realizaron de manera normal con el apoyo de los asistentes de la educaci\u00f3n, a los cuales desde ya agradecemos su colaboraci\u00f3n\u201d.<\/p>\n<p>En el caso de la Escuela Bernardo O\u2019Higgins, los alumnos fueron despachados a sus casas, entreg\u00e1ndoles alimentaci\u00f3n a quienes lo requer\u00edan, en tanto que no hay claridad respecto de la posibilidad de descontar el d\u00eda no trabajado a los profesores, ya que por lo pronto se eval\u00faa recuperar las clases.<\/p>\n<p>En el resto de los establecimientos las actividades fueron normales, en tanto que para el caso de la Escuela Jos\u00e9 de San Mart\u00edn, William Galaz destac\u00f3 y agradeci\u00f3 a los asistentes de la educaci\u00f3n, por el apoyo que brindaron para el trabajo de los alumnos.<\/p>\n<p>\u201cInsistimos en la colaboraci\u00f3n que en estas situaciones prestan los asistentes de la educaci\u00f3n, que no obstante hace dos d\u00edas estuvieron en paro y sin embargo de igual manera aceptaron hacerse cargo de los cursos que no ten\u00edan profesor, por encontrarse movilizados\u201d, precis\u00f3 Galaz.<\/p>\n<p><strong>MOVILIZACI\u00d3N<\/strong><\/p>\n<p>Pasado el mediod\u00eda en San Felipe, un grupo de aproximadamente 30 profesores realizaron una marcha por las calles de la ciudad, insistiendo en sus demandas de educaci\u00f3n gratuita, de calidad y un mejoramiento econ\u00f3mico para los educadores.<\/p>\n<p>A nivel de Aconcagua, el grado de adhesi\u00f3n fue relativo, ya que mientras en la provincia de San Felipe, solo los dos colegios antes mencionados paralizaron, siendo las clases normales en el resto de las comunas, en la provincia de Los Andes la adhesi\u00f3n fue bastante significativa.<\/p>\n<p>As\u00ed lo confirm\u00f3 el director provincial de Educaci\u00f3n, Mario G\u00f3mez, quien inform\u00f3 que en la vecina provincia adhirieron los profesores de Calle Larga y Los Andes, con una movilizaci\u00f3n mayoritaria de educadores, mientras que en la comuna de San Esteban adhirieron al paro dos establecimientos educacionales. En la comuna de Rinconada en tanto, no hubo adhesi\u00f3n al paro.<\/p>\n<p>&nbsp;<\/p>\n","protected":false},"excerpt":{"rendered":"<p>En el resto de la provincia de San Felipe, las clases fueron normales; mientras que en la provincia de Los Andes, la comuna cabecera, adem\u00e1s de Calle Larga y San Esteban, adhirieron&#8230;<\/p>\n","protected":false},"author":482,"featured_media":37702,"comment_status":"open","ping_status":"closed","sticky":false,"template":"","format":"standard","meta":{"advanced_seo_description":"","jetpack_seo_html_title":"","jetpack_seo_noindex":false,"_jetpack_memberships_contains_paid_content":false,"footnotes":""},"categories":[15],"tags":[],"class_list":["post-37701","post","type-post","status-publish","format-standard","has-post-thumbnail","hentry","category-comunidad"],"jetpack_featured_media_url":"https:\/\/i0.wp.com\/eltrabajo.cl\/portal\/wp-content\/uploads\/2013\/09\/paro-profesores.jpg?fit=529%2C397&ssl=1","jetpack_sharing_enabled":true,"jetpack_likes_enabled":true,"jetpack-related-posts":[],"_links":{"self":[{"href":"https:\/\/eltrabajo.cl\/portal\/wp-json\/wp\/v2\/posts\/37701","targetHints":{"allow":["GET"]}}],"collection":[{"href":"https:\/\/eltrabajo.cl\/portal\/wp-json\/wp\/v2\/posts"}],"about":[{"href":"https:\/\/eltrabajo.cl\/portal\/wp-json\/wp\/v2\/types\/post"}],"author":[{"embeddable":true,"href":"https:\/\/eltrabajo.cl\/portal\/wp-json\/wp\/v2\/users\/482"}],"replies":[{"embeddable":true,"href":"https:\/\/eltrabajo.cl\/portal\/wp-json\/wp\/v2\/comments?post=37701"}],"version-history":[{"count":0,"href":"https:\/\/eltrabajo.cl\/portal\/wp-json\/wp\/v2\/posts\/37701\/revisions"}],"wp:featuredmedia":[{"embeddable":true,"href":"https:\/\/eltrabajo.cl\/portal\/wp-json\/wp\/v2\/media\/37702"}],"wp:attachment":[{"href":"https:\/\/eltrabajo.cl\/portal\/wp-json\/wp\/v2\/media?parent=37701"}],"wp:term":[{"taxonomy":"category","embeddable":true,"href":"https:\/\/eltrabajo.cl\/portal\/wp-json\/wp\/v2\/categories?post=37701"},{"taxonomy":"post_tag","embeddable":true,"href":"https:\/\/eltrabajo.cl\/portal\/wp-json\/wp\/v2\/tags?post=37701"}],"curies":[{"name":"wp","href":"https:\/\/api.w.org\/{rel}","templated":true}]}}