{"id":37704,"date":"2013-09-06T09:54:38","date_gmt":"2013-09-06T13:54:38","guid":{"rendered":"http:\/\/www.eltrabajo.cl\/portal\/?p=37704"},"modified":"2013-09-06T09:54:49","modified_gmt":"2013-09-06T13:54:49","slug":"obispado-pide-perdon-por-abusos-cometidos-por-parroco-iglesia-andacollo","status":"publish","type":"post","link":"https:\/\/eltrabajo.cl\/portal\/obispado-pide-perdon-por-abusos-cometidos-por-parroco-iglesia-andacollo\/","title":{"rendered":"Obispado pide perd\u00f3n por abusos cometidos por P\u00e1rroco Iglesia Andacollo"},"content":{"rendered":"<figure id=\"attachment_37705\" aria-describedby=\"caption-attachment-37705\" style=\"width: 317px\" class=\"wp-caption alignleft\"><a href=\"https:\/\/i0.wp.com\/www.eltrabajo.cl\/portal\/wp-content\/uploads\/2013\/09\/presbitero-raul-inostroza.jpg\"><img data-recalc-dims=\"1\" loading=\"lazy\" decoding=\"async\" class=\" wp-image-37705 \" title=\"El Obispo impuso la pena can\u00f3nica de suspensi\u00f3n del ejercicio p\u00fablico y pastoral del ministerio sacerdotal del presb\u00edtero Ra\u00fal Inostroza Caro.\" alt=\"El Obispo impuso la pena can\u00f3nica de suspensi\u00f3n del ejercicio p\u00fablico y pastoral del ministerio sacerdotal del presb\u00edtero Ra\u00fal Inostroza Caro.\" src=\"https:\/\/i0.wp.com\/www.eltrabajo.cl\/portal\/wp-content\/uploads\/2013\/09\/presbitero-raul-inostroza.jpg?resize=317%2C179\" width=\"317\" height=\"179\" srcset=\"https:\/\/i0.wp.com\/eltrabajo.cl\/portal\/wp-content\/uploads\/2013\/09\/presbitero-raul-inostroza.jpg?w=529&amp;ssl=1 529w, https:\/\/i0.wp.com\/eltrabajo.cl\/portal\/wp-content\/uploads\/2013\/09\/presbitero-raul-inostroza.jpg?resize=200%2C112&amp;ssl=1 200w, https:\/\/i0.wp.com\/eltrabajo.cl\/portal\/wp-content\/uploads\/2013\/09\/presbitero-raul-inostroza.jpg?resize=300%2C168&amp;ssl=1 300w, https:\/\/i0.wp.com\/eltrabajo.cl\/portal\/wp-content\/uploads\/2013\/09\/presbitero-raul-inostroza.jpg?resize=150%2C84&amp;ssl=1 150w, https:\/\/i0.wp.com\/eltrabajo.cl\/portal\/wp-content\/uploads\/2013\/09\/presbitero-raul-inostroza.jpg?resize=400%2C225&amp;ssl=1 400w\" sizes=\"auto, (max-width: 317px) 100vw, 317px\" \/><\/a><figcaption id=\"caption-attachment-37705\" class=\"wp-caption-text\">El Obispo impuso la pena can\u00f3nica de suspensi\u00f3n del ejercicio p\u00fablico y pastoral del ministerio sacerdotal del presb\u00edtero Ra\u00fal Inostroza Caro.<\/figcaption><\/figure>\n<ul>\n<li><strong>Obispo impuso la pena can\u00f3nica de suspensi\u00f3n del ejercicio p\u00fablico y pastoral del ministerio sacerdotal del presb\u00edtero Inostroza Caro durante tres a\u00f1os.<\/strong><\/li>\n<\/ul>\n<p>El Obispo de Aconcagua, monse\u00f1or Cristian Contreras, pidi\u00f3 perd\u00f3n por los abusos cometidos por el ex p\u00e1rroco de la Iglesia de Andacollo, presb\u00edtero Ra\u00fal Inostroza Caro, de quien se reconoci\u00f3 su culpabilidad en actos impropios de su condici\u00f3n sacerdotal.<\/p>\n<p>Lo anterior, luego que la investigaci\u00f3n can\u00f3nica realizada en contra del religioso confirmara que abus\u00f3 de un menor de edad y de un adulto, hechos denunciados en 2011.<\/p>\n<p>En 2011, un joven de 20 a\u00f1os de edad present\u00f3 una denuncia por abuso sexual contra el p\u00e1rroco de Andacollo, declar\u00e1ndose la Fiscal\u00eda Local de San Felipe incompetente, y derivando el caso a la justicia can\u00f3nica.<\/p>\n<p>Los antecedentes entregados en la oportunidad, se\u00f1alan que el joven concurri\u00f3 a la Iglesia de Andacollo para entrevistarse con el p\u00e1rroco, asegurando que en un rito de sanaci\u00f3n, el sacerdote le pidi\u00f3 que se desnudara, haci\u00e9ndole tocaciones en sus partes \u00edntimas.<\/p>\n<p>No obstante por las caracter\u00edsticas del hecho y sin perjuicio de que no reun\u00eda las condicionantes para recibir una sanci\u00f3n desde el Derecho Penal Civil, todos los antecedentes fueron remitidos por incompetencia a la justicia can\u00f3nica.<\/p>\n<p>La ma\u00f1ana de este jueves, el Obispado de San Felipe emiti\u00f3 una declaraci\u00f3n p\u00fablica donde se comunica que tras la realizaci\u00f3n de un proceso penal administrativo contra el presb\u00edtero Julio Ra\u00fal Inostroza Caro, se ha establecido su culpabilidad de actos impropios de su condici\u00f3n sacerdotal con un menor de edad y con un adulto.<\/p>\n<p>El proceso fue instruido por el Obispo diocesano, siguiendo las indicaciones de la Congregaci\u00f3n para la Doctrina de la Fe, y durante su realizaci\u00f3n, como medida cautelar, el sacerdote permaneci\u00f3 restringido del ejercicio de su ministerio p\u00fablico.<\/p>\n<p>En virtud de los antecedentes juzgados, el Obispo impuso la pena can\u00f3nica de suspensi\u00f3n del ejercicio p\u00fablico y pastoral del ministerio sacerdotal del presb\u00edtero Inostroza Caro durante tres a\u00f1os. En este per\u00edodo podr\u00e1 celebrar privadamente la Eucarist\u00eda, pero no podr\u00e1 confesar a personas menores de 30 a\u00f1os ni tampoco tendr\u00e1 responsabilidad ni cargo pastoral alguno.<\/p>\n<p>El Obispo de San Felipe, en nombre de la Iglesia, pide perd\u00f3n a las v\u00edctimas y a sus familias por los delitos cometidos por el sacerdote. Al mismo tiempo, compromete su personal oraci\u00f3n y cercan\u00eda a todas aquellas personas que han sufrido por estas situaciones que averg\u00fcenzan a la comunidad y que nos mueven, como Iglesia, a hacer todo lo posible para sanar las heridas.<\/p>\n<p>&nbsp;<\/p>\n","protected":false},"excerpt":{"rendered":"<p>Obispo impuso la pena can\u00f3nica de suspensi\u00f3n del ejercicio p\u00fablico y pastoral del ministerio sacerdotal del presb\u00edtero Inostroza Caro durante tres a\u00f1os. El Obispo de Aconcagua, monse\u00f1or Cristian Contreras, pidi\u00f3 perd\u00f3n por&#8230;<\/p>\n","protected":false},"author":482,"featured_media":37705,"comment_status":"open","ping_status":"closed","sticky":false,"template":"","format":"standard","meta":{"advanced_seo_description":"","jetpack_seo_html_title":"","jetpack_seo_noindex":false,"_jetpack_memberships_contains_paid_content":false,"footnotes":""},"categories":[15],"tags":[],"class_list":["post-37704","post","type-post","status-publish","format-standard","has-post-thumbnail","hentry","category-comunidad"],"jetpack_featured_media_url":"https:\/\/i0.wp.com\/eltrabajo.cl\/portal\/wp-content\/uploads\/2013\/09\/presbitero-raul-inostroza.jpg?fit=529%2C298&ssl=1","jetpack_sharing_enabled":true,"jetpack_likes_enabled":true,"jetpack-related-posts":[],"_links":{"self":[{"href":"https:\/\/eltrabajo.cl\/portal\/wp-json\/wp\/v2\/posts\/37704","targetHints":{"allow":["GET"]}}],"collection":[{"href":"https:\/\/eltrabajo.cl\/portal\/wp-json\/wp\/v2\/posts"}],"about":[{"href":"https:\/\/eltrabajo.cl\/portal\/wp-json\/wp\/v2\/types\/post"}],"author":[{"embeddable":true,"href":"https:\/\/eltrabajo.cl\/portal\/wp-json\/wp\/v2\/users\/482"}],"replies":[{"embeddable":true,"href":"https:\/\/eltrabajo.cl\/portal\/wp-json\/wp\/v2\/comments?post=37704"}],"version-history":[{"count":0,"href":"https:\/\/eltrabajo.cl\/portal\/wp-json\/wp\/v2\/posts\/37704\/revisions"}],"wp:featuredmedia":[{"embeddable":true,"href":"https:\/\/eltrabajo.cl\/portal\/wp-json\/wp\/v2\/media\/37705"}],"wp:attachment":[{"href":"https:\/\/eltrabajo.cl\/portal\/wp-json\/wp\/v2\/media?parent=37704"}],"wp:term":[{"taxonomy":"category","embeddable":true,"href":"https:\/\/eltrabajo.cl\/portal\/wp-json\/wp\/v2\/categories?post=37704"},{"taxonomy":"post_tag","embeddable":true,"href":"https:\/\/eltrabajo.cl\/portal\/wp-json\/wp\/v2\/tags?post=37704"}],"curies":[{"name":"wp","href":"https:\/\/api.w.org\/{rel}","templated":true}]}}