{"id":37707,"date":"2013-09-06T09:49:55","date_gmt":"2013-09-06T13:49:55","guid":{"rendered":"http:\/\/www.eltrabajo.cl\/portal\/?p=37707"},"modified":"2013-09-06T09:49:55","modified_gmt":"2013-09-06T13:49:55","slug":"municipio-instala-carteles-en-el-centro-prohibiendo-lavar-autos-en-la-via-publica","status":"publish","type":"post","link":"https:\/\/eltrabajo.cl\/portal\/municipio-instala-carteles-en-el-centro-prohibiendo-lavar-autos-en-la-via-publica\/","title":{"rendered":"Municipio instala carteles en el centro prohibiendo lavar autos en la v\u00eda p\u00fablica"},"content":{"rendered":"<figure id=\"attachment_37708\" aria-describedby=\"caption-attachment-37708\" style=\"width: 529px\" class=\"wp-caption alignnone\"><a href=\"https:\/\/i0.wp.com\/www.eltrabajo.cl\/portal\/wp-content\/uploads\/2013\/09\/cartel.jpg\"><img data-recalc-dims=\"1\" loading=\"lazy\" decoding=\"async\" class=\"size-full wp-image-37708\" title=\"Esta semana la Municipalidad de San Felipe comenz\u00f3 a instalar en la Plaza de Armas, letreros donde se proh\u00edbe el lavado de autos en la v\u00eda p\u00fablica. Tambi\u00e9n se planea multar a los automovilistas que transgredan la medida.\" alt=\"Esta semana la Municipalidad de San Felipe comenz\u00f3 a instalar en la Plaza de Armas, letreros donde se proh\u00edbe el lavado de autos en la v\u00eda p\u00fablica. Tambi\u00e9n se planea multar a los automovilistas que transgredan la medida.\" src=\"https:\/\/i0.wp.com\/www.eltrabajo.cl\/portal\/wp-content\/uploads\/2013\/09\/cartel.jpg?resize=529%2C355\" width=\"529\" height=\"355\" srcset=\"https:\/\/i0.wp.com\/eltrabajo.cl\/portal\/wp-content\/uploads\/2013\/09\/cartel.jpg?w=529&amp;ssl=1 529w, https:\/\/i0.wp.com\/eltrabajo.cl\/portal\/wp-content\/uploads\/2013\/09\/cartel.jpg?resize=200%2C134&amp;ssl=1 200w, https:\/\/i0.wp.com\/eltrabajo.cl\/portal\/wp-content\/uploads\/2013\/09\/cartel.jpg?resize=300%2C201&amp;ssl=1 300w, https:\/\/i0.wp.com\/eltrabajo.cl\/portal\/wp-content\/uploads\/2013\/09\/cartel.jpg?resize=150%2C100&amp;ssl=1 150w, https:\/\/i0.wp.com\/eltrabajo.cl\/portal\/wp-content\/uploads\/2013\/09\/cartel.jpg?resize=400%2C268&amp;ssl=1 400w\" sizes=\"auto, (max-width: 529px) 100vw, 529px\" \/><\/a><figcaption id=\"caption-attachment-37708\" class=\"wp-caption-text\">Esta semana la Municipalidad de San Felipe comenz\u00f3 a instalar en la Plaza de Armas, letreros donde se proh\u00edbe el lavado de autos en la v\u00eda p\u00fablica. Tambi\u00e9n se planea multar a los automovilistas que transgredan la medida.<\/figcaption><\/figure>\n<ul>\n<li><strong>Comenzar\u00e1 a sacar infracciones a los due\u00f1os del veh\u00edculo que pida lavar el auto para evitar que se realice la acci\u00f3n.<\/strong><\/li>\n<\/ul>\n<p>Esta semana la Municipalidad de San Felipe comenz\u00f3 a instalar en la Plaza de Armas, letreros donde se proh\u00edbe el lavado de autos en la v\u00eda p\u00fablica.<\/p>\n<p>Esta situaci\u00f3n hab\u00eda sido planteada por la comunidad al municipio, debido al mal aspecto que da el agua y el detergente que escurre todo el d\u00eda por la calle, a lo que se suma la normativa que proh\u00edbe realizar esa acci\u00f3n en la v\u00eda p\u00fablica.<\/p>\n<p>Seg\u00fan explic\u00f3 el Alcalde Patricio Freire, para evitar que se contin\u00fae realizando esta acci\u00f3n en el sector c\u00e9ntrico de San Felipe, se comenzar\u00e1 con un proceso de marcha blanca, multando a los conductores que dejen su veh\u00edculo para que sea lavado por las personas que se dedican a esto en las cuatro arterias que rodean la plaza.<\/p>\n<p>\u201cEsto es un clamor de la ciudad de San Felipe, nuestra comuna no quiere que se laven autos en la plaza y vamos a ver una f\u00f3rmula para la gente que lava los autos. Las multas van a ser para los due\u00f1os de los veh\u00edculos, as\u00ed que se van a encontrar con una desagradable situaci\u00f3n cuando saquen su patente, porque en ese momento va a aparecer la multa\u201d, asever\u00f3 el jefe comunal.<\/p>\n<p>El Alcalde se\u00f1al\u00f3 que el costo de la infracci\u00f3n podr\u00eda llegar a 1 UTM, la que aparecer\u00e1 cuando el due\u00f1o del veh\u00edculo saque su patente; por ello el llamado es a no realizar esta acci\u00f3n en el sector c\u00e9ntrico, ya que da muy mal aspecto a la comuna, y especialmente al principal paseo peatonal de San Felipe.<\/p>\n<p>\u201cVamos a hacer un proceso de marcha blanca y vamos a difundir el tema, para que tengan precauci\u00f3n los automovilistas y no se encuentren con la sorpresa de tener un parte por lavar el auto en la v\u00eda p\u00fablica\u201d, enfatiz\u00f3 el jefe comunal.<\/p>\n<p>&nbsp;<\/p>\n","protected":false},"excerpt":{"rendered":"<p>Comenzar\u00e1 a sacar infracciones a los due\u00f1os del veh\u00edculo que pida lavar el auto para evitar que se realice la acci\u00f3n. Esta semana la Municipalidad de San Felipe comenz\u00f3 a instalar en&#8230;<\/p>\n","protected":false},"author":482,"featured_media":37708,"comment_status":"open","ping_status":"closed","sticky":false,"template":"","format":"standard","meta":{"advanced_seo_description":"","jetpack_seo_html_title":"","jetpack_seo_noindex":false,"_jetpack_memberships_contains_paid_content":false,"footnotes":""},"categories":[15],"tags":[],"class_list":["post-37707","post","type-post","status-publish","format-standard","has-post-thumbnail","hentry","category-comunidad"],"jetpack_featured_media_url":"https:\/\/i0.wp.com\/eltrabajo.cl\/portal\/wp-content\/uploads\/2013\/09\/cartel.jpg?fit=529%2C355&ssl=1","jetpack_sharing_enabled":true,"jetpack_likes_enabled":true,"jetpack-related-posts":[],"_links":{"self":[{"href":"https:\/\/eltrabajo.cl\/portal\/wp-json\/wp\/v2\/posts\/37707","targetHints":{"allow":["GET"]}}],"collection":[{"href":"https:\/\/eltrabajo.cl\/portal\/wp-json\/wp\/v2\/posts"}],"about":[{"href":"https:\/\/eltrabajo.cl\/portal\/wp-json\/wp\/v2\/types\/post"}],"author":[{"embeddable":true,"href":"https:\/\/eltrabajo.cl\/portal\/wp-json\/wp\/v2\/users\/482"}],"replies":[{"embeddable":true,"href":"https:\/\/eltrabajo.cl\/portal\/wp-json\/wp\/v2\/comments?post=37707"}],"version-history":[{"count":0,"href":"https:\/\/eltrabajo.cl\/portal\/wp-json\/wp\/v2\/posts\/37707\/revisions"}],"wp:featuredmedia":[{"embeddable":true,"href":"https:\/\/eltrabajo.cl\/portal\/wp-json\/wp\/v2\/media\/37708"}],"wp:attachment":[{"href":"https:\/\/eltrabajo.cl\/portal\/wp-json\/wp\/v2\/media?parent=37707"}],"wp:term":[{"taxonomy":"category","embeddable":true,"href":"https:\/\/eltrabajo.cl\/portal\/wp-json\/wp\/v2\/categories?post=37707"},{"taxonomy":"post_tag","embeddable":true,"href":"https:\/\/eltrabajo.cl\/portal\/wp-json\/wp\/v2\/tags?post=37707"}],"curies":[{"name":"wp","href":"https:\/\/api.w.org\/{rel}","templated":true}]}}