{"id":37713,"date":"2013-09-06T09:53:47","date_gmt":"2013-09-06T13:53:47","guid":{"rendered":"http:\/\/www.eltrabajo.cl\/portal\/?p=37713"},"modified":"2013-09-06T09:53:47","modified_gmt":"2013-09-06T13:53:47","slug":"a-sus-101-anos-fallece-en-tierras-blancas-el-gato-vergara","status":"publish","type":"post","link":"https:\/\/eltrabajo.cl\/portal\/a-sus-101-anos-fallece-en-tierras-blancas-el-gato-vergara\/","title":{"rendered":"A sus 101 a\u00f1os fallece en Tierras Blancas \u2018El Gato\u2019 Vergara"},"content":{"rendered":"<figure id=\"attachment_37714\" aria-describedby=\"caption-attachment-37714\" style=\"width: 381px\" class=\"wp-caption alignleft\"><a href=\"https:\/\/i0.wp.com\/www.eltrabajo.cl\/portal\/wp-content\/uploads\/2013\/09\/gato-vergara1.jpg\"><img data-recalc-dims=\"1\" loading=\"lazy\" decoding=\"async\" class=\" wp-image-37714  \" title=\"Olivia Vergara es una de las hijas que cuid\u00f3 del \u2018Gato\u2019 hasta sus \u00faltimos d\u00edas, actitud que aplaudimos hoy en Diario El Trabajo.\" alt=\"Olivia Vergara es una de las hijas que cuid\u00f3 del \u2018Gato\u2019 hasta sus \u00faltimos d\u00edas, actitud que aplaudimos hoy en Diario El Trabajo.\" src=\"https:\/\/i0.wp.com\/www.eltrabajo.cl\/portal\/wp-content\/uploads\/2013\/09\/gato-vergara1.jpg?resize=381%2C346\" width=\"381\" height=\"346\" srcset=\"https:\/\/i0.wp.com\/eltrabajo.cl\/portal\/wp-content\/uploads\/2013\/09\/gato-vergara1.jpg?w=529&amp;ssl=1 529w, https:\/\/i0.wp.com\/eltrabajo.cl\/portal\/wp-content\/uploads\/2013\/09\/gato-vergara1.jpg?resize=165%2C150&amp;ssl=1 165w, https:\/\/i0.wp.com\/eltrabajo.cl\/portal\/wp-content\/uploads\/2013\/09\/gato-vergara1.jpg?resize=300%2C272&amp;ssl=1 300w, https:\/\/i0.wp.com\/eltrabajo.cl\/portal\/wp-content\/uploads\/2013\/09\/gato-vergara1.jpg?resize=150%2C136&amp;ssl=1 150w, https:\/\/i0.wp.com\/eltrabajo.cl\/portal\/wp-content\/uploads\/2013\/09\/gato-vergara1.jpg?resize=400%2C362&amp;ssl=1 400w\" sizes=\"auto, (max-width: 381px) 100vw, 381px\" \/><\/a><figcaption id=\"caption-attachment-37714\" class=\"wp-caption-text\">Olivia Vergara es una de las hijas que cuid\u00f3 del \u2018Gato\u2019 hasta sus \u00faltimos d\u00edas, actitud que aplaudimos hoy en Diario El Trabajo.<\/figcaption><\/figure>\n<p>La luz de alegr\u00eda que iluminaba la humilde casita en la que \u00e9l y sus hijas viv\u00edan en Tierras Blancas, y de la que en Diario El Trabajo dimos cuenta cuando Juan Segundo Vergara Ramos cuando \u00e9l cumpli\u00f3 sus 100 a\u00f1os, dej\u00f3 de brillar la tarde de este mi\u00e9rcoles. \u2018El Gato\u2019 fue reportado como nacido el domingo 1\u00ba de setiembre de 1912 en Tierras Blancas de San Felipe, pero se sobreentiende que en aquellos a\u00f1os a los ni\u00f1os se les reportaba ante el Registro Civil como a los ocho a\u00f1os.<\/p>\n<p>El hombre, a quien desde joven le gust\u00f3 tomar su copita de vino, falleci\u00f3 este mi\u00e9rcoles en su casa de habitaci\u00f3n, luego que una fuerte neumon\u00eda lo afect\u00f3 fulminantemente. \u2018El Gato\u2019 viv\u00eda con sus hijas Mar\u00eda Isabel y Olivia Vergara, quienes lo cuidaban permanentemente a fin de que \u00e9l la pasara tranquilo, caliente y bien alimentado.<\/p>\n<p>Este abuelo centenario, quien muere a sus 101 a\u00f1os, ser\u00e1 sepultado hoy viernes a las 16:00 horas en el cementerio de Santa Mar\u00eda, no sin antes celebrarse una Misa por su alma en la capilla de Tierras Blancas a las 15:00 horas.<\/p>\n<p>Diario El Trabajo visit\u00f3 a su familia la noche del mismo mi\u00e9rcoles a fin de presentar nuestro Sentido P\u00e9same a sus familiares, y ahora de manera p\u00fablica ofrecemos esta rese\u00f1a informativa en honor a la vida justa y pac\u00edfica que este insigne sanfelipe\u00f1o supo llevar mientras viaj\u00f3 con nosotros en esta conquistable aventura llamada Vida.<\/p>\n<p>Roberto Gonz\u00e1lez Short<\/p>\n<p>rgonzalez@eltrabajo.cl<\/p>\n<p>&nbsp;<\/p>\n","protected":false},"excerpt":{"rendered":"<p>La luz de alegr\u00eda que iluminaba la humilde casita en la que \u00e9l y sus hijas viv\u00edan en Tierras Blancas, y de la que en Diario El Trabajo dimos cuenta cuando Juan&#8230;<\/p>\n","protected":false},"author":482,"featured_media":37714,"comment_status":"open","ping_status":"closed","sticky":false,"template":"","format":"standard","meta":{"advanced_seo_description":"","jetpack_seo_html_title":"","jetpack_seo_noindex":false,"_jetpack_memberships_contains_paid_content":false,"footnotes":""},"categories":[15],"tags":[],"class_list":["post-37713","post","type-post","status-publish","format-standard","has-post-thumbnail","hentry","category-comunidad"],"jetpack_featured_media_url":"https:\/\/i0.wp.com\/eltrabajo.cl\/portal\/wp-content\/uploads\/2013\/09\/gato-vergara1.jpg?fit=529%2C480&ssl=1","jetpack_sharing_enabled":true,"jetpack_likes_enabled":true,"jetpack-related-posts":[],"_links":{"self":[{"href":"https:\/\/eltrabajo.cl\/portal\/wp-json\/wp\/v2\/posts\/37713","targetHints":{"allow":["GET"]}}],"collection":[{"href":"https:\/\/eltrabajo.cl\/portal\/wp-json\/wp\/v2\/posts"}],"about":[{"href":"https:\/\/eltrabajo.cl\/portal\/wp-json\/wp\/v2\/types\/post"}],"author":[{"embeddable":true,"href":"https:\/\/eltrabajo.cl\/portal\/wp-json\/wp\/v2\/users\/482"}],"replies":[{"embeddable":true,"href":"https:\/\/eltrabajo.cl\/portal\/wp-json\/wp\/v2\/comments?post=37713"}],"version-history":[{"count":0,"href":"https:\/\/eltrabajo.cl\/portal\/wp-json\/wp\/v2\/posts\/37713\/revisions"}],"wp:featuredmedia":[{"embeddable":true,"href":"https:\/\/eltrabajo.cl\/portal\/wp-json\/wp\/v2\/media\/37714"}],"wp:attachment":[{"href":"https:\/\/eltrabajo.cl\/portal\/wp-json\/wp\/v2\/media?parent=37713"}],"wp:term":[{"taxonomy":"category","embeddable":true,"href":"https:\/\/eltrabajo.cl\/portal\/wp-json\/wp\/v2\/categories?post=37713"},{"taxonomy":"post_tag","embeddable":true,"href":"https:\/\/eltrabajo.cl\/portal\/wp-json\/wp\/v2\/tags?post=37713"}],"curies":[{"name":"wp","href":"https:\/\/api.w.org\/{rel}","templated":true}]}}