{"id":37759,"date":"2013-09-09T10:15:44","date_gmt":"2013-09-09T13:15:44","guid":{"rendered":"http:\/\/www.eltrabajo.cl\/portal\/?p=37759"},"modified":"2013-09-09T10:15:44","modified_gmt":"2013-09-09T13:15:44","slug":"en-curico-encuentran-helicoptero-robado-desde-el-aerodromo-victor-lafon","status":"publish","type":"post","link":"https:\/\/eltrabajo.cl\/portal\/en-curico-encuentran-helicoptero-robado-desde-el-aerodromo-victor-lafon\/","title":{"rendered":"En Curic\u00f3 encuentran helic\u00f3ptero robado desde el Aer\u00f3dromo V\u00edctor Laf\u00f3n"},"content":{"rendered":"<figure id=\"attachment_37760\" aria-describedby=\"caption-attachment-37760\" style=\"width: 422px\" class=\"wp-caption alignleft\"><a href=\"https:\/\/i0.wp.com\/www.eltrabajo.cl\/portal\/wp-content\/uploads\/2013\/09\/helicoptero-en-fundo-la-mosqueta.jpg\"><img data-recalc-dims=\"1\" loading=\"lazy\" decoding=\"async\" class=\" wp-image-37760 \" title=\"En el Fundo La Mosqueta del sector Los Niches, en Curic\u00f3, fue encontrado el helic\u00f3ptero de la empresa Flight Service.\" alt=\"En el Fundo La Mosqueta del sector Los Niches, en Curic\u00f3, fue encontrado el helic\u00f3ptero de la empresa Flight Service.\" src=\"https:\/\/i0.wp.com\/www.eltrabajo.cl\/portal\/wp-content\/uploads\/2013\/09\/helicoptero-en-fundo-la-mosqueta.jpg?resize=422%2C318\" width=\"422\" height=\"318\" srcset=\"https:\/\/i0.wp.com\/eltrabajo.cl\/portal\/wp-content\/uploads\/2013\/09\/helicoptero-en-fundo-la-mosqueta.jpg?w=528&amp;ssl=1 528w, https:\/\/i0.wp.com\/eltrabajo.cl\/portal\/wp-content\/uploads\/2013\/09\/helicoptero-en-fundo-la-mosqueta.jpg?resize=200%2C150&amp;ssl=1 200w, https:\/\/i0.wp.com\/eltrabajo.cl\/portal\/wp-content\/uploads\/2013\/09\/helicoptero-en-fundo-la-mosqueta.jpg?resize=300%2C225&amp;ssl=1 300w, https:\/\/i0.wp.com\/eltrabajo.cl\/portal\/wp-content\/uploads\/2013\/09\/helicoptero-en-fundo-la-mosqueta.jpg?resize=150%2C112&amp;ssl=1 150w, https:\/\/i0.wp.com\/eltrabajo.cl\/portal\/wp-content\/uploads\/2013\/09\/helicoptero-en-fundo-la-mosqueta.jpg?resize=400%2C300&amp;ssl=1 400w\" sizes=\"auto, (max-width: 422px) 100vw, 422px\" \/><\/a><figcaption id=\"caption-attachment-37760\" class=\"wp-caption-text\">En el Fundo La Mosqueta del sector Los Niches, en Curic\u00f3, fue encontrado el helic\u00f3ptero de la empresa Flight Service.<\/figcaption><\/figure>\n<p>En el fundo La Mosqueta, del sector Los Niches, en Curic\u00f3, VII Regi\u00f3n, fue encontrado la ma\u00f1ana del viernes el helic\u00f3ptero modelo Bell Ranger, de la empresa Flight Service, que un sujeto identificado como Jordi Ser\u00f3n sustrajo desde el Aer\u00f3dromo V\u00edctor Laf\u00f3n de San Felipe. El Fiscal Jefe de Curic\u00f3, Miguel Gajardo, quien se constituy\u00f3 en el lugar, dispuso que peritos del Laboratorio de Criminal\u00edstica de la PDI se trasladaran a la zona para realizar los peritajes que permitan establecer bajo qu\u00e9 circunstancias la aeronave lleg\u00f3 hasta este sector.<\/p>\n<p>\u00abSeg\u00fan los antecedentes que se reunieron en el lugar, la persona que pilotaba el helic\u00f3ptero tendr\u00eda una vinculaci\u00f3n de amistad con el hijo de la due\u00f1a del predio y le hab\u00eda solicitado el jueves, alrededor de las 13:00 horas, autorizaci\u00f3n para posarse en dicho predio, situaci\u00f3n que ya habr\u00eda ocurrido en oportunidades anteriores, y que lo trasladaran hasta la Carretera 5 Sur, donde tomar\u00eda locomoci\u00f3n para dirigirse esta persona hasta Santiago. Ahora trabajamos en torno a la identidad de la persona que pilotaba el helic\u00f3ptero y saber si tienen alguna vinculaci\u00f3n con la empresa y lo que lo motiv\u00f3 a sustraer este helic\u00f3ptero aparentemente sin la autorizaci\u00f3n de los propietarios\u00bb, afirm\u00f3 el Fiscal Gajardo. Todos los antecedentes ser\u00e1n remitidos a la Fiscal\u00eda de San Felipe a manos del Fiscal Eduardo Fajardo.<\/p>\n<p>&nbsp;<\/p>\n<p><strong>AS\u00cd OCURRI\u00d3<\/strong><\/p>\n<p>Como se recuerda, el hecho se registr\u00f3 la ma\u00f1ana del jueves, cuando Juan Andr\u00e9s Romero, piloto de la empresa Flight Service, lleg\u00f3 hasta el Aer\u00f3dromo V\u00edctor Laf\u00f3n para realizar un vuelo comercial, correspondiente a un grupo de ingenieros que supuestamente quer\u00edan viajar desde San Felipe a la zona cordillerana del Aconcagua. El piloto entonces, fue abordado por Alfonso Rodrigo Valenzuela Herrera, quien lleg\u00f3 en un autom\u00f3vil Porsche, quien le se\u00f1al\u00f3 que los pasajeros se tardar\u00edan, por lo que le invit\u00f3 a tomar un caf\u00e9 al centro de San Felipe, mientras esperaban su llegada.<\/p>\n<p>Fue a eso del mediod\u00eda que Romero recibi\u00f3 un mensaje por WhatsApp, donde un ex empleado de la empresa Flight Service, identificado como Jordi Ser\u00f3n, le se\u00f1ala que \u2018lo jodi\u00f3\u2019 y le adjunta una fotograf\u00eda de \u00e9l, haciendo un gesto obsceno con la mano empu\u00f1ada y el dedo medio levantado. Inmediatamente Romero se dirigi\u00f3 al aer\u00f3dromo, donde ya no estaba el helic\u00f3ptero, por lo que acudi\u00f3 a Carabineros de la Segunda Comisar\u00eda, a realizar la denuncia. El helic\u00f3ptero est\u00e1 avaluado en 1.200 millones de pesos, y hasta el cierre de esta nota, nada se sab\u00eda del paradero del sujeto que lo sustrajo desde el aer\u00f3dromo V\u00edctor Laf\u00f3n.<\/p>\n<p>&nbsp;<\/p>\n","protected":false},"excerpt":{"rendered":"<p>En el fundo La Mosqueta, del sector Los Niches, en Curic\u00f3, VII Regi\u00f3n, fue encontrado la ma\u00f1ana del viernes el helic\u00f3ptero modelo Bell Ranger, de la empresa Flight Service, que un sujeto&#8230;<\/p>\n","protected":false},"author":482,"featured_media":37760,"comment_status":"open","ping_status":"closed","sticky":false,"template":"","format":"standard","meta":{"advanced_seo_description":"","jetpack_seo_html_title":"","jetpack_seo_noindex":false,"_jetpack_memberships_contains_paid_content":false,"footnotes":""},"categories":[21],"tags":[],"class_list":["post-37759","post","type-post","status-publish","format-standard","has-post-thumbnail","hentry","category-policial"],"jetpack_featured_media_url":"https:\/\/i0.wp.com\/eltrabajo.cl\/portal\/wp-content\/uploads\/2013\/09\/helicoptero-en-fundo-la-mosqueta.jpg?fit=528%2C397&ssl=1","jetpack_sharing_enabled":true,"jetpack_likes_enabled":true,"jetpack-related-posts":[],"_links":{"self":[{"href":"https:\/\/eltrabajo.cl\/portal\/wp-json\/wp\/v2\/posts\/37759","targetHints":{"allow":["GET"]}}],"collection":[{"href":"https:\/\/eltrabajo.cl\/portal\/wp-json\/wp\/v2\/posts"}],"about":[{"href":"https:\/\/eltrabajo.cl\/portal\/wp-json\/wp\/v2\/types\/post"}],"author":[{"embeddable":true,"href":"https:\/\/eltrabajo.cl\/portal\/wp-json\/wp\/v2\/users\/482"}],"replies":[{"embeddable":true,"href":"https:\/\/eltrabajo.cl\/portal\/wp-json\/wp\/v2\/comments?post=37759"}],"version-history":[{"count":0,"href":"https:\/\/eltrabajo.cl\/portal\/wp-json\/wp\/v2\/posts\/37759\/revisions"}],"wp:featuredmedia":[{"embeddable":true,"href":"https:\/\/eltrabajo.cl\/portal\/wp-json\/wp\/v2\/media\/37760"}],"wp:attachment":[{"href":"https:\/\/eltrabajo.cl\/portal\/wp-json\/wp\/v2\/media?parent=37759"}],"wp:term":[{"taxonomy":"category","embeddable":true,"href":"https:\/\/eltrabajo.cl\/portal\/wp-json\/wp\/v2\/categories?post=37759"},{"taxonomy":"post_tag","embeddable":true,"href":"https:\/\/eltrabajo.cl\/portal\/wp-json\/wp\/v2\/tags?post=37759"}],"curies":[{"name":"wp","href":"https:\/\/api.w.org\/{rel}","templated":true}]}}