{"id":37777,"date":"2013-09-10T10:03:22","date_gmt":"2013-09-10T13:03:22","guid":{"rendered":"http:\/\/www.eltrabajo.cl\/portal\/?p=37777"},"modified":"2013-09-10T10:03:22","modified_gmt":"2013-09-10T13:03:22","slug":"bomberos-de-mejillones-dona-millonaria-implementacion-a-7a-compania","status":"publish","type":"post","link":"https:\/\/eltrabajo.cl\/portal\/bomberos-de-mejillones-dona-millonaria-implementacion-a-7a-compania\/","title":{"rendered":"Bomberos de Mejillones dona millonaria implementaci\u00f3n a 7\u00aa Compa\u00f1\u00eda"},"content":{"rendered":"<figure id=\"attachment_37778\" aria-describedby=\"caption-attachment-37778\" style=\"width: 528px\" class=\"wp-caption alignnone\"><a href=\"https:\/\/i0.wp.com\/www.eltrabajo.cl\/portal\/wp-content\/uploads\/2013\/09\/bomberos1.jpg\"><img data-recalc-dims=\"1\" loading=\"lazy\" decoding=\"async\" class=\"size-full wp-image-37778\" title=\"Valorados en m\u00e1s de $1.500.000, los implementos a Bomberos de la poblaci\u00f3n 21 de Mayo fue entregada a los uniformados la tarde de este lunes en El Asiento.\" alt=\"Valorados en m\u00e1s de $1.500.000, los implementos a Bomberos de la poblaci\u00f3n 21 de Mayo fue entregada a los uniformados la tarde de este lunes en El Asiento.\" src=\"https:\/\/i0.wp.com\/www.eltrabajo.cl\/portal\/wp-content\/uploads\/2013\/09\/bomberos1.jpg?resize=528%2C390\" width=\"528\" height=\"390\" srcset=\"https:\/\/i0.wp.com\/eltrabajo.cl\/portal\/wp-content\/uploads\/2013\/09\/bomberos1.jpg?w=528&amp;ssl=1 528w, https:\/\/i0.wp.com\/eltrabajo.cl\/portal\/wp-content\/uploads\/2013\/09\/bomberos1.jpg?resize=200%2C147&amp;ssl=1 200w, https:\/\/i0.wp.com\/eltrabajo.cl\/portal\/wp-content\/uploads\/2013\/09\/bomberos1.jpg?resize=300%2C221&amp;ssl=1 300w, https:\/\/i0.wp.com\/eltrabajo.cl\/portal\/wp-content\/uploads\/2013\/09\/bomberos1.jpg?resize=150%2C110&amp;ssl=1 150w, https:\/\/i0.wp.com\/eltrabajo.cl\/portal\/wp-content\/uploads\/2013\/09\/bomberos1.jpg?resize=400%2C295&amp;ssl=1 400w\" sizes=\"auto, (max-width: 528px) 100vw, 528px\" \/><\/a><figcaption id=\"caption-attachment-37778\" class=\"wp-caption-text\">Valorados en m\u00e1s de $1.500.000, los implementos a Bomberos de la poblaci\u00f3n 21 de Mayo fue entregada a los uniformados la tarde de este lunes en El Asiento.<\/figcaption><\/figure>\n<p>Luego que una nueva unidad para Bomberos de la poblaci\u00f3n 21 de Mayo llegara hasta la 7\u00aa Compa\u00f1\u00eda de Bomberos, en ese sector de nuestra provincia y como es la tradici\u00f3n, los Caballeros del Fuego optaron por nombrar a siete damas de las poblaciones vecinas a fin de que ellas ostenten el status de \u2018Madrinas\u2019 del carro-bomba.<\/p>\n<p>Una vez dicho esto, en Diario El Trabajo disponemos hoy el dar la buena noticia sobre lo que una de estas madrinas est\u00e1 haciendo por Bomberos de la 21 de Mayo, hablamos de Karen Olmedo, una vecina de El Asiento llena de amor por los uniformados y la incansable lucha de estos 34 bomberos.<\/p>\n<p>Se trata de una donaci\u00f3n que Olmedo logr\u00f3 coordinar con la Junta Vecinal de El Asiento y Bomberos de la comuna de Mejillones, Antofagasta, y que se compone de al menos catorce equipos normados para los apaga incendios de nuestra 7\u00aa Compa\u00f1\u00eda.<\/p>\n<p>\u00abCada equipo normado cuenta con par de botas; casco reglamentario; chaqueta y jardinera, as\u00ed como los arneses para operar, este equipo cuenta tambi\u00e9n con implementos para trabajar con incendios forestales, esta campa\u00f1a para apoyar a nuestros bomberos apenas empieza, en los siguientes meses estaremos con otras iniciativas a favor de ellos\u00bb, coment\u00f3 a Diario El Trabajo la bella \u2018Madrina\u2019 bomberil, Karen Olmedo.<\/p>\n<p>Por su parte el Capit\u00e1n de la 7\u00aa Compa\u00f1\u00eda, Gilberto Olivares, explic\u00f3 a nuestro medio que \u00abpara nosotros es gratificante esta donaci\u00f3n de material, somos la Compa\u00f1\u00eda m\u00e1s nueve de la provincia y toda esta implementaci\u00f3n nos llega en el momento m\u00e1s oportuno, este equipo ser\u00e1 usado por los cadetes y futuros bomberos de la Compa\u00f1\u00eda, estamos muy agradecidos a los colegas de Mejillones, pues gracias a este regalo ahora estaremos m\u00e1s reforzados en lo que a vestimenta y equipo se refiere\u00bb, coment\u00f3 el Capit\u00e1n Olivares.<\/p>\n<p>Es importante destacar los esfuerzos realizados por el Alcalde de Mejillones y el Presidente de la Junta Vecinal de El Asiento, Luis Ortiz.<\/p>\n<p>\u00abEs muy bueno para todos nosotros ac\u00e1 en El Asiento, porque no hay que olvidar que en Bellavista, Algarrobal y todas estas poblaciones cercanas a la 21 de Mayo, nos vemos favorecidos con el accionar de la 7\u00aa Compa\u00f1\u00eda de Bomberos de la 21 de Mayo, es una dicha la llegada de estos implementos bomberiles\u00bb, se\u00f1al\u00f3 Ortiz a Diario El Trabajo.<\/p>\n<p>Roberto Gonz\u00e1lez Short<\/p>\n<p>rgonzalez@eltrabajo.cl<\/p>\n<p>&nbsp;<\/p>\n","protected":false},"excerpt":{"rendered":"<p>Luego que una nueva unidad para Bomberos de la poblaci\u00f3n 21 de Mayo llegara hasta la 7\u00aa Compa\u00f1\u00eda de Bomberos, en ese sector de nuestra provincia y como es la tradici\u00f3n, los&#8230;<\/p>\n","protected":false},"author":482,"featured_media":37778,"comment_status":"open","ping_status":"closed","sticky":false,"template":"","format":"standard","meta":{"advanced_seo_description":"","jetpack_seo_html_title":"","jetpack_seo_noindex":false,"_jetpack_memberships_contains_paid_content":false,"footnotes":""},"categories":[15],"tags":[],"class_list":["post-37777","post","type-post","status-publish","format-standard","has-post-thumbnail","hentry","category-comunidad"],"jetpack_featured_media_url":"https:\/\/i0.wp.com\/eltrabajo.cl\/portal\/wp-content\/uploads\/2013\/09\/bomberos1.jpg?fit=528%2C390&ssl=1","jetpack_sharing_enabled":true,"jetpack_likes_enabled":true,"jetpack-related-posts":[],"_links":{"self":[{"href":"https:\/\/eltrabajo.cl\/portal\/wp-json\/wp\/v2\/posts\/37777","targetHints":{"allow":["GET"]}}],"collection":[{"href":"https:\/\/eltrabajo.cl\/portal\/wp-json\/wp\/v2\/posts"}],"about":[{"href":"https:\/\/eltrabajo.cl\/portal\/wp-json\/wp\/v2\/types\/post"}],"author":[{"embeddable":true,"href":"https:\/\/eltrabajo.cl\/portal\/wp-json\/wp\/v2\/users\/482"}],"replies":[{"embeddable":true,"href":"https:\/\/eltrabajo.cl\/portal\/wp-json\/wp\/v2\/comments?post=37777"}],"version-history":[{"count":0,"href":"https:\/\/eltrabajo.cl\/portal\/wp-json\/wp\/v2\/posts\/37777\/revisions"}],"wp:featuredmedia":[{"embeddable":true,"href":"https:\/\/eltrabajo.cl\/portal\/wp-json\/wp\/v2\/media\/37778"}],"wp:attachment":[{"href":"https:\/\/eltrabajo.cl\/portal\/wp-json\/wp\/v2\/media?parent=37777"}],"wp:term":[{"taxonomy":"category","embeddable":true,"href":"https:\/\/eltrabajo.cl\/portal\/wp-json\/wp\/v2\/categories?post=37777"},{"taxonomy":"post_tag","embeddable":true,"href":"https:\/\/eltrabajo.cl\/portal\/wp-json\/wp\/v2\/tags?post=37777"}],"curies":[{"name":"wp","href":"https:\/\/api.w.org\/{rel}","templated":true}]}}