{"id":37780,"date":"2013-09-10T10:05:10","date_gmt":"2013-09-10T13:05:10","guid":{"rendered":"http:\/\/www.eltrabajo.cl\/portal\/?p=37780"},"modified":"2013-09-10T10:05:10","modified_gmt":"2013-09-10T13:05:10","slug":"a-40-anos-la-historia-de-los-fusilados-de-las-coimas-aun-sigue-en-el-olvido","status":"publish","type":"post","link":"https:\/\/eltrabajo.cl\/portal\/a-40-anos-la-historia-de-los-fusilados-de-las-coimas-aun-sigue-en-el-olvido\/","title":{"rendered":"A 40 a\u00f1os, la historia de los fusilados de Las Coimas a\u00fan sigue en el olvido"},"content":{"rendered":"<figure id=\"attachment_37781\" aria-describedby=\"caption-attachment-37781\" style=\"width: 529px\" class=\"wp-caption alignnone\"><a href=\"https:\/\/i0.wp.com\/www.eltrabajo.cl\/portal\/wp-content\/uploads\/2013\/09\/lugar-fusilamiento.jpg\"><img data-recalc-dims=\"1\" loading=\"lazy\" decoding=\"async\" class=\"size-full wp-image-37781\" title=\"En este lugar habr\u00eda tenido lugar el fusilamiento de los seis miembros del Partido Comunista de la comuna de Cabildo.\" alt=\"En este lugar habr\u00eda tenido lugar el fusilamiento de los seis miembros del Partido Comunista de la comuna de Cabildo.\" src=\"https:\/\/i0.wp.com\/www.eltrabajo.cl\/portal\/wp-content\/uploads\/2013\/09\/lugar-fusilamiento.jpg?resize=529%2C353\" width=\"529\" height=\"353\" srcset=\"https:\/\/i0.wp.com\/eltrabajo.cl\/portal\/wp-content\/uploads\/2013\/09\/lugar-fusilamiento.jpg?w=529&amp;ssl=1 529w, https:\/\/i0.wp.com\/eltrabajo.cl\/portal\/wp-content\/uploads\/2013\/09\/lugar-fusilamiento.jpg?resize=200%2C133&amp;ssl=1 200w, https:\/\/i0.wp.com\/eltrabajo.cl\/portal\/wp-content\/uploads\/2013\/09\/lugar-fusilamiento.jpg?resize=300%2C200&amp;ssl=1 300w, https:\/\/i0.wp.com\/eltrabajo.cl\/portal\/wp-content\/uploads\/2013\/09\/lugar-fusilamiento.jpg?resize=150%2C100&amp;ssl=1 150w, https:\/\/i0.wp.com\/eltrabajo.cl\/portal\/wp-content\/uploads\/2013\/09\/lugar-fusilamiento.jpg?resize=400%2C266&amp;ssl=1 400w\" sizes=\"auto, (max-width: 529px) 100vw, 529px\" \/><\/a><figcaption id=\"caption-attachment-37781\" class=\"wp-caption-text\">En este lugar habr\u00eda tenido lugar el fusilamiento de los seis miembros del Partido Comunista de la comuna de Cabildo.<\/figcaption><\/figure>\n<p><strong>PUTAENDO.-<\/strong> Al acercarse una fecha tan sensible como es el 11 de septiembre y a 40 a\u00f1os de este fat\u00eddico momento para la historia de Chile, el fusilamiento de seis militantes del Partido Comunista de Cabildo, ocurrido en el sector Las Coimas, a\u00fan permanece pr\u00e1cticamente en el olvido y desconocimiento de muchos.<\/p>\n<p>El 11 de octubre del a\u00f1o 1973, personal del Ej\u00e9rcito acribill\u00f3 a seis militantes del Partido Comunista que eran transportados desde la c\u00e1rcel de San Felipe a la c\u00e1rcel de Putaendo, destino al cual no llegaron.<\/p>\n<p>Seg\u00fan los antecedentes proporcionados por el Informe Rettig, el jefe de la zona en estado de sitio de la Provincia de Aconcagua y comandante del regimiento de infanter\u00eda N\u00b03 Yungay, estas seis personas fueron ejecutadas cuando intentaron huir y agredieron a un suboficial que viajaba en la camioneta del ej\u00e9rcito que los trasladaba desde San Felipe hacia Putaendo. En esa versi\u00f3n, se indic\u00f3 que a todos se les hab\u00eda comprobado participaci\u00f3n directa en la organizaci\u00f3n terrorista del sector minero de Cabildo, habiendo sido detenidos en un \u201coperativo\u201d donde se les fue encontrada gran cantidad de armas y explosivos.<\/p>\n<p>Los antecedentes reunidos por la Comisi\u00f3n Rettig sobre las circunstancias de la detenci\u00f3n de las v\u00edctimas desmienten la versi\u00f3n oficial, ya que ninguno de los hogares de los fusilados fue allanado en busca de armas ni tampoco existi\u00f3 un operativo militar en sus lugares de trabajo donde alguna de ellas (las v\u00edctimas) fueron detenidas en forma pac\u00edfica y a la vista de otros trabajadores.<\/p>\n<p>La misma comisi\u00f3n determin\u00f3 que presentadas estas muertes como producto de un intento de fuga, no pod\u00edan aceptar esta explicaci\u00f3n, atendidas principalmente las siguientes circunstancias.<\/p>\n<p>1) Resulta inveros\u00edmil que el \u00fanico modo de evitar la fuga haya sido dar muerte inmediata a todos los afectados que iban desarmados y bajo fuerte vigilancia militar.<\/p>\n<p>2) El entonces jefe del Servicio de Salud San Felipe, que fue quien orden\u00f3 practicar las autopsias y devolver los cuerpos a sus familiares, fue informado por el m\u00e9dico legista de aquel entonces que los cuerpos registraban m\u00faltiples impactos de bala, muchos de los cuales no eran mortales, y tambi\u00e9n heridas corto-punzantes, cuya existencia no tuvo explicaci\u00f3n razonable, informaci\u00f3n que est\u00e1 corroborada en los mismos certificados de defunci\u00f3n.<\/p>\n<p>En m\u00e9rito de lo anterior, el Informe Rettig determin\u00f3 en forma oficial: \u201cPor tanto, a esta comisi\u00f3n le asiste la convicci\u00f3n absoluta que Mario Alvarado Araya, Faruc Aguad P\u00e9rez, Wilfredo S\u00e1nchez Silva, Artemio Pizarro Aranda, Pedro Araya Araya y Jos\u00e9 Fierro Fierro fueron v\u00edctimas de violaci\u00f3n a sus derechos humanos, de responsabilidad de agentes del Estado, quienes los ejecutaron al margen de todo debido proceso\u201d.<\/p>\n<p>Los seis fusilados eran conocidos vecinos de la comuna de Cabildo y pese a todos estos a\u00f1os, en su momento existi\u00f3 una peque\u00f1a animita en el lugar donde fueron ejecutados, pero para muchas generaciones esta historia pr\u00e1cticamente ha quedado en el olvido.<\/p>\n<p>Faruc Jimmi Aguad P\u00e9rez: 26 a\u00f1os, empleado de la Sociedad Abastecedora de la Miner\u00eda, encargado electoral y de propaganda del Partido Comunista local, detenido en su lugar de trabajo, en presencia de otros trabajadores el d\u00eda 8 de octubre de 1973 por Carabineros de Cabildo.<\/p>\n<p>Mario Alvarado Araya: 34 a\u00f1os, alcalde de Cabildo, quien hab\u00eda sido detenido por primera vez el 17 de septiembre, recuperando prontamente su libertad, sin que se le formulara cargo alguno. A principios de octubre fue obligado por la autoridad militar a retractarse p\u00fablicamente de su militancia, en la Municipalidad de Cabildo y ante m\u00faltiples testigos. Su segunda detenci\u00f3n se produjo el 8 de octubre, en su domicilio y fue practicada por Carabineros de Cabildo.<\/p>\n<p>Wilfredo Ram\u00f3n S\u00e1nchez Silva: 28 a\u00f1os, empleado de la Sociedad Abastecedora de la Miner\u00eda de Cabildo, fue detenido en su lugar de trabajo el mismo d\u00eda y en las mismas circunstancias que Farud Aguad.<\/p>\n<p>Artemio Pizarro Aranda: 37 a\u00f1os, tambi\u00e9n empleado de SADEMI. Fue detenido en el mismo lugar y por los mismos agentes aprehensores el d\u00eda 09 de octubre.<\/p>\n<p>Pedro Abel Araya Araya: 27 a\u00f1os, interventor de la mina La Patagua, fue detenido por primera vez el 11 de septiembre, siendo liberado sin cargos una semana despu\u00e9s. Su segunda detenci\u00f3n se produjo tambi\u00e9n el 9 de octubre, al presentarse voluntariamente a la Comisar\u00eda de Cabildo a ra\u00edz de una citaci\u00f3n dejada en su domicilio por funcionarios de esa unidad policial.<\/p>\n<p>Jos\u00e9 Armando Fierro Fierro: 24 a\u00f1os, tambi\u00e9n empleado de SADEMI, fue detenido el 9 \u00f3 10 de octubre en Cabildo, por Carabineros de esa comuna.<\/p>\n<p>Por esta causa fueron procesados los ex miembros del ej\u00e9rcito Ra\u00fal Navarro Quintana, H\u00e9ctor Orozco Sep\u00falveda, Milton N\u00fa\u00f1ez Hidalgo y Rodrigo Retamal Mart\u00ednez, quienes posteriormente fueron absueltos de los cargos que se les imputaban.<\/p>\n<p>Patricio Gallardo M.<\/p>\n<p>&nbsp;<\/p>\n","protected":false},"excerpt":{"rendered":"<p>PUTAENDO.- Al acercarse una fecha tan sensible como es el 11 de septiembre y a 40 a\u00f1os de este fat\u00eddico momento para la historia de Chile, el fusilamiento de seis militantes del&#8230;<\/p>\n","protected":false},"author":482,"featured_media":37781,"comment_status":"open","ping_status":"closed","sticky":false,"template":"","format":"standard","meta":{"advanced_seo_description":"","jetpack_seo_html_title":"","jetpack_seo_noindex":false,"_jetpack_memberships_contains_paid_content":false,"footnotes":""},"categories":[15],"tags":[],"class_list":["post-37780","post","type-post","status-publish","format-standard","has-post-thumbnail","hentry","category-comunidad"],"jetpack_featured_media_url":"https:\/\/i0.wp.com\/eltrabajo.cl\/portal\/wp-content\/uploads\/2013\/09\/lugar-fusilamiento.jpg?fit=529%2C353&ssl=1","jetpack_sharing_enabled":true,"jetpack_likes_enabled":true,"jetpack-related-posts":[],"_links":{"self":[{"href":"https:\/\/eltrabajo.cl\/portal\/wp-json\/wp\/v2\/posts\/37780","targetHints":{"allow":["GET"]}}],"collection":[{"href":"https:\/\/eltrabajo.cl\/portal\/wp-json\/wp\/v2\/posts"}],"about":[{"href":"https:\/\/eltrabajo.cl\/portal\/wp-json\/wp\/v2\/types\/post"}],"author":[{"embeddable":true,"href":"https:\/\/eltrabajo.cl\/portal\/wp-json\/wp\/v2\/users\/482"}],"replies":[{"embeddable":true,"href":"https:\/\/eltrabajo.cl\/portal\/wp-json\/wp\/v2\/comments?post=37780"}],"version-history":[{"count":0,"href":"https:\/\/eltrabajo.cl\/portal\/wp-json\/wp\/v2\/posts\/37780\/revisions"}],"wp:featuredmedia":[{"embeddable":true,"href":"https:\/\/eltrabajo.cl\/portal\/wp-json\/wp\/v2\/media\/37781"}],"wp:attachment":[{"href":"https:\/\/eltrabajo.cl\/portal\/wp-json\/wp\/v2\/media?parent=37780"}],"wp:term":[{"taxonomy":"category","embeddable":true,"href":"https:\/\/eltrabajo.cl\/portal\/wp-json\/wp\/v2\/categories?post=37780"},{"taxonomy":"post_tag","embeddable":true,"href":"https:\/\/eltrabajo.cl\/portal\/wp-json\/wp\/v2\/tags?post=37780"}],"curies":[{"name":"wp","href":"https:\/\/api.w.org\/{rel}","templated":true}]}}