{"id":37783,"date":"2013-09-10T10:06:24","date_gmt":"2013-09-10T13:06:24","guid":{"rendered":"http:\/\/www.eltrabajo.cl\/portal\/?p=37783"},"modified":"2013-09-10T10:06:24","modified_gmt":"2013-09-10T13:06:24","slug":"indignacion-por-irregular-poda-de-palmeras-en-calle-riquelme","status":"publish","type":"post","link":"https:\/\/eltrabajo.cl\/portal\/indignacion-por-irregular-poda-de-palmeras-en-calle-riquelme\/","title":{"rendered":"Indignaci\u00f3n por irregular poda de palmeras en Calle Riquelme"},"content":{"rendered":"<figure id=\"attachment_37784\" aria-describedby=\"caption-attachment-37784\" style=\"width: 370px\" class=\"wp-caption alignleft\"><a href=\"https:\/\/i0.wp.com\/www.eltrabajo.cl\/portal\/wp-content\/uploads\/2013\/09\/palmeras.jpg\"><img data-recalc-dims=\"1\" loading=\"lazy\" decoding=\"async\" class=\"wp-image-37784 \" title=\"Totalmente desproporcionada es la poda realizada por funcionarios de Chilquinta.\" alt=\"Totalmente desproporcionada es la poda realizada por funcionarios de Chilquinta.\" src=\"https:\/\/i0.wp.com\/www.eltrabajo.cl\/portal\/wp-content\/uploads\/2013\/09\/palmeras.jpg?resize=370%2C278\" width=\"370\" height=\"278\" srcset=\"https:\/\/i0.wp.com\/eltrabajo.cl\/portal\/wp-content\/uploads\/2013\/09\/palmeras.jpg?w=529&amp;ssl=1 529w, https:\/\/i0.wp.com\/eltrabajo.cl\/portal\/wp-content\/uploads\/2013\/09\/palmeras.jpg?resize=200%2C150&amp;ssl=1 200w, https:\/\/i0.wp.com\/eltrabajo.cl\/portal\/wp-content\/uploads\/2013\/09\/palmeras.jpg?resize=300%2C225&amp;ssl=1 300w, https:\/\/i0.wp.com\/eltrabajo.cl\/portal\/wp-content\/uploads\/2013\/09\/palmeras.jpg?resize=150%2C112&amp;ssl=1 150w, https:\/\/i0.wp.com\/eltrabajo.cl\/portal\/wp-content\/uploads\/2013\/09\/palmeras.jpg?resize=400%2C300&amp;ssl=1 400w\" sizes=\"auto, (max-width: 370px) 100vw, 370px\" \/><\/a><figcaption id=\"caption-attachment-37784\" class=\"wp-caption-text\">Totalmente desproporcionada es la poda realizada por funcionarios de Chilquinta.<\/figcaption><\/figure>\n<p>Indignado se mostr\u00f3 el candidato a consejero regional Rolando Stevenson, por la verdadera mutilaci\u00f3n que sufrieron las palmeras ubicadas en el peque\u00f1o bandej\u00f3n de la calle Riquelme, por parte de la empresa Chilquinta.<\/p>\n<p>Si bien es absolutamente comprensible la preocupaci\u00f3n de la entidad privada, en cuanto a resguardar el tendido el\u00e9ctrico, disponiendo la poda de estas especies arb\u00f3reas, lo cierto es que la acci\u00f3n es absolutamente cuestionable, ya que la corona se cort\u00f3 desproporcionadamente, lo que seg\u00fan explic\u00f3 el aspirante a Core, atenta contra el crecimiento normal de la palmera.<\/p>\n<p>\u201cEl pasado viernes lleg\u00f3 a la calle Riquelme un equipo m\u00f3vil telesc\u00f3pico de Chilquinta, a cortar las ramas de las palmeras que est\u00e1n afectando el tendido el\u00e9ctrico. Es una situaci\u00f3n natural, pero la forma en que se hizo es totalmente depredadora con respecto a la naturaleza. Cortaron la mitad de las ramas que dan hacia los cables de tensi\u00f3n y la otra parte la dejaron sin ninguna poda\u201d, se\u00f1al\u00f3 Stevenson.<\/p>\n<p>Explic\u00f3 que esta acci\u00f3n produce un contrapeso para la parte bot\u00e1nica de las palmeras, lo que a su juicio deber\u00eda ser mayormente regulado por el municipio.<\/p>\n<p>Lo anterior porque seg\u00fan explic\u00f3, en San Felipe no existe una ordenanza que regule la poda de \u00e1rboles, a diferencia de lo que ocurre en Los Andes donde entr\u00f3 en vigencia un cuerpo normado, que ha permitido avanzar en este tema.<\/p>\n<p>\u201cHay que hacer una ordenanza que regule las condiciones que tiene Chilquinta para hacer este trabajo. En el caso de Los Andes tienen una ordenanza que sacaron hace tres a\u00f1os, que obliga a Chilquinta a entregar informaci\u00f3n al departamento respectivo, de aseo y ornato o medio ambiente, fijando las condiciones de c\u00f3mo deben hacerse este tipo de podas y trabajos, estableciendo que no pueden depredar el medio ambiente y la naturaleza\u201d, asegur\u00f3 Stevenson.<\/p>\n<p>Agreg\u00f3 que \u201cdesgraciadamente aqu\u00ed no existe esa disposici\u00f3n, que en su oportunidad Chilquinta la reclam\u00f3 ante la Corte y la perdi\u00f3, por lo que eso tiene total y absoluta vigencia, en el caso de Los Andes\u201d.<\/p>\n<p>Finalmente Stevenson manifest\u00f3 que esta es una situaci\u00f3n que afecta a una avenida que es tradicional en San Felipe, como es Riquelme, que constituye adem\u00e1s un \u00e1rea patrimonial de la ciudad.<\/p>\n<p>&nbsp;<\/p>\n","protected":false},"excerpt":{"rendered":"<p>Indignado se mostr\u00f3 el candidato a consejero regional Rolando Stevenson, por la verdadera mutilaci\u00f3n que sufrieron las palmeras ubicadas en el peque\u00f1o bandej\u00f3n de la calle Riquelme, por parte de la empresa&#8230;<\/p>\n","protected":false},"author":482,"featured_media":37784,"comment_status":"open","ping_status":"closed","sticky":false,"template":"","format":"standard","meta":{"advanced_seo_description":"","jetpack_seo_html_title":"","jetpack_seo_noindex":false,"_jetpack_memberships_contains_paid_content":false,"footnotes":""},"categories":[15],"tags":[],"class_list":["post-37783","post","type-post","status-publish","format-standard","has-post-thumbnail","hentry","category-comunidad"],"jetpack_featured_media_url":"https:\/\/i0.wp.com\/eltrabajo.cl\/portal\/wp-content\/uploads\/2013\/09\/palmeras.jpg?fit=529%2C397&ssl=1","jetpack_sharing_enabled":true,"jetpack_likes_enabled":true,"jetpack-related-posts":[],"_links":{"self":[{"href":"https:\/\/eltrabajo.cl\/portal\/wp-json\/wp\/v2\/posts\/37783","targetHints":{"allow":["GET"]}}],"collection":[{"href":"https:\/\/eltrabajo.cl\/portal\/wp-json\/wp\/v2\/posts"}],"about":[{"href":"https:\/\/eltrabajo.cl\/portal\/wp-json\/wp\/v2\/types\/post"}],"author":[{"embeddable":true,"href":"https:\/\/eltrabajo.cl\/portal\/wp-json\/wp\/v2\/users\/482"}],"replies":[{"embeddable":true,"href":"https:\/\/eltrabajo.cl\/portal\/wp-json\/wp\/v2\/comments?post=37783"}],"version-history":[{"count":0,"href":"https:\/\/eltrabajo.cl\/portal\/wp-json\/wp\/v2\/posts\/37783\/revisions"}],"wp:featuredmedia":[{"embeddable":true,"href":"https:\/\/eltrabajo.cl\/portal\/wp-json\/wp\/v2\/media\/37784"}],"wp:attachment":[{"href":"https:\/\/eltrabajo.cl\/portal\/wp-json\/wp\/v2\/media?parent=37783"}],"wp:term":[{"taxonomy":"category","embeddable":true,"href":"https:\/\/eltrabajo.cl\/portal\/wp-json\/wp\/v2\/categories?post=37783"},{"taxonomy":"post_tag","embeddable":true,"href":"https:\/\/eltrabajo.cl\/portal\/wp-json\/wp\/v2\/tags?post=37783"}],"curies":[{"name":"wp","href":"https:\/\/api.w.org\/{rel}","templated":true}]}}